{"id":104899,"date":"2023-03-12T12:34:22","date_gmt":"2023-03-12T15:34:22","guid":{"rendered":"https:\/\/grandepremio.com\/br\/noticias\/fabio-di-giannantonio-reclama-brita-insana-portimao-melhor-correr-monaco\/"},"modified":"2023-03-12T12:38:47","modified_gmt":"2023-03-12T15:38:47","slug":"fabio-di-giannantonio-reclama-brita-insana-portimao-melhor-correr-monaco","status":"publish","type":"post","link":"https:\/\/grandepremio.com\/br\/motogp\/fabio-di-giannantonio-reclama-brita-insana-portimao-melhor-correr-monaco\/","title":{"rendered":"Di Giannantonio reclama de brita \u201cinsana\u201d de Portim\u00e3o e diz: \u201cMelhor correr em M\u00f4naco!\u201d"},"content":{"rendered":"\n<p class=\"wp-block-paragraph\"><strong>Fabio Di Giannantonio <\/strong>classificou como \u201cinsana\u201d a <strong>brita <\/strong>utilizada no circuito de <strong>Portim\u00e3o<\/strong>. Diagnosticado com uma <strong>concuss\u00e3o <\/strong>ap\u00f3s uma queda no s\u00e1bado (11), o italiano foi impedido de participar do segundo dia de testes da pr\u00e9-temporada e avaliou que, se \u00e9 para seguir correndo em uma pista que utiliza pedras \u201crealmente grandes\u201d, melhor correr em <strong>M\u00f4naco<\/strong>, j\u00e1 que \u201co risco \u00e9 o mesmo\u201d.<\/p>\n\n\n\n<p class=\"wp-block-paragraph\"><a href=\"https:\/\/www.grandepremio.com\/br\/motogp\/noticias\/francesco-bagnaia-implode-tempo-luca-marini-fim-comanda-dia-1-testes-portimao\/\" class=\"ek-link\">Di Giannantonio sofreu um low-side na curva 7 quando simulava uma corrida <strong>sprint<\/strong><\/a>. O que parecia uma queda simples, por\u00e9m, ganhou contornos mais graves quando ele chegou \u00e0 \u00e1rea de escape. O titular da <strong>Gresini <\/strong>acabou sofrendo um forte impacto na cabe\u00e7a e precisou ser levado a hospital para passar por exames.<\/p>\n\n\n\n<figure class=\"wp-block-image size-large\"><img decoding=\"async\" src=\"https:\/\/www.grandepremio.com\/br\/wp-content\/uploads\/2023\/03\/MotoGP-2023-Portugal-Portimao-Gresini-Fabio-Di-Giannantonio-820x1024.jpeg\" alt=\"\" class=\"wp-image-660574\"\/><figcaption>Fabio Di Giannantonio foi barrado no segundo dia de testes em Portim\u00e3o (Foto: Reprodu\u00e7\u00e3o)<\/figcaption><\/figure>\n\n\n\n<p class=\"wp-block-paragraph\"><strong>\u25b6\ufe0f&nbsp;Inscreva-se nos dois canais do GRANDE PR\u00caMIO no YouTube:&nbsp;<a href=\"https:\/\/www.youtube.com\/channel\/UC9OlHEgxoaY6QY6nWPoiqQg?sub_confirmation=1\" target=\"_blank\" rel=\"noreferrer noopener\">GP<\/a>&nbsp;|&nbsp;<a href=\"https:\/\/www.youtube.com\/channel\/UC9csiS6q_C3C0FYhyr1rnFA?sub_confirmation=1\" target=\"_blank\" rel=\"noreferrer noopener\">GP2<\/a><\/strong><br><strong>\u25b6\ufe0f&nbsp;<a href=\"https:\/\/www.twitch.tv\/grandepremio\" target=\"_blank\" rel=\"noreferrer noopener\">Conhe\u00e7a o canal do GRANDE PR\u00caMIO na Twitch clicando aqui!<\/a><\/strong><\/p>\n\n\n\n<p class=\"wp-block-paragraph\">\u201cOntem foi uma grande, mas, no geral, estou at\u00e9 que ok. Acho que poderia pilotar hoje, mas o m\u00e9dico disse que era melhor esperar um pouco, pois tive uma concuss\u00e3o\u201d, contou Di Giannantonio. \u201c\u00c9 uma pena, pois o dia estava indo realmente bem e eu estava me sentindo \u00f3timo com a moto, como em Sepang e em Val\u00eancia\u201d, seguiu.<\/p>\n\n\n\n<p class=\"wp-block-paragraph\">A irrita\u00e7\u00e3o maior de Fabio, por\u00e9m, \u00e9 com o circuito, j\u00e1 que ele entende que o acidente n\u00e3o teria tanta gravidade se a brita fosse diferente.<\/p>\n\n\n\n<p class=\"wp-block-paragraph\">\u201c\u00c9 uma pena tamb\u00e9m porque, honestamente, foi s\u00f3 uma queda low-side, mas a brita \u00e9 insana. Todo ano n\u00f3s reclamamos da brita, pois s\u00e3o pedras realmente grandes. E quando voc\u00ea bate nelas, \u00e9 mais doloroso do que bater no asfalto\u201d, comparou. \u201cEu estava s\u00f3 escorregando no asfalto, mas, quando cheguei na brita, foi como uma explos\u00e3o. E quando a minha cabe\u00e7a bateu na brita, \u2018desconectei\u2019 completamente. Se voc\u00ea ver o capacete, \u00e9 inacredit\u00e1vel. Nunca vi algo assim\u201d, relatou.<\/p>\n\n\n\n<p class=\"wp-block-paragraph\">O #49 revelou que pediu \u00e0 <strong>Gresini <\/strong>para apresentar uma queixa formal, j\u00e1 que os pedidos dos pilotos n\u00e3o t\u00eam sido suficientes para resultar em mudan\u00e7as.<\/p>\n\n\n\n<p class=\"wp-block-paragraph\">\u201cPedi a minha equipe para dizer algo, pois damos tanta aten\u00e7\u00e3o a coisas como equipamentos de seguran\u00e7a dos pilotos, a [tinta] spray das zebras e linhas na lateral do circuito, ent\u00e3o acho que precisa existir uma [melhor] orienta\u00e7\u00e3o [para a brita]\u201d, defendeu. \u201cPois, assim, \u00e9 como bater no muro. O que eu estava dizendo \u00e9 que, se \u00e9 para correr assim, melhor correr em M\u00f4naco! \u00c9 mais espet\u00e1culo e o risco \u00e9 o mesmo\u201d, disparou.<\/p>\n\n\n\n<figure class=\"wp-block-embed is-type-rich is-provider-twitter wp-block-embed-twitter\"><div class=\"wp-block-embed__wrapper\">\n<blockquote class=\"twitter-tweet\" data-width=\"500\" data-dnt=\"true\"><p lang=\"en\" dir=\"ltr\">Big crash yesturday for <a href=\"https:\/\/x.com\/FabioDiggia49?ref_src=twsrc%5Etfw\">@FabioDiggia49<\/a> . Lowside that turned sever cause of the pebbels or rocks around the track. Rider ended with concussion. This is the helmet <a href=\"https:\/\/t.co\/DjTwam96xG\">pic.twitter.com\/DjTwam96xG<\/a><\/p>&mdash; Tammy Gorali (@tammygorali) <a href=\"https:\/\/x.com\/tammygorali\/status\/1634900286690013186?ref_src=twsrc%5Etfw\">March 12, 2023<\/a><\/blockquote><script async src=\"https:\/\/platform.x.com\/widgets.js\" charset=\"utf-8\"><\/script>\n<\/div><\/figure>\n\n\n\n<p class=\"wp-block-paragraph\">\u201cN\u00f3s pedimos a eles para mudarem a brita h\u00e1 muitos, muitos anos e, nesses dias de testes, eles mudaram apenas na curva 1, mas n\u00e3o no resto do circuito. Todo ano eles dizem \u2018sim, vamos fazer alguma coisa\u2019. N\u00f3s pilotos, mas tamb\u00e9m a dire\u00e7\u00e3o de prova e o pessoal est\u00e3o pedindo ao circuito para fazer algo, mas parece que n\u00e3o fazem\u201d, criticou.<\/p>\n\n\n\n<p class=\"wp-block-paragraph\">Fabio explicou, ainda, que o acidente o deixou tonto, com a vis\u00e3o emba\u00e7ada e com n\u00e1usea.<\/p>\n\n\n\n<p class=\"wp-block-paragraph\">\u201cHonestamente, foi grande. Mas a queda come\u00e7ou como uma queda normal, ent\u00e3o perder um dia de testes e de tr\u00eas a quatro dias de treino em casa s\u00f3 por causa de brita me deixa muito irritado\u201d, comentou.<\/p>\n\n\n\n<p class=\"wp-block-paragraph\">Mesmo chateado por ficar de fora, Di Giannantonio entendeu a posi\u00e7\u00e3o dos m\u00e9dicos, mas torceu para que a postura seja a mesma para todos os competidores.<\/p>\n\n\n\n<p class=\"wp-block-paragraph\">\u201cO principal \u00e9 estar ok fisicamente. Vamos torcer para que seja sempre assim, pois no passado vimos muitos pilotos pilotando um dia depois de cirurgia ou algo assim\u201d, encerrou.<\/p>\n\n\n\n<figure class=\"wp-block-embed is-type-video is-provider-youtube wp-block-embed-youtube wp-embed-aspect-16-9 wp-has-aspect-ratio\"><div class=\"wp-block-embed__wrapper\">\n<iframe loading=\"lazy\" title=\"MAIS TRABALHO = MAIS DINHEIRO? N\u00c3O NA MOTOGP DAS CORRIDAS SPRINT | GP \u00e0s 10\" width=\"500\" height=\"281\" src=\"https:\/\/www.youtube.com\/embed\/D4LoKIpeDSQ?feature=oembed\" frameborder=\"0\" allow=\"accelerometer; autoplay; clipboard-write; encrypted-media; gyroscope; picture-in-picture; web-share\" referrerpolicy=\"strict-origin-when-cross-origin\" allowfullscreen><\/iframe>\n<\/div><figcaption>MAIS TRABALHO = MAIS DINHEIRO? N\u00c3O NA MOTOGP DAS CORRIDAS SPRINT | GP \u00e0s 10<\/figcaption><\/figure>\n","protected":false},"excerpt":{"rendered":"<p>Barrado do segundo dia de testes em Portugal por casa de um tombo na curva 7, o titular da Gresini reclamou do tamanho das pedras usadas na brita do tra\u00e7ado portugu\u00eas. O italiano apontou que os pilotos t\u00eam pedido h\u00e1 anos pela substitui\u00e7\u00e3o<\/p>\n","protected":false},"author":0,"featured_media":1000660685,"comment_status":"closed","ping_status":"closed","sticky":false,"template":"","format":"standard","meta":{"42wp_featured_image_caption":"","42wp_featured_image_credits":"","42wp_featured_video":"","42wp_featured_image_hidden":false,"42wp_authors_list":[],"footnotes":""},"categories":[8],"tags":[5214,2276,28285,3504,2140,79,78,27538,33202,33200,33201,25819,29345,28766,33203,26690,13160,1107],"42wp_author":[47113],"class_list":["post-104899","post","type-post","status-publish","format-standard","has-post-thumbnail","hentry","category-motogp","tag-classificacao-motogp","tag-fabio-di-giannantonio","tag-grandepremio","tag-gresini","tag-monaco","tag-moto-gp","tag-motogp","tag-motogp-2023","tag-motogp-2023-calendario","tag-motogp-calendario-2023","tag-motogp-classificacao-2023","tag-motogp-hoje","tag-motogp-horario","tag-motogp-standings","tag-onde-assistir-motogp-2023","tag-pilotos-motogp","tag-portimao","tag-portugal","42wp_author-juliana-tesser"],"_links":{"self":[{"href":"https:\/\/grandepremio.com\/br\/wp-json\/wp\/v2\/posts\/104899","targetHints":{"allow":["GET"]}}],"collection":[{"href":"https:\/\/grandepremio.com\/br\/wp-json\/wp\/v2\/posts"}],"about":[{"href":"https:\/\/grandepremio.com\/br\/wp-json\/wp\/v2\/types\/post"}],"replies":[{"embeddable":true,"href":"https:\/\/grandepremio.com\/br\/wp-json\/wp\/v2\/comments?post=104899"}],"version-history":[{"count":0,"href":"https:\/\/grandepremio.com\/br\/wp-json\/wp\/v2\/posts\/104899\/revisions"}],"wp:featuredmedia":[{"embeddable":true,"href":"https:\/\/grandepremio.com\/br\/wp-json\/wp\/v2\/media\/1000660685"}],"wp:attachment":[{"href":"https:\/\/grandepremio.com\/br\/wp-json\/wp\/v2\/media?parent=104899"}],"wp:term":[{"taxonomy":"category","embeddable":true,"href":"https:\/\/grandepremio.com\/br\/wp-json\/wp\/v2\/categories?post=104899"},{"taxonomy":"post_tag","embeddable":true,"href":"https:\/\/grandepremio.com\/br\/wp-json\/wp\/v2\/tags?post=104899"},{"taxonomy":"42wp_author","embeddable":true,"href":"https:\/\/grandepremio.com\/br\/wp-json\/wp\/v2\/42wp_author?post=104899"}],"curies":[{"name":"wp","href":"https:\/\/api.w.org\/{rel}","templated":true}]}}