{"id":104901,"date":"2023-03-12T11:47:33","date_gmt":"2023-03-12T14:47:33","guid":{"rendered":"https:\/\/grandepremio.com\/br\/noticias\/francesco-bagnaia-elogia-desenvolvimento-nova-ducati-comecando-amar-mais-cada-volta\/"},"modified":"2023-03-12T12:25:57","modified_gmt":"2023-03-12T15:25:57","slug":"francesco-bagnaia-elogia-desenvolvimento-nova-ducati-comecando-amar-mais-cada-volta","status":"publish","type":"post","link":"https:\/\/grandepremio.com\/br\/motogp\/francesco-bagnaia-elogia-desenvolvimento-nova-ducati-comecando-amar-mais-cada-volta\/","title":{"rendered":"Bagnaia elogia desenvolvimento da nova Ducati: \u201cCome\u00e7ando a amar mais a cada volta\u201d"},"content":{"rendered":"\n<p class=\"wp-block-paragraph\"><strong>Francesco Bagnaia<\/strong> vive um caso de amor com a nova <strong>Ducati<\/strong>. L\u00edder do primeiro dia de testes da <strong>MotoGP <\/strong>em <strong>Portim\u00e3o<\/strong>, o italiano destacou que a casa de <strong>Bolonha <\/strong>j\u00e1 completou 90% do desenvolvimento da <strong>Desmosedici GP23 <\/strong>e n\u00e3o escondeu a satisfa\u00e7\u00e3o com o desempenho da moto.<\/p>\n\n\n\n<p class=\"wp-block-paragraph\"><a href=\"https:\/\/www.grandepremio.com\/br\/motogp\/noticias\/francesco-bagnaia-implode-tempo-luca-marini-fim-comanda-dia-1-testes-portimao\/\" class=\"ek-link\">Pecco completou 78 voltas no s\u00e1bado (11) em <strong>Portugal <\/strong>e, com a melhor delas em 1min38s771, assegurou a lideran\u00e7a com 0s234 de margem para <strong>Luca Marini<\/strong><\/a>, formando uma dobradinha de <strong>Ducati<\/strong>, ainda que o colega de <strong>Academia de Pilotos VR46<\/strong> utilize a vers\u00e3o anterior do prot\u00f3tipo italiano.<\/p>\n\n\n\n<figure class=\"wp-block-image size-large\"><img decoding=\"async\" src=\"https:\/\/www.grandepremio.com\/br\/wp-content\/uploads\/2023\/03\/MotoGP-2023-Portugal-Portimao-Sabado-Ducati-Francesco-Bagnaia-1024x774.jpeg\" alt=\"\" class=\"wp-image-660452\"\/><figcaption>Francesco Bagnaia avaliou que a Ducati est\u00e1 quase pronta para 2023 (Foto: Ducati)<\/figcaption><\/figure>\n\n\n\n<p class=\"wp-block-paragraph\"><strong>\u25b6\ufe0f\u00a0Inscreva-se nos dois canais do GRANDE PR\u00caMIO no YouTube:\u00a0<a href=\"https:\/\/www.youtube.com\/channel\/UC9OlHEgxoaY6QY6nWPoiqQg?sub_confirmation=1\" target=\"_blank\" rel=\"noreferrer noopener\">GP<\/a>\u00a0|\u00a0<a href=\"https:\/\/www.youtube.com\/channel\/UC9csiS6q_C3C0FYhyr1rnFA?sub_confirmation=1\" target=\"_blank\" rel=\"noreferrer noopener\">GP2<\/a><\/strong><br><strong>\u25b6\ufe0f\u00a0<a href=\"https:\/\/www.twitch.tv\/grandepremio\" target=\"_blank\" rel=\"noreferrer noopener\">Conhe\u00e7a o canal do GRANDE PR\u00caMIO na Twitch clicando aqui!<\/a><\/strong><\/p>\n\n\n\n<p class=\"wp-block-paragraph\">\u201cSinceramente, fizemos um trabalho muito bom hoje e terminamos todos os planos\u201d, disse Pecco ao site da MotoGP. \u201cEstou satisfeito! J\u00e1 estamos em 90% do desenvolvimento da nova moto, ent\u00e3o vamos tentar terminar tudo [no domingo]\u201d, seguiu.<\/p>\n\n\n\n<p class=\"wp-block-paragraph\">Para o dia final da pr\u00e9-temporada, Pecco ainda quer simular uma corrida sprint, mas n\u00e3o esconde a satisfa\u00e7\u00e3o com a moto, j\u00e1 que percebe um ritmo forte com os v\u00e1rios pneus dispon\u00edveis.<\/p>\n\n\n\n<p class=\"wp-block-paragraph\">\u201cSer\u00e1 importante testar a corrida sprint, mas, de qualquer forma, estou muito feliz com hoje. O ritmo com pneus m\u00e9dios, pneus usados, pneus macios, tudo foi muito competitivo, ent\u00e3o estou feliz\u201d, destacou. \u201c\u00c9 uma moto que desenvolvemos um pouco mais do meu lado, pro meu estilo de pilotagem e estou come\u00e7ando a amar mais a cada volta\u201d, contou.<\/p>\n\n\n\n<p class=\"wp-block-paragraph\">Por fim, Bagnaia avaliou que, pessoalmente, tamb\u00e9m est\u00e1 muito forte para a temporada 2023.<\/p>\n\n\n\n<p class=\"wp-block-paragraph\">\u201cEst\u00e1 tudo ok comigo e com o meu estilo de pilotagem. Esta \u00e9 uma pista particular de que realmente gosto. O layout \u00e9 perfeito para o meu estilo de pilotagem. Me sinto \u00f3timo com a nova moto, mas vamos ver durante a temporada\u201d, completou.<\/p>\n\n\n\n<figure class=\"wp-block-embed is-type-video is-provider-youtube wp-block-embed-youtube wp-embed-aspect-16-9 wp-has-aspect-ratio\"><div class=\"wp-block-embed__wrapper\">\n<iframe loading=\"lazy\" title=\"MAIS TRABALHO = MAIS DINHEIRO? N\u00c3O NA MOTOGP DAS CORRIDAS SPRINT | GP \u00e0s 10\" width=\"500\" height=\"281\" src=\"https:\/\/www.youtube.com\/embed\/D4LoKIpeDSQ?feature=oembed\" frameborder=\"0\" allow=\"accelerometer; autoplay; clipboard-write; encrypted-media; gyroscope; picture-in-picture; web-share\" referrerpolicy=\"strict-origin-when-cross-origin\" allowfullscreen><\/iframe>\n<\/div><figcaption>MAIS TRABALHO = MAIS DINHEIRO? N\u00c3O NA MOTOGP DAS CORRIDAS SPRINT | GP \u00e0s 10<\/figcaption><\/figure>\n","protected":false},"excerpt":{"rendered":"<p>L\u00edder do primeiro dia de testes em Portim\u00e3o, o campe\u00e3o vigente destacou que a f\u00e1brica de Borgo Panigale j\u00e1 completou 90% do desenvolvimento da nova Desmosedici. Italiano ressaltou que o prot\u00f3tipo foi feito pensando em seu estilo de pilotagem<\/p>\n","protected":false},"author":0,"featured_media":1000660546,"comment_status":"closed","ping_status":"closed","sticky":false,"template":"","format":"standard","meta":{"42wp_featured_image_caption":"","42wp_featured_image_credits":"","42wp_featured_video":"","42wp_featured_image_hidden":false,"42wp_authors_list":[],"footnotes":""},"categories":[8],"tags":[5214,131,2327,28285,79,78,27538,33202,33200,33201,25819,29345,28766,33203,26690,13160,1107],"42wp_author":[47113],"class_list":["post-104901","post","type-post","status-publish","format-standard","has-post-thumbnail","hentry","category-motogp","tag-classificacao-motogp","tag-ducati","tag-francesco-bagnaia","tag-grandepremio","tag-moto-gp","tag-motogp","tag-motogp-2023","tag-motogp-2023-calendario","tag-motogp-calendario-2023","tag-motogp-classificacao-2023","tag-motogp-hoje","tag-motogp-horario","tag-motogp-standings","tag-onde-assistir-motogp-2023","tag-pilotos-motogp","tag-portimao","tag-portugal","42wp_author-juliana-tesser"],"_links":{"self":[{"href":"https:\/\/grandepremio.com\/br\/wp-json\/wp\/v2\/posts\/104901","targetHints":{"allow":["GET"]}}],"collection":[{"href":"https:\/\/grandepremio.com\/br\/wp-json\/wp\/v2\/posts"}],"about":[{"href":"https:\/\/grandepremio.com\/br\/wp-json\/wp\/v2\/types\/post"}],"replies":[{"embeddable":true,"href":"https:\/\/grandepremio.com\/br\/wp-json\/wp\/v2\/comments?post=104901"}],"version-history":[{"count":0,"href":"https:\/\/grandepremio.com\/br\/wp-json\/wp\/v2\/posts\/104901\/revisions"}],"wp:featuredmedia":[{"embeddable":true,"href":"https:\/\/grandepremio.com\/br\/wp-json\/wp\/v2\/media\/1000660546"}],"wp:attachment":[{"href":"https:\/\/grandepremio.com\/br\/wp-json\/wp\/v2\/media?parent=104901"}],"wp:term":[{"taxonomy":"category","embeddable":true,"href":"https:\/\/grandepremio.com\/br\/wp-json\/wp\/v2\/categories?post=104901"},{"taxonomy":"post_tag","embeddable":true,"href":"https:\/\/grandepremio.com\/br\/wp-json\/wp\/v2\/tags?post=104901"},{"taxonomy":"42wp_author","embeddable":true,"href":"https:\/\/grandepremio.com\/br\/wp-json\/wp\/v2\/42wp_author?post=104901"}],"curies":[{"name":"wp","href":"https:\/\/api.w.org\/{rel}","templated":true}]}}