{"id":104904,"date":"2023-03-12T10:37:31","date_gmt":"2023-03-12T13:37:31","guid":{"rendered":"https:\/\/grandepremio.com\/br\/noticias\/kevin-hansen-molly-taylor-punicao-rxr-vence-abertura-extreme-e-arabia-saudita\/"},"modified":"2023-03-12T11:31:12","modified_gmt":"2023-03-12T14:31:12","slug":"kevin-hansen-molly-taylor-punicao-rxr-vence-abertura-extreme-e-arabia-saudita","status":"publish","type":"post","link":"https:\/\/grandepremio.com\/br\/formula-e\/kevin-hansen-molly-taylor-punicao-rxr-vence-abertura-extreme-e-arabia-saudita\/","title":{"rendered":"Hansen\/Taylor aproveita puni\u00e7\u00e3o da RXR e vence abertura do Extreme E na Ar\u00e1bia Saudita"},"content":{"rendered":"\n<p class=\"wp-block-paragraph\">A abertura da temporada 2023 do <strong>Extreme E<\/strong>, realizada neste fim de semana na Ar\u00e1bia Saudita, n\u00e3o poderia ter sido melhor para a <strong>Veloce<\/strong>. Neste domingo (12), a equipe comandada por <strong>Kevin<\/strong> <strong>Hansen<\/strong> e <strong>Molly<\/strong> <strong>Taylor<\/strong> fez uma corrida consistente na primeira etapa do campeonato e aproveitou uma puni\u00e7\u00e3o de <strong>Johan<\/strong> <strong>Kristoffersson<\/strong> e <strong>Mikaela<\/strong> <strong>Ahlin-Kottulinsky<\/strong>, dupla da <strong>Rosberg X Racing<\/strong>, para conquistar sua primeira vit\u00f3ria na hist\u00f3ria da categoria.<\/p>\n\n\n\n<p class=\"wp-block-paragraph\">A Grande Final \u2014 corrida que envolve os cinco melhores colocados das duas classifica\u00e7\u00f5es \u2014 come\u00e7ou forte no in\u00edcio, e <strong>Mattia<\/strong> <strong>Ekstr\u00f6m<\/strong> assumiu a lideran\u00e7a com a <strong>Sainz XE<\/strong> nos primeiros metros. No entanto, Kristofferson se manteve mais pr\u00f3ximo do ponto ideal de tang\u00eancia da primeira curva e logo deixou o rival para tr\u00e1s, trazendo consigo a Veloce de Hansen.<\/p>\n\n\n\n<p class=\"wp-block-paragraph\">Enquanto os quatro primeiros colocados andavam muito pr\u00f3ximos, surgiram os primeiros problemas da temporada. Os carros de <strong>Ganassi<\/strong> e <strong>X44<\/strong> \u2014 equipe da qual Lewis Hamilton \u00e9 dono \u2014 abandonaram a corrida em seguida, o primeiro ao parar na pista e o segundo com um problema t\u00e9cnico.<\/p>\n\n\n\n<p class=\"wp-block-paragraph\"><strong>\u25b6\ufe0f&nbsp;<a href=\"https:\/\/www.twitch.tv\/grandepremio\" target=\"_blank\" rel=\"noreferrer noopener\">Conhe\u00e7a o canal do GRANDE PR\u00caMIO na Twitch clicando aqui!<\/a><\/strong><\/p>\n\n\n\n<figure class=\"wp-block-image size-full\"><img decoding=\"async\" src=\"https:\/\/www.grandepremio.com\/br\/wp-content\/uploads\/2023\/03\/Corrida.jpg\" alt=\"\" class=\"wp-image-660635\"\/><figcaption>Corrida do Extreme E na Ar\u00e1bia Saudita foi movimentada e contou com v\u00e1rios abandonos (Foto: Extreme E)<\/figcaption><\/figure>\n\n\n\n<p class=\"wp-block-paragraph\">L\u00e1 na frente, Ekstr\u00f6m come\u00e7ou a perder ritmo e viu a aproxima\u00e7\u00e3o de Kristoffersson, que enfim tomou a ponta no momento das trocas de pilotos. J\u00e1 com Kottulinsky ao volante da RXR, Taylor fez de tudo para tomar a lideran\u00e7a da sueca, mas cometeu um erro no final e perdeu muito tempo.<\/p>\n\n\n\n<p class=\"wp-block-paragraph\">No fim, Mikaela cruzou a linha de chegada no primeiro lugar, mas sofreu com o anticl\u00edmax: a RXR foi punida por ultrapassar o limite de velocidade em zona de bandeira amarela e sofreu um acr\u00e9scimo de 136s no tempo final de prova, o que derrubou a equipe para a terceira coloca\u00e7\u00e3o.<\/p>\n\n\n\n<p class=\"wp-block-paragraph\">Assim, a corrida terminou com a seguinte ordem: Taylor\/Hansen [<strong>Veloce<\/strong>], Laia Sanz\/Ekstr\u00f6m [<strong>Sainz XE<\/strong>], Kottulinsky\/Kristoffersson [<strong>RXR<\/strong>], Cristina Guti\u00e9rrez\/Fraser McConnell [<strong>X44<\/strong>] e Amanda Sorensen\/R.J. Anderson [<strong>Ganassi<\/strong>].<\/p>\n\n\n\n<p class=\"wp-block-paragraph\">Na <strong>Redemption Race<\/strong>, que envolve as cinco equipes que ficaram fora da prova inicial, melhor para a <strong>McLaren<\/strong>. Um in\u00edcio forte da equipe inglesa viu <strong>Tanner<\/strong> <strong>Foust<\/strong> tomar a lideran\u00e7a da <strong>Abt<\/strong> <strong>Cupra<\/strong> de <strong>Nasser Al-Attiyah<\/strong> logo nos primeiros metros, antes da <strong>Andretti<\/strong> se envolver em um acidente e ver seu carro capotar pela segunda vez no dia.<\/p>\n\n\n\n<figure class=\"wp-block-image size-full\"><img decoding=\"async\" src=\"https:\/\/www.grandepremio.com\/br\/wp-content\/uploads\/2023\/03\/Veloce-Carro.jpg\" alt=\"\" class=\"wp-image-660634\"\/><figcaption>Veloce aproveitou erro da RXR para ficar com a vit\u00f3ria na abertura do Extreme E 2023 (Foto: Extreme E)<\/figcaption><\/figure>\n\n\n\n<p class=\"wp-block-paragraph\"><strong>\u25b6\ufe0f&nbsp;Inscreva-se nos dois canais do GRANDE PR\u00caMIO no YouTube:&nbsp;<a href=\"https:\/\/www.youtube.com\/channel\/UC9OlHEgxoaY6QY6nWPoiqQg?sub_confirmation=1\" target=\"_blank\" rel=\"noreferrer noopener\">GP<\/a>&nbsp;|&nbsp;<a href=\"https:\/\/www.youtube.com\/channel\/UC9csiS6q_C3C0FYhyr1rnFA?sub_confirmation=1\" target=\"_blank\" rel=\"noreferrer noopener\">GP2<\/a><\/strong><\/p>\n\n\n\n<p class=\"wp-block-paragraph\">O caos se formou completamente na disputa com dois incidentes consecutivos, e tanto Andretti quanto Abt Cupra foram obrigadas a abandonar a corrida. Com a confus\u00e3o, o ex-F1 <strong>Heikki<\/strong> <strong>Kovalainen<\/strong> tomou a ponta de Foust, at\u00e9 que uma bandeira vermelha interrompeu a corrida na \u00c1rea de Troca \u2014 local em que as equipes fazem a altera\u00e7\u00e3o obrigat\u00f3ria de pilotos.<\/p>\n\n\n\n<p class=\"wp-block-paragraph\">Com apenas tr\u00eas carros na retomada da corrida, a <strong>JBXE<\/strong> de Kovalainen viu o sonho de sua primeira vit\u00f3ria ir embora ao sofrer um problema t\u00e9cnico e ser obrigada a abandonar a disputa. Assim, <strong>Emma<\/strong> <strong>Gilmour<\/strong> n\u00e3o teve dificuldades para cruzar a linha de chegada em primeiro lugar com a McLaren, seguida pela dupla da estreante <strong>Carl Cox<\/strong> \u2014 <strong>Christine Zonca<\/strong> e <strong>Timo Scheider<\/strong>.<\/p>\n\n\n\n<p class=\"wp-block-paragraph\">O Extreme E ainda tem mais uma corrida prevista para este domingo (12), completando a disputa da etapa de abertura da temporada 2023 na Ar\u00e1bia Saudita.<\/p>\n","protected":false},"excerpt":{"rendered":"<p>A dupla da Rosberg X Racing at\u00e9 cruzou a linha de chegada em primeiro na abertura do Extreme E 2023, na Ar\u00e1bia Saudita, mas uma puni\u00e7\u00e3o aos l\u00edderes deu \u00e0 Veloce sua primeira vit\u00f3ria na categoria<\/p>\n","protected":false},"author":0,"featured_media":1000660636,"comment_status":"closed","ping_status":"closed","sticky":false,"template":"","format":"standard","meta":{"42wp_featured_image_caption":"","42wp_featured_image_credits":"","42wp_featured_video":"","42wp_featured_image_hidden":false,"42wp_authors_list":[],"footnotes":""},"categories":[19],"tags":[417,1405,1595,677,90],"42wp_author":[47142],"class_list":["post-104904","post","type-post","status-publish","format-standard","has-post-thumbnail","hentry","category-formula-e","tag-andretti","tag-extreme-e","tag-ganassi","tag-heikki-kovalainen","tag-mclaren","42wp_author-jp-nascimento"],"_links":{"self":[{"href":"https:\/\/grandepremio.com\/br\/wp-json\/wp\/v2\/posts\/104904","targetHints":{"allow":["GET"]}}],"collection":[{"href":"https:\/\/grandepremio.com\/br\/wp-json\/wp\/v2\/posts"}],"about":[{"href":"https:\/\/grandepremio.com\/br\/wp-json\/wp\/v2\/types\/post"}],"replies":[{"embeddable":true,"href":"https:\/\/grandepremio.com\/br\/wp-json\/wp\/v2\/comments?post=104904"}],"version-history":[{"count":0,"href":"https:\/\/grandepremio.com\/br\/wp-json\/wp\/v2\/posts\/104904\/revisions"}],"wp:featuredmedia":[{"embeddable":true,"href":"https:\/\/grandepremio.com\/br\/wp-json\/wp\/v2\/media\/1000660636"}],"wp:attachment":[{"href":"https:\/\/grandepremio.com\/br\/wp-json\/wp\/v2\/media?parent=104904"}],"wp:term":[{"taxonomy":"category","embeddable":true,"href":"https:\/\/grandepremio.com\/br\/wp-json\/wp\/v2\/categories?post=104904"},{"taxonomy":"post_tag","embeddable":true,"href":"https:\/\/grandepremio.com\/br\/wp-json\/wp\/v2\/tags?post=104904"},{"taxonomy":"42wp_author","embeddable":true,"href":"https:\/\/grandepremio.com\/br\/wp-json\/wp\/v2\/42wp_author?post=104904"}],"curies":[{"name":"wp","href":"https:\/\/api.w.org\/{rel}","templated":true}]}}