{"id":104939,"date":"2023-03-10T12:27:11","date_gmt":"2023-03-10T15:27:11","guid":{"rendered":"https:\/\/grandepremio.com\/br\/noticias\/aprilia-chega-cheia-esperanca-motogp-2023-define-meta-ser-melhor-2022\/"},"modified":"2023-03-10T13:29:43","modified_gmt":"2023-03-10T16:29:43","slug":"aprilia-chega-cheia-esperanca-motogp-2023-define-meta-ser-melhor-2022","status":"publish","type":"post","link":"https:\/\/grandepremio.com\/br\/motogp\/aprilia-chega-cheia-esperanca-motogp-2023-define-meta-ser-melhor-2022\/","title":{"rendered":"Aprilia chega cheia de esperan\u00e7a para MotoGP 2023 e define meta: &#8220;Ser melhor que 2022&#8221;"},"content":{"rendered":"\n<figure class=\"wp-block-embed is-type-video is-provider-youtube wp-block-embed-youtube wp-embed-aspect-16-9 wp-has-aspect-ratio\"><div class=\"wp-block-embed__wrapper\">\n<iframe loading=\"lazy\" title=\"MAIS TRABALHO = MAIS DINHEIRO? N\u00c3O NA MOTOGP DAS CORRIDAS SPRINT | GP \u00e0s 10\" width=\"500\" height=\"281\" src=\"https:\/\/www.youtube.com\/embed\/D4LoKIpeDSQ?feature=oembed\" frameborder=\"0\" allow=\"accelerometer; autoplay; clipboard-write; encrypted-media; gyroscope; picture-in-picture; web-share\" referrerpolicy=\"strict-origin-when-cross-origin\" allowfullscreen><\/iframe>\n<\/div><figcaption>MAIS TRABALHO = MAIS DINHEIRO? N\u00c3O NA MOTOGP DAS CORRIDAS SPRINT | GP \u00e0s 10<\/figcaption><\/figure>\n\n\n\n<p class=\"wp-block-paragraph\">A temporada 2022 da <strong>MotoGP<\/strong> foi especial para a <strong>Aprilia<\/strong>, que conseguiu o salto desejado h\u00e1 anos na competitividade. No fim das contas, viu <strong>Aleix Espargar\u00f3<\/strong> brigar pelo t\u00edtulo ate o fim e terminou na terceira coloca\u00e7\u00e3o entre as Equipes. Mas tudo isso foi apenas um passo. <strong><a href=\"https:\/\/www.grandepremio.com\/br\/motogp\/noticias\/aprilia-exibe-rs-gp-aleix-espargaro-maverick-vinales-mira-novo-passo-motogp-2023\/\" class=\"ek-link\">Durante a apresenta\u00e7\u00e3o da nova RS-GP<\/a><\/strong>, realizada na manh\u00e3 desta sexta-feira (10), o chefe <strong>Massimo Rivola<\/strong> foi transparente ao dizer que precisa ser da\u00ed para cima no campeonato vindouro.<\/p>\n\n\n\n<p class=\"wp-block-paragraph\"><strong>\u25b6\ufe0f\u00a0Inscreva-se nos dois canais do GRANDE PR\u00caMIO no YouTube:\u00a0<a href=\"https:\/\/www.youtube.com\/channel\/UC9OlHEgxoaY6QY6nWPoiqQg?sub_confirmation=1\" target=\"_blank\" rel=\"noreferrer noopener\">GP<\/a>\u00a0|\u00a0<a href=\"https:\/\/www.youtube.com\/channel\/UC9csiS6q_C3C0FYhyr1rnFA?sub_confirmation=1\" target=\"_blank\" rel=\"noreferrer noopener\">GP2<\/a><\/strong><\/p>\n\n\n\n<p class=\"wp-block-paragraph\">At\u00e9 o ano passado, a Aprilia jamais vencera na <strong>Classe Rainha<\/strong> do <strong>Mundial de Motovelocidade<\/strong>. Fez isso e foi al\u00e9m, chegando at\u00e9 a liderar o campeonato no recesso de meio de temporada. No fim das contas, a for\u00e7a da <strong>Ducati<\/strong> se mostrou grande demais, mas o gosto por andar na frente pegou o time de Espargar\u00f3 e <strong>Maverick Vi\u00f1ales<\/strong> de jeito.<\/p>\n\n\n\n<p class=\"wp-block-paragraph\">&#8220;Nosso crescimento \u00e9 ineg\u00e1vel, assim como melhoramos r\u00e1pido. \u00c9 um caminho que n\u00e3o aparecer por sorte: somos uma companhia melhor hoje sob todos os aspectos, ent\u00e3o espero que a tend\u00eancia de crescimento continue&#8221;, afirmou.<\/p>\n\n\n\n<figure class=\"wp-block-image size-large\"><img decoding=\"async\" src=\"https:\/\/www.grandepremio.com\/br\/wp-content\/uploads\/2023\/03\/Aprilia-2-1024x576.jpg\" alt=\"\" class=\"wp-image-660146\"\/><figcaption>A RS-GP de 2023 seguiu conceito parecido ao ano passado, em tons de preto, vermelho e azul (Foto: Aprilia)<\/figcaption><\/figure>\n\n\n\n<p class=\"wp-block-paragraph\">Rivola lembrou ainda do fato da Aprilia contar com uma equipe-sat\u00e9lite em 2023, a <strong>RNF<\/strong>, de <strong>Raul Fern\u00e1ndez<\/strong> e <strong>Miguel Oliveira<\/strong>.<\/p>\n\n\n\n<p class=\"wp-block-paragraph\">&#8220;Nosso desafio vai aumentar com a responsabilidade de contar com uma equipe-sat\u00e9lite, que vai nos permitir a ter muito mais informa\u00e7\u00e3o dispon\u00edvel. Ser\u00e1 um importante banco de testes para nossas habilidades de organiza\u00e7\u00e3o e an\u00e1lise&#8221;, seguiu.<\/p>\n\n\n\n<p class=\"wp-block-paragraph\">&#8220;A pausa de fim de ano, que foi um dos per\u00edodos de trabalho mais intenso, foi positivo, como foram os primeiros testes, mas s\u00f3 as corridas podem mostrar onde estamos com rela\u00e7\u00e3o a nossos rivais. Estaremos sob mais press\u00e3o, e ainda teremos de encarar o novo formato, algo que implica desafio para equipes e pilotos. mas estamos preparados, e acredito que possamos come\u00e7ar a temporada com motiva\u00e7\u00e3o bem alta. A meta \u00e9 ser melhor que ano passado&#8221;, encerrou.<\/p>\n\n\n\n<p class=\"wp-block-paragraph\">A temporada da MotoGP come\u00e7a no \u00faltimo fim de semana de mar\u00e7o, entre os dias 24 e 26, com o <strong>GP de Portugal<\/strong>, em <strong>Portim\u00e3o<\/strong>.<\/p>\n\n\n\n<figure class=\"wp-block-embed is-type-video is-provider-youtube wp-block-embed-youtube wp-embed-aspect-16-9 wp-has-aspect-ratio\"><div class=\"wp-block-embed__wrapper\">\n<iframe loading=\"lazy\" title=\"MORBIDELLI PRECISA VOAR PARA SEGUIR NA MOTOGP | GP \u00e0s 10\" width=\"500\" height=\"281\" src=\"https:\/\/www.youtube.com\/embed\/P1kMBILIizg?feature=oembed\" frameborder=\"0\" allow=\"accelerometer; autoplay; clipboard-write; encrypted-media; gyroscope; picture-in-picture; web-share\" referrerpolicy=\"strict-origin-when-cross-origin\" allowfullscreen><\/iframe>\n<\/div><figcaption>MORBIDELLI PRECISA VOAR PARA SEGUIR NA MOTOGP | GP \u00e0s 10<\/figcaption><\/figure>\n","protected":false},"excerpt":{"rendered":"<p>Chefe da Aprilia, Massimo Rivola n\u00e3o teve d\u00favidas na hora de tra\u00e7ar um objetivo para o campeonato da MotoGP: melhorar o resultado do ano passado<\/p>\n","protected":false},"author":0,"featured_media":1000660145,"comment_status":"closed","ping_status":"closed","sticky":false,"template":"","format":"standard","meta":{"42wp_featured_image_caption":"","42wp_featured_image_credits":"","42wp_featured_video":"","42wp_featured_image_hidden":false,"42wp_authors_list":[],"footnotes":""},"categories":[8],"tags":[133,1491,28285,613,27538,368],"42wp_author":[47120],"class_list":["post-104939","post","type-post","status-publish","format-standard","has-post-thumbnail","hentry","category-motogp","tag-aprilia","tag-grande-premio","tag-grandepremio","tag-massimo-rivola","tag-motogp-2023","tag-rs-gp","42wp_author-pedro-henrique-marum"],"_links":{"self":[{"href":"https:\/\/grandepremio.com\/br\/wp-json\/wp\/v2\/posts\/104939","targetHints":{"allow":["GET"]}}],"collection":[{"href":"https:\/\/grandepremio.com\/br\/wp-json\/wp\/v2\/posts"}],"about":[{"href":"https:\/\/grandepremio.com\/br\/wp-json\/wp\/v2\/types\/post"}],"replies":[{"embeddable":true,"href":"https:\/\/grandepremio.com\/br\/wp-json\/wp\/v2\/comments?post=104939"}],"version-history":[{"count":0,"href":"https:\/\/grandepremio.com\/br\/wp-json\/wp\/v2\/posts\/104939\/revisions"}],"wp:featuredmedia":[{"embeddable":true,"href":"https:\/\/grandepremio.com\/br\/wp-json\/wp\/v2\/media\/1000660145"}],"wp:attachment":[{"href":"https:\/\/grandepremio.com\/br\/wp-json\/wp\/v2\/media?parent=104939"}],"wp:term":[{"taxonomy":"category","embeddable":true,"href":"https:\/\/grandepremio.com\/br\/wp-json\/wp\/v2\/categories?post=104939"},{"taxonomy":"post_tag","embeddable":true,"href":"https:\/\/grandepremio.com\/br\/wp-json\/wp\/v2\/tags?post=104939"},{"taxonomy":"42wp_author","embeddable":true,"href":"https:\/\/grandepremio.com\/br\/wp-json\/wp\/v2\/42wp_author?post=104939"}],"curies":[{"name":"wp","href":"https:\/\/api.w.org\/{rel}","templated":true}]}}