{"id":104950,"date":"2023-03-10T04:30:00","date_gmt":"2023-03-10T07:30:00","guid":{"rendered":"https:\/\/grandepremio.com\/br\/noticias\/marko-revela-que-verstappen-assistiu-embate-alonso-x-hamilton-no-meio-do-gp-do-bahrein\/"},"modified":"2023-03-09T18:46:40","modified_gmt":"2023-03-09T21:46:40","slug":"marko-revela-que-verstappen-assistiu-embate-alonso-x-hamilton-no-meio-do-gp-do-bahrein","status":"publish","type":"post","link":"https:\/\/grandepremio.com\/br\/f1\/marko-revela-que-verstappen-assistiu-embate-alonso-x-hamilton-no-meio-do-gp-do-bahrein\/","title":{"rendered":"Marko revela que Verstappen assistiu embate Alonso x Hamilton no meio do GP do Bahrein"},"content":{"rendered":"\n<p class=\"wp-block-paragraph\">O <a href=\"https:\/\/www.grandepremio.com\/br\/video\/f1\/fernando-alonso-x-lewis-hamilton-reveja-o-duelo-eletrizante-do-gp-do-bahrein-por-todos-os-angulos\/\" class=\"ek-link\">duelo eletrizante travado entre <strong>Fernando Alonso<\/strong>, da <strong>Aston Martin, <\/strong>e <strong>Lewis Hamilton<\/strong> <\/a>da Mercedes, no <strong>GP do Bahrein<\/strong>, realizado no \u00faltimo domingo (5), impressionou at\u00e9 mesmo os membros da <strong>Red Bull<\/strong>. O consultor dos taurinos, <strong>Helmut Marko<\/strong>, foi um dos que elogiou a batalha e ainda revelou que o bicampe\u00e3o mundial <strong>Max Verstappen<\/strong> assistiu tudo de dentro do carro durante a corrida.<\/p>\n\n\n\n<p class=\"wp-block-paragraph\">Em entrevista \u00e0 emissora austr\u00edaca OE24 e quando questionado sobre as possibilidades da Aston Martin brigar pelo campeonato em 2023, Marko respondeu que \u201cdepende do que mais eles t\u00eam em seu cartel de op\u00e7\u00f5es\u201d. Depois, elogiou a disputa: \u201cO duelo com Hamilton, definitivamente, valeu a pena assistir. Foi duro, mas justo e com habilidades incr\u00edveis.\u201d<\/p>\n\n\n\n<p class=\"wp-block-paragraph\">O consultor tamb\u00e9m contou que quis mostrar as imagens para Verstappen, \u201cmas ele disse que assistiu tudo nos tel\u00f5es [da pista] enquanto liderava\u201d. Ou seja, at\u00e9 mesmo o piloto holand\u00eas deu um tempinho em sua corrida dominante para apreciar a briga entre os campe\u00f5es mundiais.<\/p>\n\n\n\n<figure class=\"wp-block-video\"><video class=\"video-js vjs-big-play-centered\" data-gp-vjs=\"1\" controls poster=\"https:\/\/www.grandepremio.com\/br\/wp-content\/uploads\/2023\/03\/Alonso-Hamilton-GP-do-Bahrein-poster.jpeg\" src=\"https:\/\/www.grandepremio.com\/br\/wp-content\/uploads\/2023\/03\/Alonso-Hamilton-GP-do-Bahrein.mp4\"><\/video><figcaption>Lewis Hamilton e Fernando Alonso travaram um lindo duelo durante o GP do Bahrein de F1 (Foto: Reprodu\u00e7\u00e3o\/F1)<\/figcaption><\/figure>\n\n\n\n<p class=\"wp-block-paragraph\"><strong>\u25b6\ufe0f&nbsp;Inscreva-se nos dois canais do GRANDE PR\u00caMIO no YouTube:&nbsp;<a href=\"https:\/\/www.youtube.com\/channel\/UC9OlHEgxoaY6QY6nWPoiqQg?sub_confirmation=1\" target=\"_blank\" rel=\"noreferrer noopener\">GP<\/a>&nbsp;|&nbsp;<a href=\"https:\/\/www.youtube.com\/channel\/UC9csiS6q_C3C0FYhyr1rnFA?sub_confirmation=1\" target=\"_blank\" rel=\"noreferrer noopener\">GP2<\/a><\/strong><br><strong>\u25b6\ufe0f&nbsp;<a href=\"https:\/\/www.twitch.tv\/grandepremio\" target=\"_blank\" rel=\"noreferrer noopener\">Conhe\u00e7a o canal do GRANDE PR\u00caMIO na Twitch clicando aqui!<\/a><\/strong><\/p>\n\n\n\n<p class=\"wp-block-paragraph\">Ap\u00f3s a corrida, <a href=\"https:\/\/www.grandepremio.com\/br\/f1\/noticias\/lewis-hamilton-diz-w14-ainda-precisa-melhorar-exalta-disputa-agradavel-fernando-alonso\/\" class=\"ek-link\">Hamilton chamou a disputa de \u201cmuito agrad\u00e1vel\u201d<\/a> e demonstrou satisfa\u00e7\u00e3o por estar lutando com outros concorrentes consagrados pelas melhores posi\u00e7\u00f5es no grid. J\u00e1 Alonso preferiu falar sobre a evolu\u00e7\u00e3o do carro da Aston Martin e as boas possibilidades nesta temporada.<\/p>\n\n\n\n<p class=\"wp-block-paragraph\">A <strong>F\u00f3rmula 1<\/strong> continua a temporada com o <strong>GP da Ar\u00e1bia Saudita<\/strong>, no circuito de rua de Jed\u00e1, entre os dias 17 e 19 de mar\u00e7o.<\/p>\n","protected":false},"excerpt":{"rendered":"<p>Disputa entre os campe\u00f5es mundiais foi um dos destaques da corrida no circuito barenita, tanto \u00e9 que Max Verstappen, da Red Bull, assistiu tudo de dentro do carro, durante a corrida<\/p>\n","protected":false},"author":0,"featured_media":1000659408,"comment_status":"closed","ping_status":"closed","sticky":false,"template":"","format":"standard","meta":{"42wp_featured_image_caption":"","42wp_featured_image_credits":"","42wp_featured_video":"","42wp_featured_image_hidden":false,"42wp_authors_list":[],"footnotes":""},"categories":[2],"tags":[309,147,6533,176,180,1754,258,33718,87,203,82,3724,204,33558],"42wp_author":[47153],"class_list":["post-104950","post","type-post","status-publish","format-standard","has-post-thumbnail","hentry","category-f1","tag-aston-martin","tag-f1","tag-f1-2023","tag-fernando-alonso","tag-formula-1","tag-gp-do-bahrein","tag-helmut-marko","tag-horarios-da-f1-2023","tag-lewis-hamilton","tag-max-verstappen","tag-mercedes","tag-mundial-de-f1","tag-red-bull","tag-temporada-2023-da-f1","42wp_author-gabriel-pitor"],"_links":{"self":[{"href":"https:\/\/grandepremio.com\/br\/wp-json\/wp\/v2\/posts\/104950","targetHints":{"allow":["GET"]}}],"collection":[{"href":"https:\/\/grandepremio.com\/br\/wp-json\/wp\/v2\/posts"}],"about":[{"href":"https:\/\/grandepremio.com\/br\/wp-json\/wp\/v2\/types\/post"}],"replies":[{"embeddable":true,"href":"https:\/\/grandepremio.com\/br\/wp-json\/wp\/v2\/comments?post=104950"}],"version-history":[{"count":0,"href":"https:\/\/grandepremio.com\/br\/wp-json\/wp\/v2\/posts\/104950\/revisions"}],"wp:featuredmedia":[{"embeddable":true,"href":"https:\/\/grandepremio.com\/br\/wp-json\/wp\/v2\/media\/1000659408"}],"wp:attachment":[{"href":"https:\/\/grandepremio.com\/br\/wp-json\/wp\/v2\/media?parent=104950"}],"wp:term":[{"taxonomy":"category","embeddable":true,"href":"https:\/\/grandepremio.com\/br\/wp-json\/wp\/v2\/categories?post=104950"},{"taxonomy":"post_tag","embeddable":true,"href":"https:\/\/grandepremio.com\/br\/wp-json\/wp\/v2\/tags?post=104950"},{"taxonomy":"42wp_author","embeddable":true,"href":"https:\/\/grandepremio.com\/br\/wp-json\/wp\/v2\/42wp_author?post=104950"}],"curies":[{"name":"wp","href":"https:\/\/api.w.org\/{rel}","templated":true}]}}