{"id":10496,"date":"2026-03-29T04:16:07","date_gmt":"2026-03-29T07:16:07","guid":{"rendered":"https:\/\/grandepremio.com\/br\/noticias\/andrea-kimi-antonelli-admite-sorte-vitoria-japao-vibra-com-lideranca-f1-caminho-certo\/"},"modified":"2026-03-29T04:32:04","modified_gmt":"2026-03-29T07:32:04","slug":"andrea-kimi-antonelli-admite-sorte-vitoria-japao-vibra-com-lideranca-f1-caminho-certo","status":"publish","type":"post","link":"https:\/\/grandepremio.com\/br\/f1\/andrea-kimi-antonelli-admite-sorte-vitoria-japao-vibra-com-lideranca-f1-caminho-certo\/","title":{"rendered":"Antonelli admite sorte em vit\u00f3ria no Jap\u00e3o e vibra com lideran\u00e7a da F1: &#8220;No caminho certo&#8221;"},"content":{"rendered":"\n<p class=\"wp-block-paragraph\">Pela segunda vez seguida no ano, <strong>Andrea Kimi Antonelli<\/strong> venceu uma corrida da <strong>F\u00f3rmula 1<\/strong>. Assim como aconteceu na <strong>China<\/strong>, o piloto italiano da <strong>Mercedes <\/strong>foi ao topo do p\u00f3dio novamente no <strong>GP do Jap\u00e3o<\/strong>, <a href=\"https:\/\/www.grandepremio.com\/br\/f1\/noticias\/kimi-antonelli-vale-safety-car-largada-ruim-vence-gp-japao-gabriel-bortoleto-13o\/\">neste domingo (29),<\/a> e celebrou bastante o resultado e o \u00f3timo ritmo da equipe alem\u00e3 em <strong>Suzuka<\/strong>. Al\u00e9m disso, falou pela primeira vez como l\u00edder do <strong>Mundial de Pilotos<\/strong> da <strong>F1<\/strong>. <\/p>\n\n\n\n<p class=\"wp-block-paragraph\">Com o triunfo no Jap\u00e3o, Antonelli chegou a 72 pontos e assumiu a lideran\u00e7a do campeonato, passando <strong>George Russell<\/strong>, que ficou apenas em quarto em Suzuka e caiu para a segunda coloca\u00e7\u00e3o no Mundial. <strong>Charles Leclerc<\/strong>, com 49 tentos, fecha o top-3 de momento. <\/p>\n\n\n\n<figure class=\"wp-block-embed is-type-video is-provider-youtube wp-block-embed-youtube wp-embed-aspect-16-9 wp-has-aspect-ratio\"><div class=\"wp-block-embed__wrapper\">\n<iframe loading=\"lazy\" title=\"F1 2026 HIGHLIGHTS: ANTONELLI VENCE, BEARMAN ASSUSTA FORMULA 1 NO JAP\u00c3O [narra\u00e7\u00e3o + Briefing]\" width=\"500\" height=\"281\" src=\"https:\/\/www.youtube.com\/embed\/V5Gm_7E0gMc?feature=oembed\" frameborder=\"0\" allow=\"accelerometer; autoplay; clipboard-write; encrypted-media; gyroscope; picture-in-picture; web-share\" referrerpolicy=\"strict-origin-when-cross-origin\" allowfullscreen><\/iframe>\n<\/div><\/figure>\n\n\n\n<p class=\"wp-block-paragraph\">Apesar de reconhecer que ainda est\u00e1 cedo na temporada 2026, Antonelli j\u00e1 relatou que \u00e9 uma sensa\u00e7\u00e3o muito boa de estar no topo da tabela de pontos da F1. Al\u00e9m disso, celebrou o fato de estar no caminho certo ao entrar na pausa da categoria na primeira posi\u00e7\u00e3o do Mundial de Pilotos. <\/p>\n\n\n\n<p class=\"wp-block-paragraph\">\u201c\u00c9 muito bom! Claro que ainda \u00e9 cedo para pensar no campeonato, mas estamos no caminho certo&#8221;, disse \u00e0 <em>Sky Sports<\/em> logo depois da bandeirada final. <\/p>\n\n\n\n<p class=\"wp-block-paragraph\">Antonelli, ent\u00e3o, explicou a corrida que fez e reconheceu que teve sorte com o safety-car para poder retomar a lideran\u00e7a depois de fazer uma largada ruim e despencar no pelot\u00e3o. Ainda assim, exaltou o ritmo da Mercedes no Jap\u00e3o. <\/p>\n\n\n\n<p class=\"wp-block-paragraph\">&#8220;Tive uma largada terr\u00edvel. Preciso verificar o que aconteceu. Depois, tive sorte com o safety-car para assumir a lideran\u00e7a, mas o ritmo foi incr\u00edvel. Foi realmente muito bom. No segundo stint, me senti muito bem com o carro. Estou muito satisfeito com isso\u201d, comemorou Antonelli. <\/p>\n\n\n\n<figure class=\"wp-block-image size-large\"><img decoding=\"async\" src=\"https:\/\/www.grandepremio.com\/br\/wp-content\/uploads\/2026\/03\/corrida-f1-2026-mercedes-kimi-antonelli-01-2-1200x800.jpeg\" alt=\"\" class=\"wp-image-1073241\"\/><figcaption class=\"wp-element-caption\">Andrea Kimi Antonelli \u00e9 o novo l\u00edder da F1 (Foto: Mercedes)<\/figcaption><\/figure>\n\n\n\n<p class=\"wp-block-paragraph\">\u201cCom os pneus m\u00e9dios fomos fortes quando tivemos pista livre, e com os duros o ritmo foi incr\u00edvel. N\u00e3o sei qual teria sido o resultado sem o safety-car, mas ele tornou minha vida muito mais f\u00e1cil\u201d, seguiu. <\/p>\n\n\n\n<p class=\"wp-block-paragraph\">Por fim, Antonelli foi questionado mais a fundo sobre a largada e admitiu que precisa praticar um pouco mais para melhorar este &#8220;ponto fraco&#8221;. <\/p>\n\n\n\n<p class=\"wp-block-paragraph\">\u201cPosso treinar algumas largadas para pegar uma sensibilidade melhor, porque, com certeza, isso tem sido um ponto fraco at\u00e9 agora neste ano. Preciso melhorar nisso, porque d\u00e1 para ganhar ou perder corridas facilmente por causa disso&#8221;, encerrou.<\/p>\n\n\n\n<p class=\"wp-block-paragraph\">A&nbsp;<strong>F\u00f3rmula 1<\/strong>&nbsp;agora entra em hiato ap\u00f3s a suspens\u00e3o dos GPs do&nbsp;<strong>Bahrein&nbsp;<\/strong>e da<strong>&nbsp;Ar\u00e1bia Saudita<\/strong>&nbsp;e retorna de 1\u00ba a 3 de maio com o&nbsp;<strong>GP de Miami<\/strong>.<\/p>\n\n\n\n<p class=\"wp-block-paragraph\"><strong>Inscreva-se nos dois canais do GRANDE PR\u00caMIO no YouTube:&nbsp;<a href=\"https:\/\/www.youtube.com\/channel\/UC9OlHEgxoaY6QY6nWPoiqQg?sub_confirmation=1\">GP<\/a>&nbsp;|&nbsp;<a href=\"https:\/\/www.youtube.com\/channel\/UC9csiS6q_C3C0FYhyr1rnFA?sub_confirmation=1\">GPTV<\/a><\/strong><\/p>\n\n\n\n<h2 class=\"wp-block-heading\" id=\"h-f1-hoje-saiba-aqui-as-noticias-mais-importantes-do-dia-da-formula-1\"><strong>F1 hoje: saiba aqui as not\u00edcias mais importantes do dia da F\u00f3rmula 1<\/strong><\/h2>\n\n\n\n<p class=\"wp-block-paragraph\">A reda\u00e7\u00e3o do&nbsp;<strong>GRANDE PR\u00caMIO<\/strong>&nbsp;selecionou as not\u00edcias mais importantes das \u00faltimas horas para voc\u00ea ficar por dentro de tudo que acontece na F1.<\/p>\n\n\n\n<p class=\"wp-block-paragraph\"><a href=\"https:\/\/www.grandepremio.com\/br\/video\/f1\/oliver-bearman-perde-controle-alta-velocidade-bate-forte-gp-do-japao\/\"><strong>Bearman perde controle em alta velocidade e bate forte no GP do Jap\u00e3o<\/strong><\/a><br><a href=\"https:\/\/www.grandepremio.com\/br\/video\/f1\/oscar-piastri-aproveita-largada-ruim-mercedes-salta-para-lideranca-gp-do-japao\/\"><strong>Piastri aproveita largada ruim da Mercedes e salta para lideran\u00e7a do GP do Jap\u00e3o<\/strong><\/a><br><a href=\"https:\/\/www.grandepremio.com\/br\/f1\/noticias\/kimi-antonelli-vale-safety-car-largada-ruim-vence-gp-japao-gabriel-bortoleto-13o\/\"><strong>Antonelli se vale de safety-car ap\u00f3s largada ruim e vence GP do Jap\u00e3o. Bortoleto \u00e9 13\u00ba<\/strong><\/a><br><a href=\"https:\/\/www.grandepremio.com\/br\/chefao\/\" target=\"_blank\" rel=\"noreferrer noopener\"><\/a><a href=\"https:\/\/www.grandepremio.com\/br\/chefao\/\" target=\"_blank\" rel=\"noreferrer noopener\"><\/a><\/p>\n","protected":false},"excerpt":{"rendered":"<p>Andrea Kimi Antonelli celebrou a segunda vit\u00f3ria seguida na temporada 2026 da F\u00f3rmula 1 e exaltou o ritmo &#8220;incr\u00edvel&#8221; da Mercedes no Jap\u00e3o<\/p>\n","protected":false},"author":0,"featured_media":1001073196,"comment_status":"closed","ping_status":"closed","sticky":false,"template":"","format":"standard","meta":{"42wp_featured_image_caption":"","42wp_featured_image_credits":"","42wp_featured_video":"","42wp_featured_image_hidden":false,"42wp_authors_list":[],"footnotes":""},"categories":[2],"tags":[27861,26271,5273,147,29516,29148,180,31425,28995,800,3023,38972,1491,28285,30840,24855,46326,32659,82,35129,608,46327,32660,31470,150],"42wp_author":[47162],"class_list":["post-10496","post","type-post","status-publish","format-standard","has-post-thumbnail","hentry","category-f1","tag-andrea-kimi-antonelli","tag-calendario-f1","tag-classificacao-f1","tag-f1","tag-f1-2026","tag-f1-hoje","tag-formula-1","tag-formula-1-2026","tag-formula-1-hoje","tag-george-russell","tag-gp-do-japao","tag-gp-do-japao-f1","tag-grande-premio","tag-grandepremio","tag-horarios-f1","tag-japao","tag-japao-2026","tag-japao-f1","tag-mercedes","tag-onde-assistir-f1","tag-suzuka","tag-suzuka-2026","tag-suzuka-f1","tag-temporada-2026-f1","tag-toto-wolff","42wp_author-giovani-danjo"],"_links":{"self":[{"href":"https:\/\/grandepremio.com\/br\/wp-json\/wp\/v2\/posts\/10496","targetHints":{"allow":["GET"]}}],"collection":[{"href":"https:\/\/grandepremio.com\/br\/wp-json\/wp\/v2\/posts"}],"about":[{"href":"https:\/\/grandepremio.com\/br\/wp-json\/wp\/v2\/types\/post"}],"replies":[{"embeddable":true,"href":"https:\/\/grandepremio.com\/br\/wp-json\/wp\/v2\/comments?post=10496"}],"version-history":[{"count":0,"href":"https:\/\/grandepremio.com\/br\/wp-json\/wp\/v2\/posts\/10496\/revisions"}],"wp:featuredmedia":[{"embeddable":true,"href":"https:\/\/grandepremio.com\/br\/wp-json\/wp\/v2\/media\/1001073196"}],"wp:attachment":[{"href":"https:\/\/grandepremio.com\/br\/wp-json\/wp\/v2\/media?parent=10496"}],"wp:term":[{"taxonomy":"category","embeddable":true,"href":"https:\/\/grandepremio.com\/br\/wp-json\/wp\/v2\/categories?post=10496"},{"taxonomy":"post_tag","embeddable":true,"href":"https:\/\/grandepremio.com\/br\/wp-json\/wp\/v2\/tags?post=10496"},{"taxonomy":"42wp_author","embeddable":true,"href":"https:\/\/grandepremio.com\/br\/wp-json\/wp\/v2\/42wp_author?post=10496"}],"curies":[{"name":"wp","href":"https:\/\/api.w.org\/{rel}","templated":true}]}}