{"id":104995,"date":"2023-03-07T15:46:35","date_gmt":"2023-03-07T18:46:35","guid":{"rendered":"https:\/\/grandepremio.com\/br\/noticias\/300-milhoes-reais-30-mil-empregos-o-que-sao-paulo-promete-estreia-formula-e\/"},"modified":"2023-03-07T16:45:20","modified_gmt":"2023-03-07T19:45:20","slug":"300-milhoes-reais-30-mil-empregos-o-que-sao-paulo-promete-estreia-formula-e","status":"publish","type":"post","link":"https:\/\/grandepremio.com\/br\/formula-e\/300-milhoes-reais-30-mil-empregos-o-que-sao-paulo-promete-estreia-formula-e\/","title":{"rendered":"&#8220;R$ 300 milh\u00f5es e 3 mil empregos&#8221;: o que S\u00e3o Paulo promete para estreia da F\u00f3rmula E"},"content":{"rendered":"\n<figure class=\"wp-block-embed is-type-video is-provider-youtube wp-block-embed-youtube wp-embed-aspect-16-9 wp-has-aspect-ratio\"><div class=\"wp-block-embed__wrapper\">\n<iframe loading=\"lazy\" title=\"F\u00d3RMULA E 2023 - eP CIDADE DO CABO | 5\u00aa etapa | Corrida\" width=\"500\" height=\"281\" src=\"https:\/\/www.youtube.com\/embed\/TbgZbiyOTwU?feature=oembed\" frameborder=\"0\" allow=\"accelerometer; autoplay; clipboard-write; encrypted-media; gyroscope; picture-in-picture; web-share\" referrerpolicy=\"strict-origin-when-cross-origin\" allowfullscreen><\/iframe>\n<\/div><figcaption>F\u00d3RMULA E 2023 &#8211; eP CIDADE DO CABO | 5\u00aa etapa | Corrida<\/figcaption><\/figure>\n\n\n\n<p class=\"wp-block-paragraph\">A <strong>F\u00f3rmula E<\/strong> j\u00e1 desembarcou em <strong>S\u00e3o Paulo<\/strong>. Ainda vai demorar algumas semanas at\u00e9 que pilotos e equipes estejam em solo paulistano, mas a organiza\u00e7\u00e3o j\u00e1 preparar a corrida marcada para o pr\u00f3ximo dia 25 de mar\u00e7o, que marca a estreia da categoria no Brasil ap\u00f3s nove anos. Nesta ter\u00e7a-feira (7), a F\u00f3rmula E realizou o lan\u00e7amento oficial do <strong>eP de S\u00e3o Paulo<\/strong>, em cerim\u00f4nia no <strong>Complexo do Anhembi<\/strong>, onde tamb\u00e9m esteve o prefeito <strong>Ricardo Nunes<\/strong>, que deu detalhes sobre o que o poder p\u00fablico espera com o evento.<\/p>\n\n\n\n<p class=\"wp-block-paragraph\">O Carnaval ficou oficialmente para tr\u00e1s e, com isso, o <strong><a href=\"https:\/\/www.grandepremio.com\/br\/formula-e\/noticias\/sao-paulo-anuncia-sambodromo-como-palco-de-etapa-da-formula-e-em-2023\/\" class=\"ek-link\">samb\u00f3dromo do Anhembi<\/a><\/strong> j\u00e1 come\u00e7ou a ser transformado na pista que receber\u00e1 a F\u00f3rmula E. As obras de adequa\u00e7\u00e3o tanto da casa do samba paulista quanto das avenidas e ruas no entorno fazem o local tomar cara de circuito aos poucos. No evento de lan\u00e7amento, onde o <strong>GRANDE PR\u00caMIO<\/strong> esteve presente, Nunes era um dos principais nomes junto de <strong>Alvaro Buenaventura<\/strong>, diretor da F\u00f3rmula E na Am\u00e9rica Latina, e os pilotos brasileiros <strong>Lucas Di Grassi<\/strong> e <strong>S\u00e9rgio Sette C\u00e2mara<\/strong>.<\/p>\n\n\n\n<p class=\"wp-block-paragraph\"><strong>\u25b6\ufe0f\u00a0Inscreva-se nos dois canais do GRANDE PR\u00caMIO no YouTube:\u00a0<a href=\"https:\/\/www.youtube.com\/channel\/UC9OlHEgxoaY6QY6nWPoiqQg?sub_confirmation=1\" target=\"_blank\" rel=\"noreferrer noopener\">GP<\/a>\u00a0|\u00a0<a href=\"https:\/\/www.youtube.com\/channel\/UC9csiS6q_C3C0FYhyr1rnFA?sub_confirmation=1\" target=\"_blank\" rel=\"noreferrer noopener\">GP2<\/a><\/strong><\/p>\n\n\n\n<p class=\"wp-block-paragraph\">A comitiva do prefeito chegou ao evento no Anhembi de \u00f4nibus el\u00e9trico, um modelo que far\u00e1 parte da mobilidade urbana da cidade e far\u00e1 gratuitamente o traslado do p\u00fablico entre o Terminal Rodovi\u00e1rio e Metrovi\u00e1rio do Tiet\u00ea e o Anhembi durante o dia da corrida.<\/p>\n\n\n\n<p class=\"wp-block-paragraph\">Aproveitando a categoria el\u00e9trica na cidade, Nunes refor\u00e7ou o compromisso de que 20% da frota de \u00f4nibus do sistema de transporte da cidade ser\u00e1 el\u00e9trica at\u00e9 o final de 2024. Garantiu, ainda, que, at\u00e9 o fim de 2023, 600 modelos como estes substituir\u00e3o \u00f4nibus movidos a diesel que atualmente fazem parte da frota de transporte p\u00fablica da cidade.<\/p>\n\n\n\n<p class=\"wp-block-paragraph\">De acordo com o prefeito, ainda, a F\u00f3rmula E em S\u00e3o Paulo vai movimentar a economia em R$ 300 milh\u00f5es, al\u00e9m de gerar 3 mil empregos formais, destacando o incremento na rede hoteleira e gastron\u00f4mica da cidade. O acordo entre S\u00e3o Paulo e F\u00f3rmula E tem dura\u00e7\u00e3o de cinco anos com op\u00e7\u00e3o de renova\u00e7\u00e3o por mais cinco.<\/p>\n\n\n\n<p class=\"wp-block-paragraph\">&#8220;Para este in\u00edcio, a prefeitura vai investir R$ 38 milh\u00f5es, e este valor vai reduzindo gradualmente para os cinco anos de contrato, com a estimativa de reduzir para R$ 22 milh\u00f5es no ano que vem. Al\u00e9m do retorno de R$ 300 milh\u00f5es, a F\u00f3rmula E refor\u00e7a a veia de receber grandes eventos da cidade de S\u00e3o Paulo&#8221;, declarou o prefeito.<\/p>\n\n\n\n<figure class=\"wp-block-image size-large\"><img decoding=\"async\" src=\"https:\/\/www.grandepremio.com\/br\/wp-content\/uploads\/2023\/03\/ANH2-1024x461.jpeg\" alt=\"\" class=\"wp-image-659577\"\/><figcaption>O Anhembi j\u00e1 tem cara de pista de corrida (Foto Daniel Balsa\/GRANDE PR\u00caMIO)<\/figcaption><\/figure>\n\n\n\n<h3 class=\"wp-block-heading\" id=\"h-as-reformas-na-pista-de-sao-paulo\">As reformas na pista de S\u00e3o Paulo<\/h3>\n\n\n\n<p class=\"wp-block-paragraph\">Lucas Di Grassi revelou que o tra\u00e7ado n\u00e3o ter\u00e1 nenhuma chicane na parte do samb\u00f3dromo, com isso, a reta de chegada ser\u00e1 a maior da temporada 2023 da F\u00f3rmula E.<\/p>\n\n\n\n<p class=\"wp-block-paragraph\">O <strong>GRANDE PR\u00caMIO<\/strong> teve acesso \u00e0 pista e pode perceber obras avan\u00e7adas no entorno do samb\u00f3dromo, sobretudo na Avenida Olavo Fontoura, mas que a reta dos boxes ainda apresentava o piso utilizado nos desfiles das escolas de samba, que ficou muito escorregadio ap\u00f3s a breve chuva que caiu sobre S\u00e3o Paulo.<\/p>\n\n\n\n<p class=\"wp-block-paragraph\">O <strong>GP<\/strong> ouviu <strong>Guilherme Birello<\/strong>, respons\u00e1vel da F\u00f3rmula E pelas quest\u00f5es da pista, que disse que, apesar disso, a reta n\u00e3o representar\u00e1 problemas para a corrida.<\/p>\n\n\n\n<p class=\"wp-block-paragraph\">&#8220;N\u00f3s vamos aplicar uma tinta antiaderente, que \u00e9 padr\u00e3o FIA, que j\u00e1 se utiliza em outras etapas da F\u00f3rmula E e em \u00e1reas de escape em outros aut\u00f3dromos&#8221;, declarou.<\/p>\n\n\n\n<p class=\"wp-block-paragraph\">Birello tamb\u00e9m explicou que toda a pista foi pensada para gerar o menor impacto poss\u00edvel no local e realizar poucas mudan\u00e7as estruturais.<\/p>\n\n\n\n<p class=\"wp-block-paragraph\">&#8220;N\u00e3o vamos utilizar a Marginal, diferente do que foi com a Indy, para n\u00e3o causar um impacto na cidade. A F\u00f3rmula E tem como premissa impactar da menor forma poss\u00edvel a cidade que lhe recebe. Outra coisa que n\u00f3s atentamos aqui \u00e9 montar uma pista que pudesse ter uma estrutura de entrada e sa\u00edda de boxes. Hoje n\u00e3o \u00e9 t\u00e3o usual na categoria, mas vai ser no futuro, ent\u00e3o estamos pensando nisso&#8221;, destacou Birello.<\/p>\n\n\n\n<figure class=\"wp-block-image size-large\"><img decoding=\"async\" src=\"https:\/\/www.grandepremio.com\/br\/wp-content\/uploads\/2023\/03\/ANH1-1024x563.jpeg\" alt=\"\" class=\"wp-image-659573\"\/><figcaption>A montagem da pista da F\u00f3rmula E no Anhembi (Foto Daniel Balsa\/GRANDE PR\u00caMIO)<\/figcaption><\/figure>\n\n\n\n<h3 class=\"wp-block-heading\">Por mais e mais anos<\/h3>\n\n\n\n<p class=\"wp-block-paragraph\">Alvaro Buenaventura, diretor da Am\u00e9rica Latina da F\u00f3rmula E, destacou a chegada da categoria em S\u00e3o Paulo e j\u00e1 fala em seguir na cidade por mais anos al\u00e9m do contrato atual &#8211; que vai at\u00e9 2027.<\/p>\n\n\n\n<p class=\"wp-block-paragraph\">&#8220;Finalmente, chegamos em S\u00e3o Paulo. Fizemos a tempestade perfeita com a prefeitura, os pilotos e a F\u00f3rmula E. Temos um contrato de cinco anos, mas, oxal\u00e1, vamos para mais cinco&#8221;, finalizou.<\/p>\n\n\n\n<p class=\"wp-block-paragraph\">O <strong>GRANDE PR\u00caMIO<\/strong> \u00e9 detentor dos direitos de transmiss\u00e3o da F\u00f3rmula E e, desta maneira, transmite todas as atividades de pista do eP de S\u00e3o Paulo e todas as outras etapas do calend\u00e1rio, como j\u00e1 fez no eP da Cidade do Cabo.<\/p>\n\n\n\n<figure class=\"wp-block-embed is-type-video is-provider-youtube wp-block-embed-youtube wp-embed-aspect-16-9 wp-has-aspect-ratio\"><div class=\"wp-block-embed__wrapper\">\n<iframe loading=\"lazy\" title=\"F\u00c9LIX DA COSTA VENCE, DI GRASSI NEM LARGA: o eP DA CIDADE DO CABO DE F\u00d3RMULA E | Briefing\" width=\"500\" height=\"281\" src=\"https:\/\/www.youtube.com\/embed\/sYYWL62UJIE?feature=oembed\" frameborder=\"0\" allow=\"accelerometer; autoplay; clipboard-write; encrypted-media; gyroscope; picture-in-picture; web-share\" referrerpolicy=\"strict-origin-when-cross-origin\" allowfullscreen><\/iframe>\n<\/div><figcaption>F\u00c9LIX DA COSTA VENCE, DI GRASSI NEM LARGA: o eP DA CIDADE DO CABO DE F\u00d3RMULA E | Briefing<\/figcaption><\/figure>\n","protected":false},"excerpt":{"rendered":"<p>Prefeito Ricardo Nunes aproveitou evento da F\u00f3rmula E para anunciar frota de \u00f4nibus el\u00e9tricos na capital paulista e dar alguns n\u00fameros do que a cidade espera com a corrida<\/p>\n","protected":false},"author":0,"featured_media":1000659576,"comment_status":"closed","ping_status":"closed","sticky":false,"template":"","format":"standard","meta":{"42wp_featured_image_caption":"","42wp_featured_image_credits":"","42wp_featured_video":"","42wp_featured_image_hidden":false,"42wp_authors_list":[],"footnotes":""},"categories":[19],"tags":[31468,30779,31435,1491,33855,28285,27201,966,1025],"42wp_author":[47155,47120],"class_list":["post-104995","post","type-post","status-publish","format-standard","has-post-thumbnail","hentry","category-formula-e","tag-ep-de-sao-paulo","tag-fe-2023","tag-formula-e-2023","tag-grande-premio","tag-grande-premio-fe","tag-grandepremio","tag-lancamento","tag-lucas-di-grassi","tag-sergio-sette-camara","42wp_author-daniel-balsa","42wp_author-pedro-henrique-marum"],"_links":{"self":[{"href":"https:\/\/grandepremio.com\/br\/wp-json\/wp\/v2\/posts\/104995","targetHints":{"allow":["GET"]}}],"collection":[{"href":"https:\/\/grandepremio.com\/br\/wp-json\/wp\/v2\/posts"}],"about":[{"href":"https:\/\/grandepremio.com\/br\/wp-json\/wp\/v2\/types\/post"}],"replies":[{"embeddable":true,"href":"https:\/\/grandepremio.com\/br\/wp-json\/wp\/v2\/comments?post=104995"}],"version-history":[{"count":0,"href":"https:\/\/grandepremio.com\/br\/wp-json\/wp\/v2\/posts\/104995\/revisions"}],"wp:featuredmedia":[{"embeddable":true,"href":"https:\/\/grandepremio.com\/br\/wp-json\/wp\/v2\/media\/1000659576"}],"wp:attachment":[{"href":"https:\/\/grandepremio.com\/br\/wp-json\/wp\/v2\/media?parent=104995"}],"wp:term":[{"taxonomy":"category","embeddable":true,"href":"https:\/\/grandepremio.com\/br\/wp-json\/wp\/v2\/categories?post=104995"},{"taxonomy":"post_tag","embeddable":true,"href":"https:\/\/grandepremio.com\/br\/wp-json\/wp\/v2\/tags?post=104995"},{"taxonomy":"42wp_author","embeddable":true,"href":"https:\/\/grandepremio.com\/br\/wp-json\/wp\/v2\/42wp_author?post=104995"}],"curies":[{"name":"wp","href":"https:\/\/api.w.org\/{rel}","templated":true}]}}