{"id":10501,"date":"2026-03-29T01:57:47","date_gmt":"2026-03-29T04:57:47","guid":{"rendered":"https:\/\/grandepremio.com\/br\/noticias\/george-russell-lamenta-erro-ajuste-mercedes-japao-estou-maos-atadas\/"},"modified":"2026-03-29T01:57:55","modified_gmt":"2026-03-29T04:57:55","slug":"george-russell-lamenta-erro-ajuste-mercedes-japao-estou-maos-atadas","status":"publish","type":"post","link":"https:\/\/grandepremio.com\/br\/f1\/george-russell-lamenta-erro-ajuste-mercedes-japao-estou-maos-atadas\/","title":{"rendered":"Russell lamenta erro de ajuste da Mercedes no Jap\u00e3o: &#8220;Estou de m\u00e3os atadas&#8221;"},"content":{"rendered":"\n<p class=\"wp-block-paragraph\">A <a href=\"https:\/\/www.grandepremio.com\/br\/f1\/noticias\/kimi-antonelli-voa-suzuka-bate-george-russell-0s3-crava-pole-gp-japao-gabriel-bortoleto-9o\/\">classifica\u00e7\u00e3o<\/a> do <strong>GP do Jap\u00e3o <\/strong>n\u00e3o ocorreu como esperado por <strong>George Russell<\/strong>, e isso pode ter complicado a corrida do l\u00edder do campeonato. Depois de fazer um ajuste que classificou como &#8220;m\u00ednimo&#8221;, o piloto da <strong>Mercedes <\/strong>teve de lidar com um carro que deslizava nas curvas durante a sess\u00e3o. Por fim, ficou com a segunda posi\u00e7\u00e3o, mas se v\u00ea &#8220;de m\u00e3o atadas&#8221; para a etapa em <strong>Suzuka<\/strong>.<\/p>\n\n\n\n<p class=\"wp-block-paragraph\">Em entrevista \u00e0 emissora inglesa <em>Sky Sports<\/em>, Russell explicou que a altera\u00e7\u00e3o feita no carro <strong>#63<\/strong> n\u00e3o deveria ter desencadeado grandes consequ\u00eancias. Pelo contr\u00e1rio, a pretens\u00e3o era apenas acertar o equil\u00edbrio. No entanto, o resultado foi bem diferente do que imaginava.<\/p>\n\n\n\n<figure class=\"wp-block-embed is-type-video is-provider-youtube wp-block-embed-youtube wp-embed-aspect-16-9 wp-has-aspect-ratio\"><div class=\"wp-block-embed__wrapper\">\n<iframe loading=\"lazy\" title=\"F1 2026 HIGHLIGHTS: ANTONELLI VENCE, BEARMAN ASSUSTA FORMULA 1 NO JAP\u00c3O [narra\u00e7\u00e3o + Briefing]\" width=\"500\" height=\"281\" src=\"https:\/\/www.youtube.com\/embed\/V5Gm_7E0gMc?feature=oembed\" frameborder=\"0\" allow=\"accelerometer; autoplay; clipboard-write; encrypted-media; gyroscope; picture-in-picture; web-share\" referrerpolicy=\"strict-origin-when-cross-origin\" allowfullscreen><\/iframe>\n<\/div><figcaption class=\"wp-element-caption\">\ud83d\udd34 ANTONELLI \u00d7 RUSSELL, BORTOLETO DE OLHO NOS PONTOS: ESQUENTA PR\u00c9-CORRIDA DO GP DO JAP\u00c3O [Briefing]<\/figcaption><\/figure>\n\n\n\n<p class=\"wp-block-paragraph\"><strong><mark>+ GP EXPERIENCE: o novo produto do GRANDE PR\u00caMIO conecta voc\u00ea aos maiores eventos de esporte a motor do mundo. V\u00e1 para Indian\u00e1polis com a gente:&nbsp;<a href=\"https:\/\/gpexperience.tur.br\/\">saiba aqui todos os detalhes<\/a>.<\/mark><\/strong><\/p>\n\n\n\n<p class=\"wp-block-paragraph\">&#8220;Fizemos um ajuste na traseira do carro antes da classifica\u00e7\u00e3o, mas foi m\u00ednimo, feito para ser impercept\u00edvel. Sa\u00ed para a pista e estava t\u00e3o ruim que parecia que algo estava quebrado na parte de tr\u00e1s. N\u00e3o melhorou, tive de ajustar bastante o estilo de pilotagem e retirar muito da asa dianteira para compensar, porque era quase como se estivesse rodando nas entradas das curvas. Na \u00faltima curva, n\u00e3o consegui dar a volta, quase derrapei. \u00c9 muito irritante. N\u00e3o sei o que aconteceu\u201d, declarou.<\/p>\n\n\n\n<p class=\"wp-block-paragraph\">\u201cFizemos a altera\u00e7\u00e3o apenas para equilibrar o carro. N\u00e3o quero entrar em muitos detalhes, mas foi apenas uma mudan\u00e7a muito pequena. \u00c9 algo que sempre fizemos no passado. Ainda estamos nos adaptando a este carro, ent\u00e3o isso tem um impacto muito maior do que percebemos. Ou fizemos algo errado, ou algo est\u00e1 quebrado. E, infelizmente, estamos um pouco de m\u00e3os atadas agora\u201d, complementou.<\/p>\n\n\n\n<figure class=\"wp-block-image size-large\"><img decoding=\"async\" src=\"https:\/\/www.grandepremio.com\/br\/wp-content\/uploads\/2026\/03\/treinos-livres-f1-2026-mercedes-george-russell-01-1-1200x800.jpg\" alt=\"\" class=\"wp-image-1072610\"\/><figcaption class=\"wp-element-caption\">George Russell lamentou problema com Mercedes (Foto: Mercedes)<\/figcaption><\/figure>\n\n\n\n<p class=\"wp-block-paragraph\">O ingl\u00eas venceu a primeira etapa do ano, na <strong>Austr\u00e1lia<\/strong>, e a sprint na <strong>China<\/strong>, al\u00e9m de ter ficado com a segunda coloca\u00e7\u00e3o na corrida principal em <strong>Xangai<\/strong>. Com isso, soma 51 tentos e est\u00e1 na ponta do <strong>Mundial de Pilotos<\/strong>, com quatro pontos a mais que o companheiro de equipe, <strong>Andrea Kimi Antonelli<\/strong>, pole-position em Suzuka.<\/p>\n\n\n\n<p class=\"wp-block-paragraph\" id=\"h-gp-experience-o-novo-produto-do-grande-premio-conecta-voce-aos-maiores-eventos-de-esporte-a-motor-do-mundo-va-para-indianapolis-com-a-gente-saiba-aqui-todos-os-detalhes\">O&nbsp;<strong>GRANDE PR\u00caMIO<\/strong>&nbsp;acompanha todas as atividades do&nbsp;<strong>GP do Jap\u00e3o<\/strong>, terceira etapa da&nbsp;<strong>temporada 2026&nbsp;<\/strong>da F1,<a href=\"https:\/\/www.grandepremio.com\/br\/ao-vivo\/f1\/\">&nbsp;<strong>AO VIVO E EM&nbsp;<\/strong><\/a><strong><a href=\"https:\/\/www.grandepremio.com\/br\/ao-vivo\/\" target=\"_blank\" rel=\"noreferrer noopener\">TEMPO REAL<\/a><\/strong>,&nbsp;<a href=\"https:\/\/www.youtube.com\/@GrandePremio1\/streams\">al\u00e9m de classifica\u00e7\u00e3o e corrida em&nbsp;<strong>SEGUNDA TELA&nbsp;<\/strong>no YouTube<\/a>, em parceria com a&nbsp;<strong>Voz do Esporte<\/strong>. O&nbsp;<strong>Briefing&nbsp;<\/strong>chega para analisar ap\u00f3s o fim de cada dia de atividades nas redes sociais e na&nbsp;<strong>GPTV<\/strong>.<\/p>\n\n\n\n<h2 class=\"wp-block-heading\" id=\"h-gp-do-japao-de-f1-veja-os-horarios-em-brasil-cabo-verde-nbsp-portugal-angola-e-mocambique\"><strong>GP do Jap\u00e3o de F1: veja os hor\u00e1rios em Brasil, Cabo Verde,&nbsp;<a href=\"https:\/\/grandepremio.pt\/\" target=\"_blank\" rel=\"noreferrer noopener\">Portugal<\/a>, Angola e Mo\u00e7ambique:<\/strong><\/h2>\n\n\n\n<figure class=\"wp-block-table\"><table class=\"has-fixed-layout\"><tbody><tr><td class=\"has-text-align-left\" data-align=\"left\"><strong>Sess\u00e3o<\/strong><\/td><td class=\"has-text-align-left\" data-align=\"left\"><strong>BRA*<\/strong><\/td><td class=\"has-text-align-left\" data-align=\"left\"><strong>CBV<\/strong><\/td><td class=\"has-text-align-left\" data-align=\"left\"><strong>POR<\/strong><br><strong>ANG<\/strong><\/td><td class=\"has-text-align-left\" data-align=\"left\"><strong>MOZ<\/strong><\/td><\/tr><tr><td class=\"has-text-align-left\" data-align=\"left\">Corrida<\/td><td class=\"has-text-align-left\" data-align=\"left\">02:00<\/td><td class=\"has-text-align-left\" data-align=\"left\">04:00<\/td><td class=\"has-text-align-left\" data-align=\"left\">06:00<\/td><td class=\"has-text-align-left\" data-align=\"left\">07:00<\/td><\/tr><\/tbody><\/table><\/figure>\n\n\n\n<p class=\"wp-block-paragraph\"><em>*Hor\u00e1rio de Bras\u00edlia<\/em><\/p>\n\n\n\n<p class=\"wp-block-paragraph\">\u25b6\ufe0fInscreva-se nos dois canais do GRANDE PR\u00caMIO no YouTube:&nbsp;<strong><a href=\"https:\/\/www.youtube.com\/channel\/UC9OlHEgxoaY6QY6nWPoiqQg?sub_confirmation=1\">GP<\/a>&nbsp;|&nbsp;<a href=\"https:\/\/www.youtube.com\/channel\/UC9csiS6q_C3C0FYhyr1rnFA?sub_confirmation=1\">GPTV<\/a><\/strong><\/p>\n\n\n\n<h2 class=\"wp-block-heading\" id=\"h-f1-hoje-saiba-aqui-as-noticias-mais-importantes-do-dia-da-formula-1\"><strong>F1 hoje: saiba aqui as not\u00edcias mais importantes do dia da F\u00f3rmula 1<\/strong><\/h2>\n\n\n\n<p class=\"wp-block-paragraph\">A reda\u00e7\u00e3o do&nbsp;<strong>GRANDE PR\u00caMIO<\/strong>&nbsp;selecionou as not\u00edcias mais importantes das \u00faltimas horas para voc\u00ea ficar por dentro de tudo que acontece na F1.<\/p>\n\n\n\n<p class=\"wp-block-paragraph\">\u25b6\ufe0f<a href=\"https:\/\/www.grandepremio.com\/br\/f1\/noticias\/oscar-piastri-surpreende-mercedes-lidera-tl2-gp-japao-gabriel-bortoleto-sofre-motor\/\"><strong>Piastri surpreende Mercedes e lidera TL2 do GP do Jap\u00e3o. Bortoleto sofre com motor<\/strong><\/a><br>\u25b6\ufe0f<a href=\"https:\/\/www.grandepremio.com\/br\/f1\/noticias\/george-russell-bate-kimi-antonelli-duelo-mercedes-lidera-tl1-gp-japao-gabriel-bortoleto-11o\/\"><strong>Russell bate Antonelli em duelo da Mercedes e lidera TL1 do GP do Jap\u00e3o. Bortoleto \u00e9 11\u00ba<\/strong><\/a><br>\u25b6\ufe0f<a href=\"https:\/\/www.grandepremio.com\/br\/f1\/noticias\/victor-martins-max-verstappen-mostra-f1-segue-posturas-pateticas-incluindo-imprensa\/\"><strong>Victor Martins: Verstappen expulsa jornalista em papel pat\u00e9tico (e dos coleguinhas tamb\u00e9m)<\/strong><\/a><\/p>\n","protected":false},"excerpt":{"rendered":"<p>George Russell tentou ajustar o equil\u00edbrio do carro e acabou tendo problemas. Com isso, o piloto brit\u00e2nico largar\u00e1 da segunda posi\u00e7\u00e3o no Jap\u00e3o e ficou distante de Andrea Kimi Antonelli na classifica\u00e7\u00e3o<\/p>\n","protected":false},"author":0,"featured_media":1001072609,"comment_status":"closed","ping_status":"closed","sticky":false,"template":"","format":"standard","meta":{"42wp_featured_image_caption":"","42wp_featured_image_credits":"","42wp_featured_video":"","42wp_featured_image_hidden":false,"42wp_authors_list":[],"footnotes":""},"categories":[2],"tags":[26271,5273,147,29516,29148,180,31425,28995,3023,1491,28285,30840,24855,46326,32659,35129,608,46327,32660,31470],"42wp_author":[47167],"class_list":["post-10501","post","type-post","status-publish","format-standard","has-post-thumbnail","hentry","category-f1","tag-calendario-f1","tag-classificacao-f1","tag-f1","tag-f1-2026","tag-f1-hoje","tag-formula-1","tag-formula-1-2026","tag-formula-1-hoje","tag-gp-do-japao","tag-grande-premio","tag-grandepremio","tag-horarios-f1","tag-japao","tag-japao-2026","tag-japao-f1","tag-onde-assistir-f1","tag-suzuka","tag-suzuka-2026","tag-suzuka-f1","tag-temporada-2026-f1","42wp_author-julia-palomares-aro"],"_links":{"self":[{"href":"https:\/\/grandepremio.com\/br\/wp-json\/wp\/v2\/posts\/10501","targetHints":{"allow":["GET"]}}],"collection":[{"href":"https:\/\/grandepremio.com\/br\/wp-json\/wp\/v2\/posts"}],"about":[{"href":"https:\/\/grandepremio.com\/br\/wp-json\/wp\/v2\/types\/post"}],"replies":[{"embeddable":true,"href":"https:\/\/grandepremio.com\/br\/wp-json\/wp\/v2\/comments?post=10501"}],"version-history":[{"count":0,"href":"https:\/\/grandepremio.com\/br\/wp-json\/wp\/v2\/posts\/10501\/revisions"}],"wp:featuredmedia":[{"embeddable":true,"href":"https:\/\/grandepremio.com\/br\/wp-json\/wp\/v2\/media\/1001072609"}],"wp:attachment":[{"href":"https:\/\/grandepremio.com\/br\/wp-json\/wp\/v2\/media?parent=10501"}],"wp:term":[{"taxonomy":"category","embeddable":true,"href":"https:\/\/grandepremio.com\/br\/wp-json\/wp\/v2\/categories?post=10501"},{"taxonomy":"post_tag","embeddable":true,"href":"https:\/\/grandepremio.com\/br\/wp-json\/wp\/v2\/tags?post=10501"},{"taxonomy":"42wp_author","embeddable":true,"href":"https:\/\/grandepremio.com\/br\/wp-json\/wp\/v2\/42wp_author?post=10501"}],"curies":[{"name":"wp","href":"https:\/\/api.w.org\/{rel}","templated":true}]}}