{"id":105018,"date":"2023-03-06T13:55:42","date_gmt":"2023-03-06T16:55:42","guid":{"rendered":"https:\/\/grandepremio.com\/br\/noticias\/pierre-gasly-otimista-alpine-11-posicoes-bahrein-base-otima\/"},"modified":"2023-03-06T14:08:07","modified_gmt":"2023-03-06T17:08:07","slug":"pierre-gasly-otimista-alpine-11-posicoes-bahrein-base-otima","status":"publish","type":"post","link":"https:\/\/grandepremio.com\/br\/f1\/pierre-gasly-otimista-alpine-11-posicoes-bahrein-base-otima\/","title":{"rendered":"Gasly se diz \u201cotimista\u201d com Alpine ap\u00f3s ganhar 11 posi\u00e7\u00f5es no Bahrein: \u201cBase \u00f3tima\u201d"},"content":{"rendered":"\n<figure class=\"wp-block-embed is-type-video is-provider-youtube wp-block-embed-youtube wp-embed-aspect-16-9 wp-has-aspect-ratio\"><div class=\"wp-block-embed__wrapper\">\n<iframe loading=\"lazy\" title=\"CHORA, TOTO! &quot;N\u00c3O \u00c9 CEDO PARA MERCEDES SE DESESPERAR NA F1&quot; | GP \u00e0s 10\" width=\"500\" height=\"281\" src=\"https:\/\/www.youtube.com\/embed\/PIpFHCkYlXA?feature=oembed\" frameborder=\"0\" allow=\"accelerometer; autoplay; clipboard-write; encrypted-media; gyroscope; picture-in-picture; web-share\" referrerpolicy=\"strict-origin-when-cross-origin\" allowfullscreen><\/iframe>\n<\/div><\/figure>\n\n\n\n<p class=\"wp-block-paragraph\">Piloto que mais ganhou posi\u00e7\u00f5es na etapa de abertura da temporada 2023 da <strong>F\u00f3rmula 1<\/strong>, no <strong>Bahrein<\/strong>, <strong>Pierre Gasly <\/strong>saiu de Sakhir bastante satisfeito por sua estreia pela <strong>Alpine <\/strong>no \u00faltimo domingo (5). O franc\u00eas largou da 20\u00aa e \u00faltima posi\u00e7\u00e3o para chegar em nono <a href=\"https:\/\/www.grandepremio.com\/br\/f1\/noticias\/max-verstappen-aniquila-concorrencia-vence-gp-do-bahrein-formula-1-fernando-alonso-vai-podio\/\" target=\"_blank\" aria-label=\"na prova que marcou o in\u00edcio oficial do campeonato (opens in a new tab)\" rel=\"noreferrer noopener\" class=\"ek-link\">na prova que marcou o in\u00edcio oficial do campeonato<\/a>, somando seus dois primeiros pontos pelo time franc\u00eas e consolidando uma recupera\u00e7\u00e3o impressionante logo na primeira corrida.<\/p>\n\n\n\n<p class=\"wp-block-paragraph\">&#8220;Eu disse que buscaria os pontos, mas sab\u00edamos que seria uma tarefa dif\u00edcil&#8221;, admitiu Gasly. &#8220;Preciso dizer que estou muito feliz por terminar essa primeira corrida pela Alpine com pontos, especialmente largando de onde est\u00e1vamos ontem. As coisas n\u00e3o aconteceram [na classifica\u00e7\u00e3o], mas eu estava confiante em nosso ritmo de corrida. Foi uma prova muito positiva&#8221;, destacou.<\/p>\n\n\n\n<p class=\"wp-block-paragraph\"><strong>\u25b6\ufe0f&nbsp;<a href=\"https:\/\/www.twitch.tv\/grandepremio\" target=\"_blank\" rel=\"noreferrer noopener\">Conhe\u00e7a o canal do GRANDE PR\u00caMIO na Twitch clicando aqui!<\/a><\/strong><\/p>\n\n\n\n<figure class=\"wp-block-image size-large\"><img decoding=\"async\" src=\"https:\/\/www.grandepremio.com\/br\/wp-content\/uploads\/2023\/03\/alpine-pierregasly-afp-01-1024x683.jpg\" alt=\"\" class=\"wp-image-657685\"\/><figcaption>Gasly demonstrou otimismo ap\u00f3s excelente recupera\u00e7\u00e3o com a Alpine (Foto: AFP)<\/figcaption><\/figure>\n\n\n\n<p class=\"wp-block-paragraph\"><strong>\u25b6\ufe0f&nbsp;Inscreva-se nos dois canais do GRANDE PR\u00caMIO no YouTube:&nbsp;<a href=\"https:\/\/www.youtube.com\/channel\/UC9OlHEgxoaY6QY6nWPoiqQg?sub_confirmation=1\" target=\"_blank\" rel=\"noreferrer noopener\">GP<\/a>&nbsp;|&nbsp;<a href=\"https:\/\/www.youtube.com\/channel\/UC9csiS6q_C3C0FYhyr1rnFA?sub_confirmation=1\" target=\"_blank\" rel=\"noreferrer noopener\">GP2<\/a><\/strong><\/p>\n\n\n\n<p class=\"wp-block-paragraph\">Apesar da proximidade com <strong>Valtteri Bottas <\/strong>na linha de chegada \u2014 os dois completaram a prova separados por apenas <strong>1s1 <\/strong>\u2014, Gasly n\u00e3o v\u00ea um cen\u00e1rio em que a Alpine pudesse ter somado mais pontos com o carro #10 no Bahrein. Por outro lado, o franc\u00eas confia na base da equipe constru\u00edda ano passado para subir o n\u00edvel e levar a briga ao top-3.<\/p>\n\n\n\n<p class=\"wp-block-paragraph\">&#8220;Come\u00e7ando de onde come\u00e7amos, acho que n\u00e3o tinha muito a mais que pud\u00e9ssemos conseguir&#8221;, reconheceu o franc\u00eas. &#8220;Precisamos trabalhar. As quatro melhores equipes est\u00e3o conseguindo brigar pelo p\u00f3dio, agora que a Aston Martin encostou nas tr\u00eas principais [Red Bull, Ferrari e Mercedes], mas acho que temos uma \u00f3tima base&#8221;, avaliou.<\/p>\n\n\n\n<p class=\"wp-block-paragraph\">Para Gasly, o resultado poderia ter sido muito melhor se n\u00e3o fosse pelo tr\u00e1fego, natural para algu\u00e9m que largou no fundo do pelot\u00e3o. Ainda que tenha ganho posi\u00e7\u00f5es ao longo da corrida, Pierre acredita que uma classifica\u00e7\u00e3o bem feita possibilitar\u00e1 uma briga bem mais \u00e0 frente no grid.<\/p>\n\n\n\n<p class=\"wp-block-paragraph\">&#8220;Eu perdi muito tempo no tr\u00e1fego no in\u00edcio da corrida&#8221;, reclamou. &#8220;Ent\u00e3o, largar na posi\u00e7\u00e3o certa definitivamente nos dar\u00e1 mais possibilidades, e estou bastante otimista para as pr\u00f3ximas corridas&#8221;, finalizou.<\/p>\n\n\n\n<p class=\"wp-block-paragraph\">A pr\u00f3xima etapa da&nbsp;<a href=\"https:\/\/www.grandepremio.com\/formula-1\/\" target=\"_blank\" rel=\"noreferrer noopener\">F\u00f3rmula 1<\/a>&nbsp;acontece em duas semanas, com o&nbsp;<strong>GP da Ar\u00e1bia Saudita<\/strong>, programado para ser realizado entre os dias&nbsp;<strong>17&nbsp;<\/strong>e&nbsp;<strong>19 de mar\u00e7o<\/strong>, em&nbsp;<strong><a href=\"https:\/\/www.grandepremio.com\/br\/circuito\/jida\/\" target=\"_blank\" rel=\"noreferrer noopener\">Jed\u00e1<\/a><\/strong>.<\/p>\n","protected":false},"excerpt":{"rendered":"<p>Em sua corrida de estreia pela Alpine, Pierre Gasly saiu da \u00faltima posi\u00e7\u00e3o para terminar em nono no GP do Bahrein e disse que recupera\u00e7\u00e3o o deixou animado para sequ\u00eancia da temporada<\/p>\n","protected":false},"author":0,"featured_media":1000657943,"comment_status":"closed","ping_status":"closed","sticky":false,"template":"","format":"standard","meta":{"42wp_featured_image_caption":"","42wp_featured_image_credits":"","42wp_featured_video":"","42wp_featured_image_hidden":false,"42wp_authors_list":[],"footnotes":""},"categories":[2],"tags":[20491,147,6533,180,1754,1491,30103,28285,676,25167,1756],"42wp_author":[47142],"class_list":["post-105018","post","type-post","status-publish","format-standard","has-post-thumbnail","hentry","category-f1","tag-alpine","tag-f1","tag-f1-2023","tag-formula-1","tag-gp-do-bahrein","tag-grande-premio","tag-grande-premio-f1","tag-grandepremio","tag-pierre-gasly","tag-recuperacao","tag-sakhir","42wp_author-jp-nascimento"],"_links":{"self":[{"href":"https:\/\/grandepremio.com\/br\/wp-json\/wp\/v2\/posts\/105018","targetHints":{"allow":["GET"]}}],"collection":[{"href":"https:\/\/grandepremio.com\/br\/wp-json\/wp\/v2\/posts"}],"about":[{"href":"https:\/\/grandepremio.com\/br\/wp-json\/wp\/v2\/types\/post"}],"replies":[{"embeddable":true,"href":"https:\/\/grandepremio.com\/br\/wp-json\/wp\/v2\/comments?post=105018"}],"version-history":[{"count":0,"href":"https:\/\/grandepremio.com\/br\/wp-json\/wp\/v2\/posts\/105018\/revisions"}],"wp:featuredmedia":[{"embeddable":true,"href":"https:\/\/grandepremio.com\/br\/wp-json\/wp\/v2\/media\/1000657943"}],"wp:attachment":[{"href":"https:\/\/grandepremio.com\/br\/wp-json\/wp\/v2\/media?parent=105018"}],"wp:term":[{"taxonomy":"category","embeddable":true,"href":"https:\/\/grandepremio.com\/br\/wp-json\/wp\/v2\/categories?post=105018"},{"taxonomy":"post_tag","embeddable":true,"href":"https:\/\/grandepremio.com\/br\/wp-json\/wp\/v2\/tags?post=105018"},{"taxonomy":"42wp_author","embeddable":true,"href":"https:\/\/grandepremio.com\/br\/wp-json\/wp\/v2\/42wp_author?post=105018"}],"curies":[{"name":"wp","href":"https:\/\/api.w.org\/{rel}","templated":true}]}}