{"id":10504,"date":"2026-03-29T00:05:06","date_gmt":"2026-03-29T03:05:06","guid":{"rendered":"https:\/\/grandepremio.com\/br\/noticias\/formula-1-realiza-gp-japao-domingo-nublado-baixa-probabilidade-chuva\/"},"modified":"2026-03-29T01:54:01","modified_gmt":"2026-03-29T04:54:01","slug":"formula-1-realiza-gp-japao-domingo-nublado-baixa-probabilidade-chuva","status":"publish","type":"post","link":"https:\/\/grandepremio.com\/br\/f1\/formula-1-realiza-gp-japao-domingo-nublado-baixa-probabilidade-chuva\/","title":{"rendered":"F\u00f3rmula 1 realiza GP do Jap\u00e3o em domingo nublado e com baixa probabilidade de chuva"},"content":{"rendered":"\n<p class=\"wp-block-paragraph\">A <strong>F\u00f3rmula 1<\/strong> realiza neste domingo (29) o<strong> GP do Jap\u00e3o<\/strong>, terceira etapa da <strong>temporada 2026<\/strong>, e os pilotos ter\u00e3o pela frente mais um dia de temperaturas amenas, por\u00e9m com aumento da nebulosidade. Isso porque h\u00e1 uma pequena probabilidade de chuva indicada pela meteorologia. Confira a previs\u00e3o completa.<\/p>\n\n\n\n<p class=\"wp-block-paragraph\">A largada est\u00e1 prevista para as 14h, hor\u00e1rio de <strong>Suzuka <\/strong>(2h em Bras\u00edlia, GMT-3), e a meteorologia indica term\u00f4metros em 19\u00b0C, assim como a sensa\u00e7\u00e3o t\u00e9rmica, e umidade relativa do ar em 58%. Os ventos, por sua vez, sopram a 10 km\/h a sul-sudeste, com rajadas de at\u00e9 22 km\/h.<\/p>\n\n\n\n<p class=\"wp-block-paragraph\">Para a primeira parte, a previs\u00e3o do tempo aponta 19% de chance de chuva. Essa probabilidade se mant\u00e9m at\u00e9 a bandeirada, enquanto a umidade relativa do ar sobe gradativamente at\u00e9 atingir 63%. <\/p>\n\n\n\n<p class=\"wp-block-paragraph\">A temperatura ambiente, em contrapartida, desce um pouco, 18\u00b0C, e os ventos, agora a sudeste, podem ter rajadas de 26 km\/h. As informa\u00e7\u00f5es s\u00e3o dos servi\u00e7os de meteorologia <em>The Weather Channel <\/em>e <em>AccuWeather<\/em>.<\/p>\n\n\n\n<figure class=\"wp-block-image size-large\"><img decoding=\"async\" src=\"https:\/\/www.grandepremio.com\/br\/wp-content\/uploads\/2026\/03\/Suzuka-F1-20267-1-1200x901.jpg\" alt=\"\" class=\"wp-image-1073136\"\/><figcaption class=\"wp-element-caption\">Torcedores fazem fila no circuito de Suzuka, no Jap\u00e3o (Foto: Suzuka Circuit)<\/figcaption><\/figure>\n\n\n\n<p class=\"wp-block-paragraph\">Kimi Antonelli larga na pole do GP do Jap\u00e3o e divide a primeira fila com o companheiro de Mercedes, George Russell. Oscar Piastri ajudou a McLaren a bater a Ferrari e \u00e9 o terceiro, enquanto Gabriel Bortoleto sai da nona posi\u00e7\u00e3o.<\/p>\n\n\n\n<p class=\"wp-block-paragraph\" id=\"h-gp-experience-o-novo-produto-do-grande-premio-conecta-voce-aos-maiores-eventos-de-esporte-a-motor-do-mundo-va-para-indianapolis-com-a-gente-saiba-aqui-todos-os-detalhes\">O&nbsp;<strong>GRANDE PR\u00caMIO<\/strong>&nbsp;acompanha todas as atividades do&nbsp;<strong>GP do Jap\u00e3o<\/strong>, terceira etapa da&nbsp;<strong>temporada 2026&nbsp;<\/strong>da F1,<a href=\"https:\/\/www.grandepremio.com\/br\/ao-vivo\/f1\/\">&nbsp;<strong>AO VIVO E EM&nbsp;<\/strong><\/a><strong><a href=\"https:\/\/www.grandepremio.com\/br\/ao-vivo\/\" target=\"_blank\" rel=\"noreferrer noopener\">TEMPO REAL<\/a><\/strong>,&nbsp;<a href=\"https:\/\/www.youtube.com\/@GrandePremio1\/streams\">al\u00e9m de classifica\u00e7\u00e3o e corrida em&nbsp;<strong>SEGUNDA TELA&nbsp;<\/strong>no YouTube<\/a>, em parceria com a&nbsp;<strong>Voz do Esporte<\/strong>. O&nbsp;<strong>Briefing&nbsp;<\/strong>chega para analisar ap\u00f3s o fim de cada dia de atividades nas redes sociais e na&nbsp;<strong>GPTV<\/strong>.<\/p>\n\n\n\n<h2 class=\"wp-block-heading\" id=\"h-gp-do-japao-de-f1-veja-os-horarios-em-brasil-cabo-verde-nbsp-portugal-angola-e-mocambique\"><strong>GP do Jap\u00e3o de F1: veja os hor\u00e1rios em Brasil, Cabo Verde,&nbsp;<a href=\"https:\/\/grandepremio.pt\/\" target=\"_blank\" rel=\"noreferrer noopener\">Portugal<\/a>, Angola e Mo\u00e7ambique:<\/strong><\/h2>\n\n\n\n<figure class=\"wp-block-table\"><table class=\"has-fixed-layout\"><tbody><tr><td class=\"has-text-align-left\" data-align=\"left\"><strong>Sess\u00e3o<\/strong><\/td><td class=\"has-text-align-left\" data-align=\"left\"><strong>BRA*<\/strong><\/td><td class=\"has-text-align-left\" data-align=\"left\"><strong>CBV<\/strong><\/td><td class=\"has-text-align-left\" data-align=\"left\"><strong>POR<\/strong><br><strong>ANG<\/strong><\/td><td class=\"has-text-align-left\" data-align=\"left\"><strong>MOZ<\/strong><\/td><\/tr><tr><td class=\"has-text-align-left\" data-align=\"left\">Corrida<\/td><td class=\"has-text-align-left\" data-align=\"left\">02:00<\/td><td class=\"has-text-align-left\" data-align=\"left\">04:30<\/td><td class=\"has-text-align-left\" data-align=\"left\">06:00<\/td><td class=\"has-text-align-left\" data-align=\"left\">07:00<\/td><\/tr><\/tbody><\/table><\/figure>\n\n\n\n<p class=\"wp-block-paragraph\"><em>*Hor\u00e1rio de Bras\u00edlia<\/em><\/p>\n\n\n\n<p class=\"wp-block-paragraph\">\u25b6\ufe0f\u00a0Inscreva-se nos dois canais do GRANDE PR\u00caMIO no YouTube:\u00a0<strong><a href=\"https:\/\/www.youtube.com\/channel\/UC9OlHEgxoaY6QY6nWPoiqQg?sub_confirmation=1\">GP<\/a>\u00a0|\u00a0<a href=\"https:\/\/www.youtube.com\/channel\/UC9csiS6q_C3C0FYhyr1rnFA?sub_confirmation=1\">GPTV<\/a><\/strong><\/p>\n\n\n\n<h2 class=\"wp-block-heading\" id=\"h-f1-hoje-saiba-aqui-as-noticias-mais-importantes-do-dia-da-formula-1\"><strong>F1 hoje: saiba aqui as not\u00edcias mais importantes do dia da F\u00f3rmula 1<\/strong><\/h2>\n\n\n\n<p class=\"wp-block-paragraph\">A reda\u00e7\u00e3o do&nbsp;<strong>GRANDE PR\u00caMIO<\/strong>&nbsp;selecionou as not\u00edcias mais importantes das \u00faltimas horas para voc\u00ea ficar por dentro de tudo que acontece na F1.<\/p>\n\n\n\n<p class=\"wp-block-paragraph\">\u25b6\ufe0f\u00a0<a href=\"https:\/\/www.grandepremio.com\/br\/f1\/noticias\/oscar-piastri-surpreende-mercedes-lidera-tl2-gp-japao-gabriel-bortoleto-sofre-motor\/\"><strong>Piastri surpreende Mercedes e lidera TL2 do GP do Jap\u00e3o. Bortoleto sofre com motor<\/strong><\/a><br>\u25b6\ufe0f\u00a0<a href=\"https:\/\/www.grandepremio.com\/br\/f1\/noticias\/george-russell-bate-kimi-antonelli-duelo-mercedes-lidera-tl1-gp-japao-gabriel-bortoleto-11o\/\"><strong>Russell bate Antonelli em duelo da Mercedes e lidera TL1 do GP do Jap\u00e3o. Bortoleto \u00e9 11\u00ba<\/strong><\/a><br>\u25b6\ufe0f\u00a0<a href=\"https:\/\/www.grandepremio.com\/br\/f1\/noticias\/victor-martins-max-verstappen-mostra-f1-segue-posturas-pateticas-incluindo-imprensa\/\"><strong>Victor Martins: Verstappen expulsa jornalista em papel pat\u00e9tico (e dos coleguinhas tamb\u00e9m)<\/strong><\/a><\/p>\n","protected":false},"excerpt":{"rendered":"<p>Ao contr\u00e1rio dos outros dias, h\u00e1 uma chance, ainda que menor que 20%, de chover durante o GP do Jap\u00e3o. Confira o que diz a meteorologia<\/p>\n","protected":false},"author":0,"featured_media":1001073135,"comment_status":"closed","ping_status":"closed","sticky":false,"template":"","format":"standard","meta":{"42wp_featured_image_caption":"","42wp_featured_image_credits":"","42wp_featured_video":"","42wp_featured_image_hidden":false,"42wp_authors_list":[],"footnotes":""},"categories":[2],"tags":[26271,5273,147,29516,29148,180,31425,28995,3023,38972,1491,28285,30840,24855,46326,32659,35129,608,46327,32660,31470],"42wp_author":[47147],"class_list":["post-10504","post","type-post","status-publish","format-standard","has-post-thumbnail","hentry","category-f1","tag-calendario-f1","tag-classificacao-f1","tag-f1","tag-f1-2026","tag-f1-hoje","tag-formula-1","tag-formula-1-2026","tag-formula-1-hoje","tag-gp-do-japao","tag-gp-do-japao-f1","tag-grande-premio","tag-grandepremio","tag-horarios-f1","tag-japao","tag-japao-2026","tag-japao-f1","tag-onde-assistir-f1","tag-suzuka","tag-suzuka-2026","tag-suzuka-f1","tag-temporada-2026-f1","42wp_author-luana-marino"],"_links":{"self":[{"href":"https:\/\/grandepremio.com\/br\/wp-json\/wp\/v2\/posts\/10504","targetHints":{"allow":["GET"]}}],"collection":[{"href":"https:\/\/grandepremio.com\/br\/wp-json\/wp\/v2\/posts"}],"about":[{"href":"https:\/\/grandepremio.com\/br\/wp-json\/wp\/v2\/types\/post"}],"replies":[{"embeddable":true,"href":"https:\/\/grandepremio.com\/br\/wp-json\/wp\/v2\/comments?post=10504"}],"version-history":[{"count":0,"href":"https:\/\/grandepremio.com\/br\/wp-json\/wp\/v2\/posts\/10504\/revisions"}],"wp:featuredmedia":[{"embeddable":true,"href":"https:\/\/grandepremio.com\/br\/wp-json\/wp\/v2\/media\/1001073135"}],"wp:attachment":[{"href":"https:\/\/grandepremio.com\/br\/wp-json\/wp\/v2\/media?parent=10504"}],"wp:term":[{"taxonomy":"category","embeddable":true,"href":"https:\/\/grandepremio.com\/br\/wp-json\/wp\/v2\/categories?post=10504"},{"taxonomy":"post_tag","embeddable":true,"href":"https:\/\/grandepremio.com\/br\/wp-json\/wp\/v2\/tags?post=10504"},{"taxonomy":"42wp_author","embeddable":true,"href":"https:\/\/grandepremio.com\/br\/wp-json\/wp\/v2\/42wp_author?post=10504"}],"curies":[{"name":"wp","href":"https:\/\/api.w.org\/{rel}","templated":true}]}}