{"id":105073,"date":"2023-03-05T10:04:37","date_gmt":"2023-03-05T13:04:37","guid":{"rendered":"https:\/\/grandepremio.com\/br\/noticias\/formula-1-realiza-largada-noite-mais-quente-fim-semana-gp-do-bahrein\/"},"modified":"2023-03-05T10:06:40","modified_gmt":"2023-03-05T13:06:40","slug":"formula-1-realiza-largada-noite-mais-quente-fim-semana-gp-do-bahrein","status":"publish","type":"post","link":"https:\/\/grandepremio.com\/br\/f1\/formula-1-realiza-largada-noite-mais-quente-fim-semana-gp-do-bahrein\/","title":{"rendered":"F\u00f3rmula 1 realiza largada em noite mais quente do fim de semana no GP do Bahrein"},"content":{"rendered":"\n<figure class=\"wp-block-embed is-type-video is-provider-youtube wp-block-embed-youtube wp-embed-aspect-16-9 wp-has-aspect-ratio\"><div class=\"wp-block-embed__wrapper\">\n<iframe loading=\"lazy\" title=\"F1 2023: PR\u00c9-CORRIDA GP DO BAHREIN | Briefing\" width=\"500\" height=\"281\" src=\"https:\/\/www.youtube.com\/embed\/GU26EIFSYzM?feature=oembed\" frameborder=\"0\" allow=\"accelerometer; autoplay; clipboard-write; encrypted-media; gyroscope; picture-in-picture; web-share\" referrerpolicy=\"strict-origin-when-cross-origin\" allowfullscreen><\/iframe>\n<\/div><figcaption>F1 2023 AO VIVO | ESQUENTA | GP DO BAHREIN | Briefing<\/figcaption><\/figure>\n\n\n\n<p class=\"wp-block-paragraph\">Chegou o dia de largar para a temporada 2023 da <strong>F\u00f3rmula 1<\/strong>! O <strong>GP do Bahrein<\/strong> deste domingo (5) inicia o campeonato de 2023 com uma corrida noturna, no <strong>Circuito Internacional de Sakhir<\/strong>, na cidade de As Sakhir. E embora o clima n\u00e3o seja um fator preocupante dadas as condi\u00e7\u00f5es, \u00e9 justo dizer que a expectativa \u00e9 por uma noite diferente das \u00faltimas duas.<\/p>\n\n\n\n<p class=\"wp-block-paragraph\"><strong>\u25b6\ufe0f\u00a0Inscreva-se nos dois canais do GRANDE PR\u00caMIO no YouTube:\u00a0<a href=\"https:\/\/www.youtube.com\/channel\/UC9OlHEgxoaY6QY6nWPoiqQg?sub_confirmation=1\" target=\"_blank\" rel=\"noreferrer noopener\">GP<\/a>\u00a0|\u00a0<a href=\"https:\/\/www.youtube.com\/channel\/UC9csiS6q_C3C0FYhyr1rnFA?sub_confirmation=1\" target=\"_blank\" rel=\"noreferrer noopener\">GP2<\/a><\/strong><br><strong>\u25b6\ufe0f\u00a0<a href=\"https:\/\/www.twitch.tv\/grandepremio\" target=\"_blank\" rel=\"noreferrer noopener\" class=\"ek-link\">Conhe\u00e7a o canal do GRANDE PR\u00caMIO na Twitch clicando aqui!<\/a><\/strong><\/p>\n\n\n\n<p class=\"wp-block-paragraph\">De acordo com o servi\u00e7o de meteorologia Accuweather, a expectativa para o momento da largada, marcada para as 18h locais [12h de Bras\u00edlia, GMT-3], \u00e9 de 26\u00b0C de temperatura e 25\u00b0C de sensa\u00e7\u00e3o t\u00e9rmica. N\u00e3o se trata de um clima hostil, mas \u00e9 bem mais calor que no segundo treino livre de sexta ou na classifica\u00e7\u00e3o do s\u00e1bado, quando as temperaturas chegavam a bater 20\u00b0C.<\/p>\n\n\n\n<p class=\"wp-block-paragraph\">A umidade relativa do ar cai bastante. Se nos \u00faltimos dois dias chegava a passar consideravelmente de 50%, desta feita fica somente em 42%. Os ventos se mant\u00e9m: m\u00e9dia de 11 km\/h e rajadas de at\u00e9 15 km\/h.<\/p>\n\n\n\n<figure class=\"wp-block-image size-large\"><img decoding=\"async\" src=\"https:\/\/www.grandepremio.com\/br\/wp-content\/uploads\/2023\/03\/ferrari-carlossainz-02-3-1024x683.jpg\" alt=\"\" class=\"wp-image-658199\"\/><figcaption>F\u00f3rmula 1 abre 2023 (Foto: Ferrari)<\/figcaption><\/figure>\n\n\n\n<p class=\"wp-block-paragraph\">A segunda hora de prova v\u00ea somente algumas mudan\u00e7as: temperatura e sensa\u00e7\u00e3o t\u00e9rmica caem, respectivamente, para 25\u00b0C e 23\u00b0C, enquanto a umidade sobe para 45%. As rajadas de vento aumentam levemente, at\u00e9 17 km\/h. N\u00e3o h\u00e1 qualquer possibilidade de chuva para a noite barenita da F\u00f3rmula 1.<\/p>\n\n\n\n<p class=\"wp-block-paragraph\">A <strong><a href=\"https:\/\/www.grandepremio.com\/br\/f1\/noticias\/max-verstappen-vence-briga-recheada-confirma-favoritismo-conquista-pole-gp-do-bahrein-formula-1\/\" class=\"ek-link\">primeira largada do ano<\/a><\/strong> conta com <strong>Max Verstappen<\/strong> e <strong>Sergio P\u00e9rez<\/strong> fechando a fila inicial pela <strong>Red Bull<\/strong>, enquanto <strong>Charles Leclerc<\/strong> e <strong>Carlos Sainz<\/strong> acompanham para a <strong>Ferrari<\/strong>. <strong>Fernando Alonso<\/strong> p\u00f5e a <strong>Aston Martin<\/strong> em quinto, seguido por <strong>George Russell<\/strong> e <strong>Lewis Hamilton<\/strong>, da <strong>Mercedes<\/strong>.<\/p>\n\n\n\n<p class=\"wp-block-paragraph\">O GP do Bahrein de\u00a0<a href=\"https:\/\/www.grandepremio.com\/formula-1\/\" target=\"_blank\" rel=\"noreferrer noopener\"><\/a><strong><a href=\"https:\/\/www.grandepremio.com\/formula-1\/\" target=\"_blank\" rel=\"noreferrer noopener\">F\u00f3rmula 1<\/a><\/strong>\u00a0continua a corrida, no domingo, que tem largada marcada para 12h [de Bras\u00edlia, GMT-3]. O\u00a0<strong>GRANDE PR\u00caMIO<\/strong>\u00a0acompanha todas as atividades\u00a0<strong><a href=\"https:\/\/www.grandepremio.com\/br\/ao-vivo\/f1\/\" target=\"_blank\" rel=\"noreferrer noopener\">AO VIVO e em\u00a0<\/a><a href=\"https:\/\/www.grandepremio.com\/br\/ao-vivo\/\" target=\"_blank\" rel=\"noreferrer noopener\">TEMPO REAL<\/a><\/strong>\u00a0e traz a\u00a0<a href=\"https:\/\/youtube.com\/@GrandePremio1\" target=\"_blank\" rel=\"noreferrer noopener\"><strong>NARRA\u00c7\u00c3O da CLASSIFICA\u00c7\u00c3O e da CORRIDA<\/strong><\/a>\u00a0em parceria com a Voz do Esporte.<\/p>\n\n\n\n<figure class=\"wp-block-embed is-type-video is-provider-youtube wp-block-embed-youtube wp-embed-aspect-16-9 wp-has-aspect-ratio\"><div class=\"wp-block-embed__wrapper\">\n<iframe loading=\"lazy\" title=\"F1 2023 AO VIVO: ACOMPANHE O GP DO BAHREIN\" width=\"500\" height=\"281\" src=\"https:\/\/www.youtube.com\/embed\/KlA8tsKyP68?feature=oembed\" frameborder=\"0\" allow=\"accelerometer; autoplay; clipboard-write; encrypted-media; gyroscope; picture-in-picture; web-share\" referrerpolicy=\"strict-origin-when-cross-origin\" allowfullscreen><\/iframe>\n<\/div><figcaption>\ud83d\udd34 F1 2023 AO VIVO: ACOMPANHE O GP DO BAHREIN<\/figcaption><\/figure>\n","protected":false},"excerpt":{"rendered":"<p>Ap\u00f3s dois dias de temperaturas muito brandas na noite barenita, o domingo (5) conta com um aumento e clima um pouco diferente dos \u00faltimos dois dias<\/p>\n","protected":false},"author":0,"featured_media":1000658190,"comment_status":"closed","ping_status":"closed","sticky":false,"template":"","format":"standard","meta":{"42wp_featured_image_caption":"","42wp_featured_image_credits":"","42wp_featured_video":"","42wp_featured_image_hidden":false,"42wp_authors_list":[],"footnotes":""},"categories":[2],"tags":[1667,6533,30722,1754,1491,30103,28285,1756,2033],"42wp_author":[47120],"class_list":["post-105073","post","type-post","status-publish","format-standard","has-post-thumbnail","hentry","category-f1","tag-bahrein","tag-f1-2023","tag-formula-1-2023","tag-gp-do-bahrein","tag-grande-premio","tag-grande-premio-f1","tag-grandepremio","tag-sakhir","tag-temperatura","42wp_author-pedro-henrique-marum"],"_links":{"self":[{"href":"https:\/\/grandepremio.com\/br\/wp-json\/wp\/v2\/posts\/105073","targetHints":{"allow":["GET"]}}],"collection":[{"href":"https:\/\/grandepremio.com\/br\/wp-json\/wp\/v2\/posts"}],"about":[{"href":"https:\/\/grandepremio.com\/br\/wp-json\/wp\/v2\/types\/post"}],"replies":[{"embeddable":true,"href":"https:\/\/grandepremio.com\/br\/wp-json\/wp\/v2\/comments?post=105073"}],"version-history":[{"count":0,"href":"https:\/\/grandepremio.com\/br\/wp-json\/wp\/v2\/posts\/105073\/revisions"}],"wp:featuredmedia":[{"embeddable":true,"href":"https:\/\/grandepremio.com\/br\/wp-json\/wp\/v2\/media\/1000658190"}],"wp:attachment":[{"href":"https:\/\/grandepremio.com\/br\/wp-json\/wp\/v2\/media?parent=105073"}],"wp:term":[{"taxonomy":"category","embeddable":true,"href":"https:\/\/grandepremio.com\/br\/wp-json\/wp\/v2\/categories?post=105073"},{"taxonomy":"post_tag","embeddable":true,"href":"https:\/\/grandepremio.com\/br\/wp-json\/wp\/v2\/tags?post=105073"},{"taxonomy":"42wp_author","embeddable":true,"href":"https:\/\/grandepremio.com\/br\/wp-json\/wp\/v2\/42wp_author?post=105073"}],"curies":[{"name":"wp","href":"https:\/\/api.w.org\/{rel}","templated":true}]}}