{"id":105074,"date":"2023-03-05T09:56:29","date_gmt":"2023-03-05T12:56:29","guid":{"rendered":"https:\/\/grandepremio.com\/br\/noticias\/red-bull-mexe-motores-sergio-perez-max-verstappen-bahrein-confiabilidade\/"},"modified":"2023-03-05T10:15:26","modified_gmt":"2023-03-05T13:15:26","slug":"red-bull-mexe-motores-sergio-perez-max-verstappen-bahrein-confiabilidade","status":"publish","type":"post","link":"https:\/\/grandepremio.com\/br\/f1\/red-bull-mexe-motores-sergio-perez-max-verstappen-bahrein-confiabilidade\/","title":{"rendered":"Red Bull decide mexer nos motores de P\u00e9rez e Verstappen no Bahrein por confiabilidade"},"content":{"rendered":"\n<figure class=\"wp-block-embed is-type-video is-provider-youtube wp-block-embed-youtube wp-embed-aspect-16-9 wp-has-aspect-ratio\"><div class=\"wp-block-embed__wrapper\">\n<iframe loading=\"lazy\" title=\"VERSTAPPEN POLE, ALONSO 5\u00ba: CLASSIFICA\u00c7\u00c3O DA F1 2023 NO BAHREIN | Briefing\" width=\"500\" height=\"281\" src=\"https:\/\/www.youtube.com\/embed\/HDB-_r7Y3YA?feature=oembed\" frameborder=\"0\" allow=\"accelerometer; autoplay; clipboard-write; encrypted-media; gyroscope; picture-in-picture; web-share\" referrerpolicy=\"strict-origin-when-cross-origin\" allowfullscreen><\/iframe>\n<\/div><\/figure>\n\n\n\n<p class=\"wp-block-paragraph\">Traumas de 2022? Pois a <strong>Red Bull<\/strong> optou pelo bom e velho &#8216;\u00e9 melhor prevenir do que remediar&#8217; e mexeu nas unidades de pot\u00eancia dos carros de <strong>Max Verstappen<\/strong>, pole-position do <strong>GP do Bahrein<\/strong>, e <strong>Sergio P\u00e9rez<\/strong>, segundo colocado no grid. A equipe substituiu alguns componentes em nome da confiabilidade.<\/p>\n\n\n\n<p class=\"wp-block-paragraph\">A <strong>FIA<\/strong> (Federa\u00e7\u00e3o Internacional de Automobilismo) confirmou que os atuais campe\u00f5es mundiais trocaram os tubos da entrada de \u00f3leo do motor de combust\u00e3o interna (ICE) em ambos os carros <a href=\"https:\/\/www.grandepremio.com\/br\/f1\/noticias\/max-verstappen-vence-briga-recheada-confirma-favoritismo-conquista-pole-gp-do-bahrein-formula-1\/\" class=\"ek-link\">ap\u00f3s a classifica\u00e7\u00e3o de s\u00e1bado (4)<\/a>. De acordo com o site holand\u00eas RacingNews365.com, a Red Bull detectou problemas de confiabilidade com tais componentes, por isso optou pela mudan\u00e7a.<\/p>\n\n\n\n<p class=\"wp-block-paragraph\"><strong>\u25b6\ufe0f\u00a0Inscreva-se nos dois canais do GRANDE PR\u00caMIO no YouTube:\u00a0<a href=\"https:\/\/www.youtube.com\/channel\/UC9OlHEgxoaY6QY6nWPoiqQg?sub_confirmation=1\" target=\"_blank\" rel=\"noreferrer noopener\">GP<\/a>\u00a0|\u00a0<a href=\"https:\/\/www.youtube.com\/channel\/UC9csiS6q_C3C0FYhyr1rnFA?sub_confirmation=1\" target=\"_blank\" rel=\"noreferrer noopener\">GP2<\/a><\/strong><br><strong>\u25b6\ufe0f\u00a0<a href=\"https:\/\/www.twitch.tv\/grandepremio\" target=\"_blank\" rel=\"noreferrer noopener\">Conhe\u00e7a o canal do GRANDE PR\u00caMIO na Twitch clicando aqui!<\/a><\/strong><\/p>\n\n\n\n<figure class=\"wp-block-image size-large\"><img decoding=\"async\" src=\"https:\/\/www.grandepremio.com\/br\/wp-content\/uploads\/2023\/03\/redbull-sergioperez-05-2-1024x625.jpg\" alt=\"\" class=\"wp-image-658226\"\/><figcaption>Sergio P\u00e9rez vai largar em segundo, ao lado de Max Verstappen (Foto: Red Bull Content Pool)<\/figcaption><\/figure>\n\n\n\n<p class=\"wp-block-paragraph\">Ainda segundo a publica\u00e7\u00e3o, os taurinos se depararam com a situa\u00e7\u00e3o adversa ainda nos testes coletivos da pr\u00e9-temporada. O time, ent\u00e3o, trabalhou numa mudan\u00e7a de design para solucionar a quest\u00e3o. <\/p>\n\n\n\n<p class=\"wp-block-paragraph\">Ano passado, confiabilidade foi o calcanhar de Aquiles da base em Milton Keynes nas primeiras corridas. Em Sakhir, tanto Verstappen quanto P\u00e9rez n\u00e3o conclu\u00edram a corrida por conta de um problema na bomba de combust\u00edvel. O holand\u00eas voltou a abandonar duas corridas depois, na <strong>Austr\u00e1lia<\/strong>, at\u00e9 que o time chefiado por <strong>Christian Horner <\/strong>conseguiu melhorar a confiabilidade do <strong>RB18<\/strong> ao longo da temporada.<\/p>\n\n\n\n<p class=\"wp-block-paragraph\">O GP do Bahrein de&nbsp;<a href=\"https:\/\/www.grandepremio.com\/formula-1\/\" target=\"_blank\" rel=\"noreferrer noopener\"><strong><\/strong><\/a><strong><a href=\"https:\/\/www.grandepremio.com\/formula-1\/\" target=\"_blank\" rel=\"noreferrer noopener\">F\u00f3rmula 1<\/a><\/strong>&nbsp;continua a corrida, no domingo, que tem largada marcada para as 12h [de Bras\u00edlia, GMT-3]. O&nbsp;<strong>GRANDE PR\u00caMIO<\/strong>&nbsp;acompanha todas as atividades&nbsp;<strong><a href=\"https:\/\/www.grandepremio.com\/br\/ao-vivo\/f1\/\" target=\"_blank\" rel=\"noreferrer noopener\">AO VIVO e em&nbsp;<\/a><a href=\"https:\/\/www.grandepremio.com\/br\/ao-vivo\/\" target=\"_blank\" rel=\"noreferrer noopener\">TEMPO REAL<\/a><\/strong>&nbsp;e traz a&nbsp;<a href=\"https:\/\/youtube.com\/@GrandePremio1\" target=\"_blank\" rel=\"noreferrer noopener\"><strong>NARRA\u00c7\u00c3O da CLASSIFICA\u00c7\u00c3O e da CORRIDA<\/strong><\/a>&nbsp;em parceria com a Voz do Esporte.<\/p>\n","protected":false},"excerpt":{"rendered":"<p>A Red Bull detectou um problema com os tubos da entrada de \u00f3leo do motor de combust\u00e3o interna e n\u00e3o pensou duas vezes: mexeu nos componentes tanto no carro de Max Verstappen quanto no de Sergio P\u00e9rez para o GP do Bahrein<\/p>\n","protected":false},"author":0,"featured_media":1000658619,"comment_status":"closed","ping_status":"closed","sticky":false,"template":"","format":"standard","meta":{"42wp_featured_image_caption":"","42wp_featured_image_credits":"","42wp_featured_video":"","42wp_featured_image_hidden":false,"42wp_authors_list":[],"footnotes":""},"categories":[2],"tags":[1667,655,147,6533,30722,1754,1491,30103,28285,203,204,1756,3132],"42wp_author":[47147],"class_list":["post-105074","post","type-post","status-publish","format-standard","has-post-thumbnail","hentry","category-f1","tag-bahrein","tag-christian-horner","tag-f1","tag-f1-2023","tag-formula-1-2023","tag-gp-do-bahrein","tag-grande-premio","tag-grande-premio-f1","tag-grandepremio","tag-max-verstappen","tag-red-bull","tag-sakhir","tag-sergio-perez","42wp_author-luana-marino"],"_links":{"self":[{"href":"https:\/\/grandepremio.com\/br\/wp-json\/wp\/v2\/posts\/105074","targetHints":{"allow":["GET"]}}],"collection":[{"href":"https:\/\/grandepremio.com\/br\/wp-json\/wp\/v2\/posts"}],"about":[{"href":"https:\/\/grandepremio.com\/br\/wp-json\/wp\/v2\/types\/post"}],"replies":[{"embeddable":true,"href":"https:\/\/grandepremio.com\/br\/wp-json\/wp\/v2\/comments?post=105074"}],"version-history":[{"count":0,"href":"https:\/\/grandepremio.com\/br\/wp-json\/wp\/v2\/posts\/105074\/revisions"}],"wp:featuredmedia":[{"embeddable":true,"href":"https:\/\/grandepremio.com\/br\/wp-json\/wp\/v2\/media\/1000658619"}],"wp:attachment":[{"href":"https:\/\/grandepremio.com\/br\/wp-json\/wp\/v2\/media?parent=105074"}],"wp:term":[{"taxonomy":"category","embeddable":true,"href":"https:\/\/grandepremio.com\/br\/wp-json\/wp\/v2\/categories?post=105074"},{"taxonomy":"post_tag","embeddable":true,"href":"https:\/\/grandepremio.com\/br\/wp-json\/wp\/v2\/tags?post=105074"},{"taxonomy":"42wp_author","embeddable":true,"href":"https:\/\/grandepremio.com\/br\/wp-json\/wp\/v2\/42wp_author?post=105074"}],"curies":[{"name":"wp","href":"https:\/\/api.w.org\/{rel}","templated":true}]}}