{"id":105104,"date":"2023-03-04T13:38:43","date_gmt":"2023-03-04T16:38:43","guid":{"rendered":"https:\/\/grandepremio.com\/br\/noticias\/max-verstappen-dificuldades-treinos-positivamente-surpreso-estar-pole\/"},"modified":"2023-03-04T13:41:43","modified_gmt":"2023-03-04T16:41:43","slug":"max-verstappen-dificuldades-treinos-positivamente-surpreso-estar-pole","status":"publish","type":"post","link":"https:\/\/grandepremio.com\/br\/f1\/max-verstappen-dificuldades-treinos-positivamente-surpreso-estar-pole\/","title":{"rendered":"Verstappen cita dificuldades dos treinos e se diz \u201cpositivamente surpreso por estar na pole\u201d"},"content":{"rendered":"\n<p class=\"wp-block-paragraph\"><strong>Max Verstappen<\/strong> n\u00e3o est\u00e1 para brincadeira. Na hora do vamos ver na classifica\u00e7\u00e3o do GP do <strong>Bahrein <\/strong>deste s\u00e1bado (4), o holand\u00eas mostrou toda a for\u00e7a da <strong>Red Bull <\/strong>e, com 1min29s708, <a href=\"https:\/\/www.grandepremio.com\/br\/f1\/noticias\/max-verstappen-vence-briga-recheada-confirma-favoritismo-conquista-pole-gp-do-bahrein-formula-1\/\" class=\"ek-link\">garantiu a pole-position em <strong>Sakhir<\/strong><\/a><strong> <\/strong>com 0s138 de margem para <strong>Sergio P\u00e9rez<\/strong>, que conseguiu uma dobradinha para a equipe dos energ\u00e9ticos. Os rubro-taurinos, ali\u00e1s, foram os \u00fanicos a rodar abaixo da marca de 1min30s no tra\u00e7ado barenita.<\/p>\n\n\n\n<p class=\"wp-block-paragraph\">Depois da classifica\u00e7\u00e3o, Max destacou que teve dificuldades ao longo dos treinos, mas avaliou que a equipe conseguiu reunir tudo de melhor na hora da classifica\u00e7\u00e3o.<\/p>\n\n\n\n<figure class=\"wp-block-image size-large\"><img decoding=\"async\" src=\"https:\/\/www.grandepremio.com\/br\/wp-content\/uploads\/2023\/03\/redbull-maxverstappen-01-3-1024x683.jpg\" alt=\"\" class=\"wp-image-657984\"\/><figcaption>Max Verstappen revelou que ficou surpreso com a pole (Foto: Red Bull Content Pool)<\/figcaption><\/figure>\n\n\n\n<p class=\"wp-block-paragraph\"><strong>\u25b6\ufe0f\u00a0Inscreva-se nos dois canais do GRANDE PR\u00caMIO no YouTube:\u00a0<a href=\"https:\/\/www.youtube.com\/channel\/UC9OlHEgxoaY6QY6nWPoiqQg?sub_confirmation=1\" target=\"_blank\" rel=\"noreferrer noopener\">GP<\/a>\u00a0|\u00a0<a href=\"https:\/\/www.youtube.com\/channel\/UC9csiS6q_C3C0FYhyr1rnFA?sub_confirmation=1\" target=\"_blank\" rel=\"noreferrer noopener\">GP2<\/a><\/strong><br><strong>\u25b6\ufe0f\u00a0<a href=\"https:\/\/www.twitch.tv\/grandepremio\" target=\"_blank\" rel=\"noreferrer noopener\">Conhe\u00e7a o canal do GRANDE PR\u00caMIO na Twitch clicando aqui!<\/a><\/strong><\/p>\n\n\n\n<p class=\"wp-block-paragraph\">\u201cOntem foi um in\u00edcio meio dif\u00edcil de fim de semana e hoje n\u00e3o encontrei muito meu ritmo, mas, felizmente, na classifica\u00e7\u00e3o n\u00f3s conseguimos reunir as melhores coisas\u201d, disse Verstappen. \u201cEstou muito feliz por estar na pole. Para toda a equipe, vindo do ano passado e mais uma vez ter um carro t\u00e3o forte, com Checo l\u00e1 tamb\u00e9m\u201d, seguiu.<\/p>\n\n\n\n<p class=\"wp-block-paragraph\">\u201c\u00c9 incr\u00edvel e estou ansioso por amanh\u00e3\u201d, destacou.<\/p>\n\n\n\n<p class=\"wp-block-paragraph\">Embora o resultado deste s\u00e1bado confirme as impress\u00f5es da pr\u00e9-temporada, Verstappen espera ver a concorr\u00eancia avan\u00e7ando ao longo de todo o campeonato.<\/p>\n\n\n\n<p class=\"wp-block-paragraph\">\u201cAo longo do ano, veremos todos aumentando a performance bastante outra vez e isso \u00e9 o bonito da F\u00f3rmula 1\u201d, avaliou.<\/p>\n\n\n\n<p class=\"wp-block-paragraph\">Ainda, o #1 assumiu que fecha o s\u00e1bado surpreso com o resultado, j\u00e1 que n\u00e3o esperava a pole diante das dificuldades que teve no restante do fim de semana.<\/p>\n\n\n\n<p class=\"wp-block-paragraph\">\u201cEu, de fato, fiquei positivamente surpreendido por estar na pole depois das dificuldades que tive no treino\u201d, desabafou. \u201cNormalmente, nosso carro \u00e9 melhor na corrida, ent\u00e3o vamos ver\u201d, encerrou.<\/p>\n\n\n\n<p class=\"wp-block-paragraph\">O GP do Bahrein de&nbsp;<a href=\"https:\/\/www.grandepremio.com\/formula-1\/\" target=\"_blank\" rel=\"noreferrer noopener\"><strong><\/strong><\/a><strong><a href=\"https:\/\/www.grandepremio.com\/formula-1\/\" target=\"_blank\" rel=\"noreferrer noopener\">F\u00f3rmula 1<\/a><\/strong>&nbsp;continua a corrida, no domingo, que tem largada marcada para as 12h [de Bras\u00edlia, GMT-3]. O&nbsp;<strong>GRANDE PR\u00caMIO<\/strong>&nbsp;acompanha todas as atividades&nbsp;<strong><a href=\"https:\/\/www.grandepremio.com\/br\/ao-vivo\/f1\/\" target=\"_blank\" rel=\"noreferrer noopener\">AO VIVO e em&nbsp;<\/a><a href=\"https:\/\/www.grandepremio.com\/br\/ao-vivo\/\" target=\"_blank\" rel=\"noreferrer noopener\">TEMPO REAL<\/a><\/strong>&nbsp;e traz a&nbsp;<a href=\"https:\/\/youtube.com\/@GrandePremio1\" target=\"_blank\" rel=\"noreferrer noopener\"><strong>NARRA\u00c7\u00c3O da CLASSIFICA\u00c7\u00c3O e da CORRIDA<\/strong><\/a>&nbsp;em parceria com a Voz do Esporte.<\/p>\n\n\n\n<figure class=\"wp-block-embed is-type-video is-provider-youtube wp-block-embed-youtube wp-embed-aspect-16-9 wp-has-aspect-ratio\"><div class=\"wp-block-embed__wrapper\">\n<iframe loading=\"lazy\" title=\"VERSTAPPEN POLE, ALONSO 5\u00ba: CLASSIFICA\u00c7\u00c3O DA F1 2023 NO BAHREIN | Briefing\" width=\"500\" height=\"281\" src=\"https:\/\/www.youtube.com\/embed\/HDB-_r7Y3YA?feature=oembed\" frameborder=\"0\" allow=\"accelerometer; autoplay; clipboard-write; encrypted-media; gyroscope; picture-in-picture; web-share\" referrerpolicy=\"strict-origin-when-cross-origin\" allowfullscreen><\/iframe>\n<\/div><\/figure>\n","protected":false},"excerpt":{"rendered":"<p>Com 1min29s708, o bicampe\u00e3o se imp\u00f4s na classifica\u00e7\u00e3o deste s\u00e1bado (4) e assegurou a pole-position para a abertura da temporada 2023 da F\u00f3rmula 1. Mesmo com a sobra da Red Bull, holand\u00eas se disse surpreso com o resultado, j\u00e1 que sofreu ao longo dos treinos livres<\/p>\n","protected":false},"author":0,"featured_media":1000658208,"comment_status":"closed","ping_status":"closed","sticky":false,"template":"","format":"standard","meta":{"42wp_featured_image_caption":"","42wp_featured_image_credits":"","42wp_featured_video":"","42wp_featured_image_hidden":false,"42wp_authors_list":[],"footnotes":""},"categories":[2],"tags":[1667,147,6533,180,30722,33465,28285,203,33467,204,1756],"42wp_author":[47113],"class_list":["post-105104","post","type-post","status-publish","format-standard","has-post-thumbnail","hentry","category-f1","tag-bahrein","tag-f1","tag-f1-2023","tag-formula-1","tag-formula-1-2023","tag-formula-1-classificacao-2023","tag-grandepremio","tag-max-verstappen","tag-onde-assistir-f1-2023","tag-red-bull","tag-sakhir","42wp_author-juliana-tesser"],"_links":{"self":[{"href":"https:\/\/grandepremio.com\/br\/wp-json\/wp\/v2\/posts\/105104","targetHints":{"allow":["GET"]}}],"collection":[{"href":"https:\/\/grandepremio.com\/br\/wp-json\/wp\/v2\/posts"}],"about":[{"href":"https:\/\/grandepremio.com\/br\/wp-json\/wp\/v2\/types\/post"}],"replies":[{"embeddable":true,"href":"https:\/\/grandepremio.com\/br\/wp-json\/wp\/v2\/comments?post=105104"}],"version-history":[{"count":0,"href":"https:\/\/grandepremio.com\/br\/wp-json\/wp\/v2\/posts\/105104\/revisions"}],"wp:featuredmedia":[{"embeddable":true,"href":"https:\/\/grandepremio.com\/br\/wp-json\/wp\/v2\/media\/1000658208"}],"wp:attachment":[{"href":"https:\/\/grandepremio.com\/br\/wp-json\/wp\/v2\/media?parent=105104"}],"wp:term":[{"taxonomy":"category","embeddable":true,"href":"https:\/\/grandepremio.com\/br\/wp-json\/wp\/v2\/categories?post=105104"},{"taxonomy":"post_tag","embeddable":true,"href":"https:\/\/grandepremio.com\/br\/wp-json\/wp\/v2\/tags?post=105104"},{"taxonomy":"42wp_author","embeddable":true,"href":"https:\/\/grandepremio.com\/br\/wp-json\/wp\/v2\/42wp_author?post=105104"}],"curies":[{"name":"wp","href":"https:\/\/api.w.org\/{rel}","templated":true}]}}