{"id":105115,"date":"2023-03-04T08:00:12","date_gmt":"2023-03-04T11:00:12","guid":{"rendered":"https:\/\/grandepremio.com\/br\/noticias\/formula-1-realiza-classificacao-gp-do-bahrein-clima-sem-alteracoes-sakhir\/"},"modified":"2023-03-04T08:33:00","modified_gmt":"2023-03-04T11:33:00","slug":"formula-1-realiza-classificacao-gp-do-bahrein-clima-sem-alteracoes-sakhir","status":"publish","type":"post","link":"https:\/\/grandepremio.com\/br\/f1\/formula-1-realiza-classificacao-gp-do-bahrein-clima-sem-alteracoes-sakhir\/","title":{"rendered":"F\u00f3rmula 1 realiza classifica\u00e7\u00e3o do GP do Bahrein com clima sem altera\u00e7\u00f5es em Sakhir"},"content":{"rendered":"\n<figure class=\"wp-block-embed is-type-video is-provider-youtube wp-block-embed-youtube wp-embed-aspect-16-9 wp-has-aspect-ratio\"><div class=\"wp-block-embed__wrapper\">\n<iframe loading=\"lazy\" title=\"ALONSO EM 1\u00ba. STROLL CORRE?  TREINOS LIVRES DA F1 2023 NO BAHREIN | Briefing\" width=\"500\" height=\"281\" src=\"https:\/\/www.youtube.com\/embed\/iX4py1oxHBk?feature=oembed\" frameborder=\"0\" allow=\"accelerometer; autoplay; clipboard-write; encrypted-media; gyroscope; picture-in-picture; web-share\" referrerpolicy=\"strict-origin-when-cross-origin\" allowfullscreen><\/iframe>\n<\/div><figcaption>F1 2023 AO VIVO | TREINOS LIVRES | GP DO BAHREIN | Briefing<\/figcaption><\/figure>\n\n\n\n<p class=\"wp-block-paragraph\">A <strong>F\u00f3rmula 1<\/strong> se prepara para a primeira defini\u00e7\u00e3o de grid de largada da <strong>temporada 2023<\/strong>, marcada para o come\u00e7o da noite barenita, tarde brasileira, deste s\u00e1bado (4). No que diz respeito ao clima, nenhum sobressalto \u00e9 esperado, entretanto. A situa\u00e7\u00e3o tende a ser quase que id\u00eantica \u00e0quela encontrada na sexta-feira de treinos livres.<\/p>\n\n\n\n<p class=\"wp-block-paragraph\">De acordo com o servi\u00e7o meteorol\u00f3gico Accuweather, a regi\u00e3o de As Sakhir, onde est\u00e1 o circuito que recebe o <strong>GP do Bahrein<\/strong>, ter\u00e1 temperatura de 23\u00b0C e sensa\u00e7\u00e3o t\u00e9rmica na casa de 21\u00b0C \u00e0s 18h locais [12h de Bras\u00edlia, GMT-3], hora do come\u00e7o da atividade. Com isso, expectativa \u00e9 que a temperatura de pista fique abaixo dos 30\u00b0C. N\u00e3o h\u00e1 qualquer chance de chuva ao longo do dia.<\/p>\n\n\n\n<p class=\"wp-block-paragraph\"><strong>\u25b6\ufe0f&nbsp;Inscreva-se nos dois canais do GRANDE PR\u00caMIO no YouTube:&nbsp;<a href=\"https:\/\/www.youtube.com\/channel\/UC9OlHEgxoaY6QY6nWPoiqQg?sub_confirmation=1\" target=\"_blank\" rel=\"noreferrer noopener\">GP<\/a>&nbsp;|&nbsp;<a href=\"https:\/\/www.youtube.com\/channel\/UC9csiS6q_C3C0FYhyr1rnFA?sub_confirmation=1\" target=\"_blank\" rel=\"noreferrer noopener\">GP2<\/a><\/strong><br><strong>\u25b6\ufe0f&nbsp;<a href=\"https:\/\/www.twitch.tv\/grandepremio\" target=\"_blank\" rel=\"noreferrer noopener\" class=\"ek-link\">Conhe\u00e7a o canal do GRANDE PR\u00caMIO na Twitch clicando aqui!<\/a><\/strong><\/p>\n\n\n\n<figure class=\"wp-block-image size-large\"><img decoding=\"async\" src=\"https:\/\/www.grandepremio.com\/br\/wp-content\/uploads\/2023\/03\/williams-logansargeant-01-1-1024x683.jpg\" alt=\"\" class=\"wp-image-657522\"\/><figcaption>Logan Sargeant encara a primeira classifica\u00e7\u00e3o dele na F\u00f3rmula 1 (Foto: Williams)<\/figcaption><\/figure>\n\n\n\n<p class=\"wp-block-paragraph\">Al\u00e9m disso, a classifica\u00e7\u00e3o vai contar com umidade relativa do ar em 51% e m\u00e9dia de ventos em 15 km\/h, com direito a rajadas de at\u00e9 19 km\/h. A visibilidade no horizonte continua de 16 km, mesma coisa que na sexta. \u00c9 um clima favor\u00e1vel aos carros.<\/p>\n\n\n\n<p class=\"wp-block-paragraph\">Antes disso, o terceiro e \u00faltimo treino livre est\u00e1 marcado para as 14h30 locais [8h30 de Bras\u00edlia]. Como ainda estar\u00e1 \u00e0 tarde, a condi\u00e7\u00f5es clim\u00e1ticas mudam um tanto, mas nada diferente do encarado no primeiro treino da sexta. A temperatura chega a 25\u00b0C, com sensa\u00e7\u00e3o de 27\u00b0C, al\u00e9m do sol forte e c\u00e9u aberto. Os ventos ficam em 11 km\/h, com rajadas de 20 km\/h, e umidade relativa do ar em 45%.<\/p>\n\n\n\n<p class=\"wp-block-paragraph\">O GP do Bahrein de\u00a0<a href=\"https:\/\/www.grandepremio.com\/formula-1\/\" target=\"_blank\" rel=\"noreferrer noopener\">F\u00f3rmula 1<\/a>\u00a0continua no s\u00e1bado: o terceiro treino livre abre o dia \u00e0s 8h30 [de Bras\u00edlia, GMT-3], enquanto a classifica\u00e7\u00e3o est\u00e1 marcada para as 12h. No domingo, a corrida tamb\u00e9m est\u00e1 marcada para as 12h. O\u00a0<strong>GRANDE PR\u00caMIO<\/strong>\u00a0acompanha todas as atividades\u00a0<strong><a href=\"https:\/\/www.grandepremio.com\/br\/ao-vivo\/f1\/\" target=\"_blank\" rel=\"noreferrer noopener\">AO VIVO e em\u00a0<\/a><a href=\"https:\/\/www.grandepremio.com\/br\/ao-vivo\/\" target=\"_blank\" rel=\"noreferrer noopener\">TEMPO REAL<\/a><\/strong>\u00a0e traz a\u00a0<a href=\"https:\/\/youtube.com\/@GrandePremio1\" target=\"_blank\" rel=\"noreferrer noopener\" class=\"ek-link\"><strong>NARRA\u00c7\u00c3O da CLASSIFICA\u00c7\u00c3O e da CORRIDA<\/strong><\/a>\u00a0em parceria com a Voz do Esporte.<\/p>\n\n\n\n<figure class=\"wp-block-embed is-type-video is-provider-youtube wp-block-embed-youtube wp-embed-aspect-16-9 wp-has-aspect-ratio\"><div class=\"wp-block-embed__wrapper\">\n<iframe loading=\"lazy\" title=\"ACORDA, TOTO! 5 MOTIVOS PARA ASSISTIR A F1 2023\" width=\"500\" height=\"281\" src=\"https:\/\/www.youtube.com\/embed\/E2e39zu1UQk?feature=oembed\" frameborder=\"0\" allow=\"accelerometer; autoplay; clipboard-write; encrypted-media; gyroscope; picture-in-picture; web-share\" referrerpolicy=\"strict-origin-when-cross-origin\" allowfullscreen><\/iframe>\n<\/div><figcaption>ACORDA, TOTO! 5 MOTIVOS PARA ASSISTIR A F1 2023<\/figcaption><\/figure>\n","protected":false},"excerpt":{"rendered":"<p>O s\u00e1bado do GP do Bahrein entrega uma situa\u00e7\u00e3o clim\u00e1tica muito parecida \u00e0quela da sexta-feira de treinos livres<\/p>\n","protected":false},"author":0,"featured_media":1000657684,"comment_status":"closed","ping_status":"closed","sticky":false,"template":"","format":"standard","meta":{"42wp_featured_image_caption":"","42wp_featured_image_credits":"","42wp_featured_video":"","42wp_featured_image_hidden":false,"42wp_authors_list":[],"footnotes":""},"categories":[2],"tags":[1667,2032,6533,27080,33958,30722,1754,1491,30103,28285,1756,2033],"42wp_author":[47120],"class_list":["post-105115","post","type-post","status-publish","format-standard","has-post-thumbnail","hentry","category-f1","tag-bahrein","tag-clima","tag-f1-2023","tag-f1-bahrein","tag-f1-sakhir","tag-formula-1-2023","tag-gp-do-bahrein","tag-grande-premio","tag-grande-premio-f1","tag-grandepremio","tag-sakhir","tag-temperatura","42wp_author-pedro-henrique-marum"],"_links":{"self":[{"href":"https:\/\/grandepremio.com\/br\/wp-json\/wp\/v2\/posts\/105115","targetHints":{"allow":["GET"]}}],"collection":[{"href":"https:\/\/grandepremio.com\/br\/wp-json\/wp\/v2\/posts"}],"about":[{"href":"https:\/\/grandepremio.com\/br\/wp-json\/wp\/v2\/types\/post"}],"replies":[{"embeddable":true,"href":"https:\/\/grandepremio.com\/br\/wp-json\/wp\/v2\/comments?post=105115"}],"version-history":[{"count":0,"href":"https:\/\/grandepremio.com\/br\/wp-json\/wp\/v2\/posts\/105115\/revisions"}],"wp:featuredmedia":[{"embeddable":true,"href":"https:\/\/grandepremio.com\/br\/wp-json\/wp\/v2\/media\/1000657684"}],"wp:attachment":[{"href":"https:\/\/grandepremio.com\/br\/wp-json\/wp\/v2\/media?parent=105115"}],"wp:term":[{"taxonomy":"category","embeddable":true,"href":"https:\/\/grandepremio.com\/br\/wp-json\/wp\/v2\/categories?post=105115"},{"taxonomy":"post_tag","embeddable":true,"href":"https:\/\/grandepremio.com\/br\/wp-json\/wp\/v2\/tags?post=105115"},{"taxonomy":"42wp_author","embeddable":true,"href":"https:\/\/grandepremio.com\/br\/wp-json\/wp\/v2\/42wp_author?post=105115"}],"curies":[{"name":"wp","href":"https:\/\/api.w.org\/{rel}","templated":true}]}}