{"id":105116,"date":"2023-03-04T07:57:06","date_gmt":"2023-03-04T10:57:06","guid":{"rendered":"https:\/\/grandepremio.com\/br\/noticias\/marti-bate-colapinto-e-vence-corrida-sprint-da-formula-3-no-bahrein-collet-vai-ao-podio\/"},"modified":"2023-03-04T08:06:55","modified_gmt":"2023-03-04T11:06:55","slug":"marti-bate-colapinto-e-vence-corrida-sprint-da-formula-3-no-bahrein-collet-vai-ao-podio","status":"publish","type":"post","link":"https:\/\/grandepremio.com\/br\/f3\/marti-bate-colapinto-e-vence-corrida-sprint-da-formula-3-no-bahrein-collet-vai-ao-podio\/","title":{"rendered":"Mart\u00ed bate Colapinto e vence corrida sprint da F\u00f3rmula 3 no Bahrein. Collet vai ao p\u00f3dio"},"content":{"rendered":"\n<figure class=\"wp-block-embed is-type-video is-provider-youtube wp-block-embed-youtube wp-embed-aspect-16-9 wp-has-aspect-ratio\"><div class=\"wp-block-embed__wrapper\">\n<iframe loading=\"lazy\" title=\"\u201cQUE GRID!\u201d 2023 PROMETE SER A MELHOR TEMPORADA DA F\u00d3RMULA 2  GP \u00e0s 10\" width=\"500\" height=\"281\" src=\"https:\/\/www.youtube.com\/embed\/A9zCxfILtDs?feature=oembed\" frameborder=\"0\" allow=\"accelerometer; autoplay; clipboard-write; encrypted-media; gyroscope; picture-in-picture; web-share\" referrerpolicy=\"strict-origin-when-cross-origin\" allowfullscreen><\/iframe>\n<\/div><\/figure>\n\n\n\n<p class=\"wp-block-paragraph\">A primeira corrida da temporada 2023 da <strong>F\u00f3rmula 3<\/strong> foi vencida por <strong>Josep Mar\u00eda Mart\u00ed<\/strong>. O piloto espanhol da <strong>Campos<\/strong>, agenciado pelo bicampe\u00e3o <strong>Fernando Alonso<\/strong>, superou o argentino <strong>Franco Colapinto<\/strong> nas voltas finais da sprint deste s\u00e1bado (4) e foi o primeiro a ver a bandeira quadriculada no circuito de Sakhir. <strong>Caio Collet <\/strong>completou o primeiro p\u00f3dio do ano.<\/p>\n\n\n\n<p class=\"wp-block-paragraph\"><a href=\"https:\/\/www.grandepremio.com\/br\/f3\/noticias\/gabriele-mini-ponteia-bahrein-conquista-primeira-pole-temporada-2023-formula-3-gabriel-bortoleto-2\/\" class=\"ek-link\">Pole-position da sprint por ter ficado com o 12\u00ba posto na classifica\u00e7\u00e3o para a corrida principal<\/a>, Colapinto chegou a ser amea\u00e7ado por Mart\u00ed na curva 1, mas o argentino fez bem o tra\u00e7ado defensivo e segurou a posi\u00e7\u00e3o. Collet, que acompanhava a briga de perto, conseguiu dar o bote e assumiu o segundo lugar.<\/p>\n\n\n\n<p class=\"wp-block-paragraph\"><strong>\u25b6\ufe0f\u00a0Inscreva-se nos dois canais do GRANDE PR\u00caMIO no YouTube:\u00a0<a href=\"https:\/\/www.youtube.com\/channel\/UC9OlHEgxoaY6QY6nWPoiqQg?sub_confirmation=1\" target=\"_blank\" rel=\"noreferrer noopener\">GP<\/a>\u00a0|\u00a0<a href=\"https:\/\/www.youtube.com\/channel\/UC9csiS6q_C3C0FYhyr1rnFA?sub_confirmation=1\" target=\"_blank\" rel=\"noreferrer noopener\">GP2<\/a><\/strong><br><strong>\u25b6\ufe0f\u00a0<a href=\"https:\/\/www.twitch.tv\/grandepremio\" target=\"_blank\" rel=\"noreferrer noopener\">Conhe\u00e7a o canal do GRANDE PR\u00caMIO na Twitch clicando aqui!<\/a><\/strong><\/p>\n\n\n\n<figure class=\"wp-block-image size-large\"><img decoding=\"async\" src=\"https:\/\/www.grandepremio.com\/br\/wp-content\/uploads\/2023\/03\/Caio-Collet-Bahrein-1024x683.jpg\" alt=\"\" class=\"wp-image-657923\"\/><figcaption>Caio Collet foi ao p\u00f3dio na corrida 1 do Bahrein (Foto: F3)<\/figcaption><\/figure>\n\n\n\n<p class=\"wp-block-paragraph\">J\u00e1 no segundo giro, o primeiro safety-car da temporada apareceu: <strong>Rafael Villag\u00f3mez <\/strong>se enroscou com <strong>Gabriel Bortoleto<\/strong> entre as curvas 4 e 5 e foi parar no muro de prote\u00e7\u00e3o. O carro de seguran\u00e7a permaneceu na pista at\u00e9 o final da sexta volta.<\/p>\n\n\n\n<p class=\"wp-block-paragraph\">Na relargada, Colapinto partiu bem, mantendo a lideran\u00e7a, enquanto Mart\u00ed superava Collet e pulava para a segunda posi\u00e7\u00e3o. Na mesma volta, no entanto, a corrida teve nova interrup\u00e7\u00e3o, agora causada por <strong>Luke Browning<\/strong>, que rodou no meio do pelot\u00e3o durante o recome\u00e7o e ficou com o carro atravessado na pista.<\/p>\n\n\n\n<p class=\"wp-block-paragraph\">O safety-car entrou em a\u00e7\u00e3o e comandou a fila at\u00e9 a volta 12. Mais uma vez, Colapinto segurou a ponta na relargada, por\u00e9m Mart\u00ed foi para cima do representante da <strong>MP<\/strong> com muito mais a\u00e7\u00e3o. Duas voltas depois, veio a manobra definitiva, e o espanhol da Campos deixou Franco para tr\u00e1s.<\/p>\n\n\n\n<p class=\"wp-block-paragraph\">Colapinto cruzou a linha de chegada 1s8 atr\u00e1s de Mart\u00ed, com Caio Collet fechando o p\u00f3dio. <strong>Dino Beganovic<\/strong> ficou com o quarto lugar, 0s8 \u00e0 frente de <strong>Paul Aron<\/strong>. <strong>Oliver Goethe<\/strong> foi o sexto colocado, com <strong>Gregoire Saucy<\/strong> em s\u00e9timo. <strong>Leonardo Fornaroli <\/strong>concluiu na oitava posi\u00e7\u00e3o, com <strong>Jonny Edgar<\/strong> e <strong>Sebasti\u00e1n Montoya<\/strong> fechando o top-10.<\/p>\n\n\n\n<p class=\"wp-block-paragraph\">A corrida principal da rodada do <strong>Bahrein<\/strong> da F\u00f3rmula 3 acontece neste domingo, \u00e0s 5h50 (de Bras\u00edlia, GMT-3). O <strong>GRANDE PR\u00caMIO<\/strong> acompanha todas as atividades da temporada 2023.<\/p>\n","protected":false},"excerpt":{"rendered":"<p>Josep Mar\u00eda Mart\u00ed superou Franco Colapinto nas voltas finais e venceu a corrida sprint da rodada do Bahrein da F3. Caio Collet completou o primeiro p\u00f3dio do ano<\/p>\n","protected":false},"author":0,"featured_media":1000657921,"comment_status":"closed","ping_status":"closed","sticky":false,"template":"","format":"standard","meta":{"42wp_featured_image_caption":"","42wp_featured_image_credits":"","42wp_featured_video":"","42wp_featured_image_hidden":false,"42wp_authors_list":[],"footnotes":""},"categories":[10],"tags":[1667,448,31948,5921,1008,32564,8057,25440,1491,33971,2018],"42wp_author":[47147],"class_list":["post-105116","post","type-post","status-publish","format-standard","has-post-thumbnail","hentry","category-f3","tag-bahrein","tag-caio-collet","tag-classificacao-f3","tag-corrida-sprint","tag-f3","tag-f3-2023","tag-formula-3","tag-franco-colapinto","tag-grande-premio","tag-josep-maria-marti","tag-sprint-race","42wp_author-luana-marino"],"_links":{"self":[{"href":"https:\/\/grandepremio.com\/br\/wp-json\/wp\/v2\/posts\/105116","targetHints":{"allow":["GET"]}}],"collection":[{"href":"https:\/\/grandepremio.com\/br\/wp-json\/wp\/v2\/posts"}],"about":[{"href":"https:\/\/grandepremio.com\/br\/wp-json\/wp\/v2\/types\/post"}],"replies":[{"embeddable":true,"href":"https:\/\/grandepremio.com\/br\/wp-json\/wp\/v2\/comments?post=105116"}],"version-history":[{"count":0,"href":"https:\/\/grandepremio.com\/br\/wp-json\/wp\/v2\/posts\/105116\/revisions"}],"wp:featuredmedia":[{"embeddable":true,"href":"https:\/\/grandepremio.com\/br\/wp-json\/wp\/v2\/media\/1000657921"}],"wp:attachment":[{"href":"https:\/\/grandepremio.com\/br\/wp-json\/wp\/v2\/media?parent=105116"}],"wp:term":[{"taxonomy":"category","embeddable":true,"href":"https:\/\/grandepremio.com\/br\/wp-json\/wp\/v2\/categories?post=105116"},{"taxonomy":"post_tag","embeddable":true,"href":"https:\/\/grandepremio.com\/br\/wp-json\/wp\/v2\/tags?post=105116"},{"taxonomy":"42wp_author","embeddable":true,"href":"https:\/\/grandepremio.com\/br\/wp-json\/wp\/v2\/42wp_author?post=105116"}],"curies":[{"name":"wp","href":"https:\/\/api.w.org\/{rel}","templated":true}]}}