{"id":105144,"date":"2023-03-03T08:46:42","date_gmt":"2023-03-03T11:46:42","guid":{"rendered":"https:\/\/grandepremio.com\/br\/noticias\/lewis-hamilton-consegue-excecao-liberado-manter-piercing-risco-desfiguracao\/"},"modified":"2023-03-03T08:47:25","modified_gmt":"2023-03-03T11:47:25","slug":"lewis-hamilton-consegue-excecao-liberado-manter-piercing-risco-desfiguracao","status":"publish","type":"post","link":"https:\/\/grandepremio.com\/br\/f1\/lewis-hamilton-consegue-excecao-liberado-manter-piercing-risco-desfiguracao\/","title":{"rendered":"Hamilton consegue exce\u00e7\u00e3o e \u00e9 liberado para manter piercing por risco de desfigura\u00e7\u00e3o"},"content":{"rendered":"\n<p class=\"wp-block-paragraph\"><strong>Lewis Hamilton<\/strong> venceu a primeira batalha contra a <strong>FIA <\/strong>(Federa\u00e7\u00e3o Internacional de Automobilismo). A entidade m\u00e1xima do esporte anunciou nesta sexta-feira (3) que concedeu ao brit\u00e2nico uma exce\u00e7\u00e3o m\u00e9dica para que ele possa manter o <strong>piercing <\/strong>no nariz. A libera\u00e7\u00e3o foi concedida por causa da \u201cpreocupa\u00e7\u00e3o de desfigura\u00e7\u00e3o\u201d resultante de remo\u00e7\u00f5es frequentes.<\/p>\n\n\n\n<p class=\"wp-block-paragraph\">A regra quanto ao uso de <strong>joias <\/strong>e <strong>acess\u00f3rios <\/strong>durante treinos e corridas existe h\u00e1 mais de 15 anos, mas ganhou mais evid\u00eancia no ano passado, quando a <strong>FIA <\/strong>estipulou prazos para que o c\u00f3digo fosse efetivamente cumprido.<\/p>\n\n\n\n<figure class=\"wp-block-image size-large\"><img decoding=\"async\" src=\"https:\/\/www.grandepremio.com\/br\/wp-content\/uploads\/2023\/02\/000_339U6AU-1024x682.jpg\" alt=\"\" class=\"wp-image-654184\"\/><figcaption>Lewis Hamilton conseguiu libera\u00e7\u00e3o para manter piercing (Foto: Giuseppe CACACE \/ AFP)<\/figcaption><\/figure>\n\n\n\n<p class=\"wp-block-paragraph\"><strong>\u25b6\ufe0f\u00a0Inscreva-se nos dois canais do GRANDE PR\u00caMIO no YouTube:\u00a0<a href=\"https:\/\/www.youtube.com\/channel\/UC9OlHEgxoaY6QY6nWPoiqQg?sub_confirmation=1\" target=\"_blank\" rel=\"noreferrer noopener\">GP<\/a>\u00a0|\u00a0<a href=\"https:\/\/www.youtube.com\/channel\/UC9csiS6q_C3C0FYhyr1rnFA?sub_confirmation=1\" target=\"_blank\" rel=\"noreferrer noopener\">GP2<\/a><\/strong><br><strong>\u25b6\ufe0f\u00a0<a href=\"https:\/\/www.twitch.tv\/grandepremio\" target=\"_blank\" rel=\"noreferrer noopener\">Conhe\u00e7a o canal do GRANDE PR\u00caMIO na Twitch clicando aqui!<\/a><\/strong><\/p>\n\n\n\n<p class=\"wp-block-paragraph\">Na \u00e9poca, durante o GP de <strong>Miami<\/strong>, <a href=\"https:\/\/www.grandepremio.com\/br\/f1\/noticias\/lewis-hamilton-peita-fia-regra-boba-sobre-uso-joias\/\" class=\"ek-link\">Hamilton chegou a ridicularizar a pol\u00eamica, aparecendo para uma coletiva com os dedos repletos de an\u00e9is<\/a>. O #44 chegou a questionar a exce\u00e7\u00e3o para alian\u00e7as, j\u00e1 que <strong>Mohammed Ben Sulayem<\/strong>, presidente da FIA, tinha se mostrado favor\u00e1vel a conceder exce\u00e7\u00f5es para joias de natureza pessoal ou religiosa.<\/p>\n\n\n\n<p class=\"wp-block-paragraph\">\u00c0s v\u00e9speras do GP do <strong>Bahrein<\/strong>, por\u00e9m, Hamilton conseguiu documenta\u00e7\u00e3o para respaldar o argumento que n\u00e3o pode ficar removendo o piercing do nariz com frequ\u00eancia e, assim, conseguiu a libera\u00e7\u00e3o do Delegado-M\u00e9dico.<\/p>\n\n\n\n<p class=\"wp-block-paragraph\">\u201cOs comiss\u00e1rios ouviram representantes da equipe e receberam um relat\u00f3rio m\u00e9dico de um m\u00e9dico da Mercedes, que pediu uma exce\u00e7\u00e3o\u201d, diz a nota da FIA. \u201cOs Comiss\u00e1rios consultaram o Delegado-M\u00e9dico da FIA, que analisou o relat\u00f3rio m\u00e9dico, examinou o piloto e concordou com a opini\u00e3o\u201d, segue.<\/p>\n\n\n\n<p class=\"wp-block-paragraph\">\u201cDeterminamos que n\u00e3o ser\u00e1 tomada mais nenhuma a\u00e7\u00e3o, j\u00e1 que existe preocupa\u00e7\u00e3o de desfigura\u00e7\u00e3o com tentativas frequentes de remo\u00e7\u00e3o do dispositivo\u201d, anunciou. \u201cOs competidores s\u00e3o lembrados que tem de o direito de apelar de certas decis\u00f5es dos Comiss\u00e1rios, de acordo com o Artigo 15 do C\u00f3digo Esportivo Internacional da FIA e o cap\u00edtulo 4 das Regras Jur\u00eddicas e Disciplinares, de acordo com o tempo limite aplic\u00e1vel\u201d, completou.<\/p>\n\n\n\n<figure class=\"wp-block-embed is-type-video is-provider-youtube wp-block-embed-youtube wp-embed-aspect-16-9 wp-has-aspect-ratio\"><div class=\"wp-block-embed__wrapper\">\n<iframe loading=\"lazy\" title=\"TODO MUNDO ODEIA O CHRISTIAN: O QUE SER\u00c1 DA RED BULL NA F1 2023?\" width=\"500\" height=\"281\" src=\"https:\/\/www.youtube.com\/embed\/6whr-PJj49M?feature=oembed\" frameborder=\"0\" allow=\"accelerometer; autoplay; clipboard-write; encrypted-media; gyroscope; picture-in-picture; web-share\" referrerpolicy=\"strict-origin-when-cross-origin\" allowfullscreen><\/iframe>\n<\/div><\/figure>\n","protected":false},"excerpt":{"rendered":"<p>Piloto da Mercedes apresentou a FIA (Federa\u00e7\u00e3o Internacional de Automobilismo) um relat\u00f3rio m\u00e9dico pedindo uma exce\u00e7\u00e3o para que pudesse manter o piercing no nariz. Depois de examinar o #44, o Delegado-M\u00e9dico da entidade concordou e permitindo a manuten\u00e7\u00e3o da joia<\/p>\n","protected":false},"author":0,"featured_media":1000633633,"comment_status":"closed","ping_status":"closed","sticky":false,"template":"","format":"standard","meta":{"42wp_featured_image_caption":"","42wp_featured_image_credits":"","42wp_featured_video":"","42wp_featured_image_hidden":false,"42wp_authors_list":[],"footnotes":""},"categories":[2],"tags":[33466,147,6533,103,180,30722,33465,28285,87,82,33467],"42wp_author":[47113],"class_list":["post-105144","post","type-post","status-publish","format-standard","has-post-thumbnail","hentry","category-f1","tag-calendario-formula-1-2023","tag-f1","tag-f1-2023","tag-fia","tag-formula-1","tag-formula-1-2023","tag-formula-1-classificacao-2023","tag-grandepremio","tag-lewis-hamilton","tag-mercedes","tag-onde-assistir-f1-2023","42wp_author-juliana-tesser"],"_links":{"self":[{"href":"https:\/\/grandepremio.com\/br\/wp-json\/wp\/v2\/posts\/105144","targetHints":{"allow":["GET"]}}],"collection":[{"href":"https:\/\/grandepremio.com\/br\/wp-json\/wp\/v2\/posts"}],"about":[{"href":"https:\/\/grandepremio.com\/br\/wp-json\/wp\/v2\/types\/post"}],"replies":[{"embeddable":true,"href":"https:\/\/grandepremio.com\/br\/wp-json\/wp\/v2\/comments?post=105144"}],"version-history":[{"count":0,"href":"https:\/\/grandepremio.com\/br\/wp-json\/wp\/v2\/posts\/105144\/revisions"}],"wp:featuredmedia":[{"embeddable":true,"href":"https:\/\/grandepremio.com\/br\/wp-json\/wp\/v2\/media\/1000633633"}],"wp:attachment":[{"href":"https:\/\/grandepremio.com\/br\/wp-json\/wp\/v2\/media?parent=105144"}],"wp:term":[{"taxonomy":"category","embeddable":true,"href":"https:\/\/grandepremio.com\/br\/wp-json\/wp\/v2\/categories?post=105144"},{"taxonomy":"post_tag","embeddable":true,"href":"https:\/\/grandepremio.com\/br\/wp-json\/wp\/v2\/tags?post=105144"},{"taxonomy":"42wp_author","embeddable":true,"href":"https:\/\/grandepremio.com\/br\/wp-json\/wp\/v2\/42wp_author?post=105144"}],"curies":[{"name":"wp","href":"https:\/\/api.w.org\/{rel}","templated":true}]}}