{"id":105156,"date":"2023-03-03T04:30:00","date_gmt":"2023-03-03T07:30:00","guid":{"rendered":"https:\/\/grandepremio.com\/br\/noticias\/stroll-esclarece-fraturas-apos-acidente-de-bicicleta-e-confirma-cirurgia-no-pulso-direito\/"},"modified":"2023-03-02T17:18:06","modified_gmt":"2023-03-02T20:18:06","slug":"stroll-esclarece-fraturas-apos-acidente-de-bicicleta-e-confirma-cirurgia-no-pulso-direito","status":"publish","type":"post","link":"https:\/\/grandepremio.com\/br\/f1\/stroll-esclarece-fraturas-apos-acidente-de-bicicleta-e-confirma-cirurgia-no-pulso-direito\/","title":{"rendered":"Stroll esclarece fraturas ap\u00f3s acidente de bicicleta e confirma cirurgia no pulso direito"},"content":{"rendered":"\n<figure class=\"wp-block-embed is-type-video is-provider-youtube wp-block-embed-youtube wp-embed-aspect-16-9 wp-has-aspect-ratio\"><div class=\"wp-block-embed__wrapper\">\n<iframe loading=\"lazy\" title=\"DRUGOVICH FORA, STROLL DENTRO: F1 2023 COME\u00c7A NO BAHREIN | WGP\" width=\"500\" height=\"281\" src=\"https:\/\/www.youtube.com\/embed\/cB25QSDfqZc?feature=oembed\" frameborder=\"0\" allow=\"accelerometer; autoplay; clipboard-write; encrypted-media; gyroscope; picture-in-picture; web-share\" referrerpolicy=\"strict-origin-when-cross-origin\" allowfullscreen><\/iframe>\n<\/div><figcaption>DRUGOVICH FORA, STROLL DENTRO: F1 2023 COME\u00c7A NO BAHREIN | WGP<\/figcaption><\/figure>\n\n\n\n<p class=\"wp-block-paragraph\"><strong>Lance Stroll <\/strong><a aria-label=\" (opens in a new tab)\" href=\"https:\/\/www.grandepremio.com\/br\/f1\/noticias\/aston-martin-confirma-presenca-lance-stroll-gp-bahrein-apos-lesao-punho\/\" target=\"_blank\" rel=\"noreferrer noopener\" class=\"ek-link\"><strong>confirmou a participa\u00e7\u00e3o no GP do Bahrein<\/strong><\/a>, pouco mais de 24 horas antes do primeiro treino livre. Para estar na corrida inaugural da temporada 2023 da F\u00f3rmula 1, o piloto da<strong> Aston Martin<\/strong> fez um trabalho intenso de recupera\u00e7\u00e3o ap\u00f3s cirurgia no pulso direito e deu mais detalhes do processo durante a \u00faltima quinta-feira, quando chegou ao paddock de Sakhir.<\/p>\n\n\n\n<p class=\"wp-block-paragraph\">O canadense <strong><a href=\"https:\/\/www.grandepremio.com\/br\/f1\/noticias\/lance-stroll-acidenta-treino-fora-pre-temporada-f1-bahrein\/\" class=\"ek-link\">sofreu um acidente de bicicleta<\/a><\/strong> enquanto treinava na Espanha, e n\u00e3o participou da pr\u00e9-temporada, sendo substitu\u00eddo pelo brasileiro <strong>Felipe Drugovich<\/strong>, reserva do time de Silverstone. Chegou a haver a confirma\u00e7\u00e3o que caso Stroll n\u00e3o pudesse correr em Sakhir, <strong><a href=\"https:\/\/www.grandepremio.com\/br\/f1\/noticias\/aston-martin-encerra-especulacoes-garante-felipe-drugovich-bahrein-caso-lance-stroll-nao-corra\/\" class=\"ek-link\">Drugovich ocuparia novamente esse posto para abrir o campeonato<\/a><\/strong>. No entanto, o titular foi confirmado e demonstrou estar se sentindo \u201cmuito bem\u201d.<\/p>\n\n\n\n<p class=\"wp-block-paragraph\"><strong>\u25b6\ufe0f&nbsp;Inscreva-se nos dois canais do GRANDE PR\u00caMIO no YouTube:&nbsp;<a href=\"https:\/\/www.youtube.com\/channel\/UC9OlHEgxoaY6QY6nWPoiqQg?sub_confirmation=1\" target=\"_blank\" rel=\"noreferrer noopener\">GP<\/a>&nbsp;|&nbsp;<a href=\"https:\/\/www.youtube.com\/channel\/UC9csiS6q_C3C0FYhyr1rnFA?sub_confirmation=1\" target=\"_blank\" rel=\"noreferrer noopener\">GP2<\/a><\/strong><br><strong>\u25b6\ufe0f&nbsp;<a href=\"https:\/\/www.twitch.tv\/grandepremio\" target=\"_blank\" rel=\"noreferrer noopener\">Conhe\u00e7a o canal do GRANDE PR\u00caMIO na Twitch clicando aqui!<\/a><\/strong><\/p>\n\n\n\n<p class=\"wp-block-paragraph\">\u201cFoi apenas uma pequena cirurgia no meu pulso direito, e machuquei o esquerdo [tamb\u00e9m]. Foi um doloroso acidente: eu simplesmente voei da bicicleta e ca\u00ed muito forte. \u00c9 isso, e eu basicamente fiz de tudo para voltar \u00e0 forma, para voltar ao grid. O m\u00e9dico e meu fisioterapeuta foram incr\u00edveis e gra\u00e7as a eles estou aqui no Bahrein\u201d, celebrou.<\/p>\n\n\n\n<p class=\"wp-block-paragraph\">\u201cEstou me sentindo muito bem. Foi uma semana cheia focando na minha recupera\u00e7\u00e3o para estar aqui. Estou muito, muito feliz e ansioso pelo fim de semana. Foi uma semana agitada, com certeza!\u201d, disse.<\/p>\n\n\n\n<figure class=\"wp-block-image size-large\"><img decoding=\"async\" src=\"https:\/\/www.grandepremio.com\/br\/wp-content\/uploads\/2022\/11\/astonmartin-lancestroll-01-10-1024x683.jpg\" alt=\"\" class=\"wp-image-634854\"\/><figcaption>Lance Stroll precisou de uma pequena cirurgia no pulso direito ap\u00f3s queda de bicicleta na Espanha (Foto: Aston Martin)<\/figcaption><\/figure>\n\n\n\n<p class=\"wp-block-paragraph\">O piloto de 24 anos ainda falou sobre o esp\u00edrito dentro da equipe para a temporada que come\u00e7a nesse fim de semana e ressaltou a import\u00e2ncia dessa primeira corrida para entender melhor \u201cem que p\u00e9 est\u00e3o\u201d com o <strong>AMR23<\/strong>.<\/p>\n\n\n\n<p class=\"wp-block-paragraph\">\u201cFoi uma \u00f3tima semana e parece que todos est\u00e3o muito animados. O esp\u00edrito da equipe est\u00e1 \u00f3timo agora, ent\u00e3o estou muito animado para estar ao volante do novo carro. Acho que vamos aprender muito mais neste fim de semana; ap\u00f3s os testes \u00e9 sempre dif\u00edcil tirar conclus\u00f5es. Acho que neste fim de semana com a primeira corrida, classifica\u00e7\u00e3o e com ritmo de corrida, vamos entender onde estamos\u201d, concluiu.<\/p>\n\n\n\n<p class=\"wp-block-paragraph\">O GP do Bahrein acontece no Circuito Internacional de Sakhir entre os dias 3 e 5 de mar\u00e7o, com cobertura <a href=\"https:\/\/www.grandepremio.com\/br\/ao-vivo\/f1\/\"><strong>AO VIVO e em TEMPO REAL<\/strong><\/a><strong> <\/strong>do <strong>GRANDE PR\u00caMIO.<\/strong><\/p>\n\n\n\n<figure class=\"wp-block-embed is-type-video is-provider-youtube wp-block-embed-youtube wp-embed-aspect-16-9 wp-has-aspect-ratio\"><div class=\"wp-block-embed__wrapper\">\n<iframe loading=\"lazy\" title=\"ACORDA, TOTO! 5 MOTIVOS PARA ASSISTIR A F1 2023\" width=\"500\" height=\"281\" src=\"https:\/\/www.youtube.com\/embed\/E2e39zu1UQk?feature=oembed\" frameborder=\"0\" allow=\"accelerometer; autoplay; clipboard-write; encrypted-media; gyroscope; picture-in-picture; web-share\" referrerpolicy=\"strict-origin-when-cross-origin\" allowfullscreen><\/iframe>\n<\/div><figcaption>ACORDA, TOTO! 5 MOTIVOS PARA ASSISTIR A F1 2023<\/figcaption><\/figure>\n","protected":false},"excerpt":{"rendered":"<p>Ap\u00f3s cirurgia no pulso direito e uma recupera\u00e7\u00e3o intensa, Lance Stroll confirmou presen\u00e7a no grid para o GP do Bahrein que abre a temporada 2023 da F1. O canadense deu mais detalhes do acidente de bicicleta na Espanha<\/p>\n","protected":false},"author":0,"featured_media":1000631998,"comment_status":"closed","ping_status":"closed","sticky":false,"template":"","format":"standard","meta":{"42wp_featured_image_caption":"","42wp_featured_image_credits":"","42wp_featured_video":"","42wp_featured_image_hidden":false,"42wp_authors_list":[],"footnotes":""},"categories":[2],"tags":[309,1667,147,6533,180,30722,33465,28285,485,33467,1756],"42wp_author":[47150],"class_list":["post-105156","post","type-post","status-publish","format-standard","has-post-thumbnail","hentry","category-f1","tag-aston-martin","tag-bahrein","tag-f1","tag-f1-2023","tag-formula-1","tag-formula-1-2023","tag-formula-1-classificacao-2023","tag-grandepremio","tag-lance-stroll","tag-onde-assistir-f1-2023","tag-sakhir","42wp_author-carol-sales"],"_links":{"self":[{"href":"https:\/\/grandepremio.com\/br\/wp-json\/wp\/v2\/posts\/105156","targetHints":{"allow":["GET"]}}],"collection":[{"href":"https:\/\/grandepremio.com\/br\/wp-json\/wp\/v2\/posts"}],"about":[{"href":"https:\/\/grandepremio.com\/br\/wp-json\/wp\/v2\/types\/post"}],"replies":[{"embeddable":true,"href":"https:\/\/grandepremio.com\/br\/wp-json\/wp\/v2\/comments?post=105156"}],"version-history":[{"count":0,"href":"https:\/\/grandepremio.com\/br\/wp-json\/wp\/v2\/posts\/105156\/revisions"}],"wp:featuredmedia":[{"embeddable":true,"href":"https:\/\/grandepremio.com\/br\/wp-json\/wp\/v2\/media\/1000631998"}],"wp:attachment":[{"href":"https:\/\/grandepremio.com\/br\/wp-json\/wp\/v2\/media?parent=105156"}],"wp:term":[{"taxonomy":"category","embeddable":true,"href":"https:\/\/grandepremio.com\/br\/wp-json\/wp\/v2\/categories?post=105156"},{"taxonomy":"post_tag","embeddable":true,"href":"https:\/\/grandepremio.com\/br\/wp-json\/wp\/v2\/tags?post=105156"},{"taxonomy":"42wp_author","embeddable":true,"href":"https:\/\/grandepremio.com\/br\/wp-json\/wp\/v2\/42wp_author?post=105156"}],"curies":[{"name":"wp","href":"https:\/\/api.w.org\/{rel}","templated":true}]}}