{"id":105173,"date":"2023-03-02T11:48:25","date_gmt":"2023-03-02T14:48:25","guid":{"rendered":"https:\/\/grandepremio.com\/br\/noticias\/fernando-alonso-revela-correu-maos-fraturadas-2022-celebra-volta-lance-stroll-noticia-boa\/"},"modified":"2023-03-02T11:49:07","modified_gmt":"2023-03-02T14:49:07","slug":"fernando-alonso-revela-correu-maos-fraturadas-2022-celebra-volta-lance-stroll-noticia-boa","status":"publish","type":"post","link":"https:\/\/grandepremio.com\/br\/f1\/fernando-alonso-revela-correu-maos-fraturadas-2022-celebra-volta-lance-stroll-noticia-boa\/","title":{"rendered":"Alonso revela que correu com m\u00e3os fraturadas em 2022 e celebra volta de Stroll: \u201cNot\u00edcia boa\u201d"},"content":{"rendered":"\n<p class=\"wp-block-paragraph\"><strong>Fernando Alonso<\/strong> revelou que correu com fraturas nas m\u00e3os na temporada <strong>2022 <\/strong>da <strong>F\u00f3rmula 1<\/strong>. O espanhol avaliou que a situa\u00e7\u00e3o n\u00e3o tem compara\u00e7\u00e3o com a de <strong>Lance Stroll<\/strong>, mas assumiu que correu com dores at\u00e9 estar completamente recuperado, em agosto.<\/p>\n\n\n\n<p class=\"wp-block-paragraph\">A les\u00e3o de Alonso aconteceu em um acidente durante o <strong>Q3 <\/strong>do GP da <strong>Austr\u00e1lia<\/strong>. O veterano bateu no muro depois de uma falha hidr\u00e1ulica da <strong>Alpine<\/strong>, mas n\u00e3o ficou de fora de nenhuma corrida, ainda que tenha usado bandagens at\u00e9 a corrida de <strong>M\u00f4naco<\/strong>.<\/p>\n\n\n\n<figure class=\"wp-block-image size-large\"><img decoding=\"async\" src=\"https:\/\/www.grandepremio.com\/br\/wp-content\/uploads\/2023\/02\/astonmartin-fernandoalonso02-1-1024x683.jpg\" alt=\"\" class=\"wp-image-655501\"\/><figcaption>Fernando Alonso se mostrou feliz com a volta de Lance Stroll (Foto: Aston Martin)<\/figcaption><\/figure>\n\n\n\n<p class=\"wp-block-paragraph\"><strong>\u25b6\ufe0f\u00a0<a href=\"https:\/\/www.twitch.tv\/grandepremio\" target=\"_blank\" rel=\"noreferrer noopener\">Conhe\u00e7a o canal do GRANDE PR\u00caMIO na Twitch clicando aqui!<\/a><\/strong><\/p>\n\n\n\n<p class=\"wp-block-paragraph\">Questionado pela pr\u00f3pria experi\u00eancia, o piloto de 41 anos respondeu: \u201cNo meu caso, quebrei alguns ossos de ambas as m\u00e3os no ano passado\u201d.<\/p>\n\n\n\n<p class=\"wp-block-paragraph\">\u201cEnt\u00e3o, at\u00e9 agosto, eu n\u00e3o estava completamente recuperado. Eu tinha um pouco de dor, mas n\u00f3s amamos guiar!\u201d, apontou.<\/p>\n\n\n\n<p class=\"wp-block-paragraph\">A declara\u00e7\u00e3o de Fernando vem na esteira da confirma\u00e7\u00e3o da <strong>Aston Martin <\/strong>de que Stroll vai disputar o GP do <strong>Bahrein <\/strong>mesmo tendo sofrido uma fratura no punho h\u00e1 poucos dias, em um acidente de bicicleta.<\/p>\n\n\n\n<p class=\"wp-block-paragraph\">Alonso frisou que a les\u00e3o dele e de Stroll \u201cs\u00e3o coisas muito diferentes\u201d, ainda que tenha sublinhado que n\u00e3o sabe ao certo o que ocorreu com o canadense.<\/p>\n\n\n\n<p class=\"wp-block-paragraph\">\u201cN\u00e3o sei exatamente o que Lance tem. \u00c9 uma coisa privada\u2026 Ele, obviamente, vai avaliar no carro\u201d, comentou. \u201cJ\u00e1 \u00e9 uma not\u00edcia muito boa que ele esteja aqui e que v\u00e1 tentar. Isso mostra o desejo dele de vencer e a motiva\u00e7\u00e3o de fazer isso com essa equipe\u201d, pontuou.<\/p>\n\n\n\n<p class=\"wp-block-paragraph\">\u201cIsso significa lutar por qualquer que seja a posi\u00e7\u00e3o que pudermos neste fim de semana. Ele est\u00e1 aqui pronto para tentar. Este \u00e9 um sinal muito bom\u201d, elogiou.<\/p>\n\n\n\n<p class=\"wp-block-paragraph\">Durante os testes no Bahrein, <strong>Mike Krack<\/strong>, chefe da Aston Martin, revelou que Stroll ainda precisava testar o AMR23 no simulador da equipe em Silverstone, mas, de acordo com Fernando, essas sess\u00f5es j\u00e1 aconteceram.<\/p>\n\n\n\n<p class=\"wp-block-paragraph\">\u201cN\u00f3s estivemos em contato desde o primeiro dia, ent\u00e3o Lance foi atualizado sobre tudo durante o teste\u201d, falou Alonso. \u201cN\u00f3s conversamos com ele durante o almo\u00e7o e tamb\u00e9m nas sess\u00f5es da noite. Ele esteve no simulador nos \u00faltimos dias tamb\u00e9m, nos dando feedback, ent\u00e3o estamos na mesma p\u00e1gina basicamente em tempo real\u201d, encerrou.<\/p>\n\n\n\n<figure class=\"wp-block-embed is-type-video is-provider-youtube wp-block-embed-youtube wp-embed-aspect-16-9 wp-has-aspect-ratio\"><div class=\"wp-block-embed__wrapper\">\n<iframe loading=\"lazy\" title=\"ACORDA, TOTO! 5 MOTIVOS PARA ASSISTIR A F1 2023\" width=\"500\" height=\"281\" src=\"https:\/\/www.youtube.com\/embed\/E2e39zu1UQk?feature=oembed\" frameborder=\"0\" allow=\"accelerometer; autoplay; clipboard-write; encrypted-media; gyroscope; picture-in-picture; web-share\" referrerpolicy=\"strict-origin-when-cross-origin\" allowfullscreen><\/iframe>\n<\/div><\/figure>\n","protected":false},"excerpt":{"rendered":"<p>Espanhol contou que teve fraturas em ambas as m\u00e3os no passado e esteve lesionado at\u00e9 agosto, mas avaliou que a situa\u00e7\u00e3o era diferente da vivida agora por Lance Stroll. O bicampe\u00e3o da F\u00f3rmula 1 comemorou a volta do companheiro de Aston Martin, confirmado para o GP do Bahrein<\/p>\n","protected":false},"author":0,"featured_media":1000654751,"comment_status":"closed","ping_status":"closed","sticky":false,"template":"","format":"standard","meta":{"42wp_featured_image_caption":"","42wp_featured_image_credits":"","42wp_featured_video":"","42wp_featured_image_hidden":false,"42wp_authors_list":[],"footnotes":""},"categories":[2],"tags":[309,147,6533,176,180,30722,33465,28285,485,33467],"42wp_author":[47113],"class_list":["post-105173","post","type-post","status-publish","format-standard","has-post-thumbnail","hentry","category-f1","tag-aston-martin","tag-f1","tag-f1-2023","tag-fernando-alonso","tag-formula-1","tag-formula-1-2023","tag-formula-1-classificacao-2023","tag-grandepremio","tag-lance-stroll","tag-onde-assistir-f1-2023","42wp_author-juliana-tesser"],"_links":{"self":[{"href":"https:\/\/grandepremio.com\/br\/wp-json\/wp\/v2\/posts\/105173","targetHints":{"allow":["GET"]}}],"collection":[{"href":"https:\/\/grandepremio.com\/br\/wp-json\/wp\/v2\/posts"}],"about":[{"href":"https:\/\/grandepremio.com\/br\/wp-json\/wp\/v2\/types\/post"}],"replies":[{"embeddable":true,"href":"https:\/\/grandepremio.com\/br\/wp-json\/wp\/v2\/comments?post=105173"}],"version-history":[{"count":0,"href":"https:\/\/grandepremio.com\/br\/wp-json\/wp\/v2\/posts\/105173\/revisions"}],"wp:featuredmedia":[{"embeddable":true,"href":"https:\/\/grandepremio.com\/br\/wp-json\/wp\/v2\/media\/1000654751"}],"wp:attachment":[{"href":"https:\/\/grandepremio.com\/br\/wp-json\/wp\/v2\/media?parent=105173"}],"wp:term":[{"taxonomy":"category","embeddable":true,"href":"https:\/\/grandepremio.com\/br\/wp-json\/wp\/v2\/categories?post=105173"},{"taxonomy":"post_tag","embeddable":true,"href":"https:\/\/grandepremio.com\/br\/wp-json\/wp\/v2\/tags?post=105173"},{"taxonomy":"42wp_author","embeddable":true,"href":"https:\/\/grandepremio.com\/br\/wp-json\/wp\/v2\/42wp_author?post=105173"}],"curies":[{"name":"wp","href":"https:\/\/api.w.org\/{rel}","templated":true}]}}