{"id":105211,"date":"2023-03-01T08:37:31","date_gmt":"2023-03-01T11:37:31","guid":{"rendered":"https:\/\/grandepremio.com\/br\/noticias\/alphatauri-possibilidade-venda-equipe-red-bull-rumores-sem-base\/"},"modified":"2023-03-01T10:30:38","modified_gmt":"2023-03-01T13:30:38","slug":"alphatauri-possibilidade-venda-equipe-red-bull-rumores-sem-base","status":"publish","type":"post","link":"https:\/\/grandepremio.com\/br\/f1\/alphatauri-possibilidade-venda-equipe-red-bull-rumores-sem-base\/","title":{"rendered":"AlphaTauri recha\u00e7a possibilidade de venda da equipe pela Red Bull: &#8220;Rumores sem base&#8221;"},"content":{"rendered":"\n<figure class=\"wp-block-embed is-type-video is-provider-youtube wp-block-embed-youtube wp-embed-aspect-16-9 wp-has-aspect-ratio\"><div class=\"wp-block-embed__wrapper\">\n<iframe loading=\"lazy\" title=\"&quot;RED BULL PARECE ESTAR DE SACO CHEIO DA ALPHATAURI&quot; | GP \u00e0s 10\" width=\"500\" height=\"281\" src=\"https:\/\/www.youtube.com\/embed\/-kNqmyqcaBs?feature=oembed\" frameborder=\"0\" allow=\"accelerometer; autoplay; clipboard-write; encrypted-media; gyroscope; picture-in-picture; web-share\" referrerpolicy=\"strict-origin-when-cross-origin\" allowfullscreen><\/iframe>\n<\/div><\/figure>\n\n\n\n<p class=\"wp-block-paragraph\">Na \u00faltima semana, rumores de que o comando da <strong>Red Bull <\/strong>n\u00e3o estaria feliz com os gastos necess\u00e1rios para manter a <strong>AlphaTauri <\/strong>na F1 surgiram na internet, e o portal alem\u00e3o <em>Auto Motor und Sport<\/em> publicou que o pen\u00faltimo lugar do Mundial de Construtores do ano passado teria incomodado a nova c\u00fapula dos taurinos \u2014 reestruturada ap\u00f3s a morte do fundador e ent\u00e3o presidente <strong>Dietrich Mateschitz <\/strong>\u2014, <a href=\"https:\/\/www.grandepremio.com\/br\/f1\/noticias\/direcao-red-bull-da-ultimato-custos-avalia-venda-alphatauri\/\" target=\"_blank\" aria-label=\"que estaria pensando em uma poss\u00edvel venda (opens in a new tab)\" rel=\"noreferrer noopener\" class=\"ek-link\">que estaria pensando em uma poss\u00edvel venda<\/a>. Nesta quarta-feira (1\u00ba), entretanto, o time italiano tratou de negar tudo.<\/p>\n\n\n\n<p class=\"wp-block-paragraph\">De acordo com um comunicado nas redes sociais da AlphaTauri, o chefe da equipe, <strong>Franz Tost<\/strong>, declarou que a Red Bull n\u00e3o possui inten\u00e7\u00f5es de vender a escuderia de Faenza. De acordo com ele, reuni\u00f5es com <strong>Oliver Mintzlaff <\/strong>\u2014 o novo respons\u00e1vel pelos projetos das equipes na F1 \u2014 confirmaram que a empresa austr\u00edaca segue confiante em ter um time B na categoria.<\/p>\n\n\n\n<p class=\"wp-block-paragraph\">&#8220;Eu tive algumas boas reuni\u00f5es com Oliver Mintzlaff, que confirmou que os acionistas n\u00e3o v\u00e3o vender a AlphaTauri, e que a Red Bull vai continuar apoiando a equipe no futuro&#8221;, destacou o comunicado. &#8220;Todos esses rumores n\u00e3o possuem base, e a equipe permanece focada no come\u00e7o da temporada para performar melhor do que no ano passado&#8221;, finalizou.<\/p>\n\n\n\n<p class=\"wp-block-paragraph\"><strong>\u25b6\ufe0f&nbsp;<a href=\"https:\/\/www.twitch.tv\/grandepremio\" target=\"_blank\" rel=\"noreferrer noopener\">Conhe\u00e7a o canal do GRANDE PR\u00caMIO na Twitch clicando aqui!<\/a><\/strong><\/p>\n\n\n\n<figure class=\"wp-block-image size-large\"><img decoding=\"async\" src=\"https:\/\/www.grandepremio.com\/br\/wp-content\/uploads\/2021\/10\/SI202110080243_hires_jpeg_24bit_rgb-1024x683.jpg\" alt=\"\" class=\"wp-image-515853\"\/><figcaption>Franz Tost veio a p\u00fablico negar venda da AlphaTauri por parte da Red Bull (Foto: Red Bull Content Pool)<\/figcaption><\/figure>\n\n\n\n<p class=\"wp-block-paragraph\"><strong>\u25b6\ufe0f&nbsp;Inscreva-se nos dois canais do GRANDE PR\u00caMIO no YouTube:&nbsp;<a href=\"https:\/\/www.youtube.com\/channel\/UC9OlHEgxoaY6QY6nWPoiqQg?sub_confirmation=1\" target=\"_blank\" rel=\"noreferrer noopener\">GP<\/a>&nbsp;|&nbsp;<a href=\"https:\/\/www.youtube.com\/channel\/UC9csiS6q_C3C0FYhyr1rnFA?sub_confirmation=1\" target=\"_blank\" rel=\"noreferrer noopener\">GP2<\/a><\/strong><\/p>\n\n\n\n<p class=\"wp-block-paragraph\">\u00c9 a primeira vez que a AlphaTauri se pronuncia sobre o assunto, mas a Red Bull j\u00e1 havia negado os rumores na \u00faltima semana. De acordo com o que uma fonte n\u00e3o identificada da equipe disse ao jornal ingl\u00eas <em>Mirror<\/em>, <a href=\"https:\/\/www.grandepremio.com\/br\/f1\/noticias\/red-bull-especulacoes-venda-alphatauri-sem-planos\/\" target=\"_blank\" aria-label=\"n\u00e3o h\u00e1 planos para uma venda da equipe em andamento (opens in a new tab)\" rel=\"noreferrer noopener\" class=\"ek-link\">n\u00e3o h\u00e1 planos para uma venda da equipe em andamento<\/a>, e a parceria entre os dois times seguir\u00e1 normalmente seu curso em 2023.<\/p>\n\n\n\n<p class=\"wp-block-paragraph\">&#8220;N\u00e3o h\u00e1 planos para mudar a configura\u00e7\u00e3o atual. Os componentes de fornecimento da Red Bull Technology para AlphaTauri e Red Bull Powertrains trabalham com e ao lado de sua equipe&#8221;, declarou.<\/p>\n\n\n\n<p class=\"wp-block-paragraph\">Apesar da negativa em torno da venda, n\u00e3o \u00e9 a primeira vez que surgem coment\u00e1rios acerca de uma poss\u00edvel compra da AlphaTauri. Ainda no ano passado, o consultor-esportivo da Red Bull, <strong>Helmut Marko<\/strong>, havia abordado as dificuldades da equipe na temporada 2022 e os gastos envolvidos na manuten\u00e7\u00e3o de dois times na F\u00f3rmula 1.<\/p>\n\n\n\n<p class=\"wp-block-paragraph\">&#8220;Pelo potencial, t\u00e9cnico e financeiro, o nono lugar [entre os Construtores] n\u00e3o \u00e9 aceit\u00e1vel&#8221;, criticou. &#8220;Eles cometeram muitos erros de estrat\u00e9gia. O carro tinha muito pouco downforce. No momento, estamos fazendo um balan\u00e7o e olhando para quais parafusos temos de girar&#8221;, disparou Marko.<\/p>\n\n\n\n<p class=\"wp-block-paragraph\">Com a AlphaTauri no grid e pronta para estrear uma nova dupla de equipe em 2023 \u2014 formada por <strong>Yuki Tsunoda <\/strong>e<strong> Nyck de Vries<\/strong> \u2014, a temporada da F\u00f3rmula 1 est\u00e1 agendada para come\u00e7ar oficialmente neste fim de semana, com o <strong>GP do Bahrein<\/strong>, marcado para acontecer entre os dias <strong>3 <\/strong>e <strong>5 de mar\u00e7o<\/strong>. Voc\u00ea acompanha a cobertura completa no <strong>GRANDE PR\u00caMIO<\/strong>.<\/p>\n","protected":false},"excerpt":{"rendered":"<p>Chefe da AlphaTauri, Franz Tost divulgou comunicado nas redes sociais da equipe em que recha\u00e7a possibilidade de venda e reafirma compromisso da Red Bull com o time de Faenza na F1<\/p>\n","protected":false},"author":0,"featured_media":1000655331,"comment_status":"closed","ping_status":"closed","sticky":false,"template":"","format":"standard","meta":{"42wp_featured_image_caption":"","42wp_featured_image_credits":"","42wp_featured_video":"","42wp_featured_image_hidden":false,"42wp_authors_list":[],"footnotes":""},"categories":[2],"tags":[524,147,6533,180,525,1491,30103,28285,204],"42wp_author":[47142],"class_list":["post-105211","post","type-post","status-publish","format-standard","has-post-thumbnail","hentry","category-f1","tag-alphatauri","tag-f1","tag-f1-2023","tag-formula-1","tag-franz-tost","tag-grande-premio","tag-grande-premio-f1","tag-grandepremio","tag-red-bull","42wp_author-jp-nascimento"],"_links":{"self":[{"href":"https:\/\/grandepremio.com\/br\/wp-json\/wp\/v2\/posts\/105211","targetHints":{"allow":["GET"]}}],"collection":[{"href":"https:\/\/grandepremio.com\/br\/wp-json\/wp\/v2\/posts"}],"about":[{"href":"https:\/\/grandepremio.com\/br\/wp-json\/wp\/v2\/types\/post"}],"replies":[{"embeddable":true,"href":"https:\/\/grandepremio.com\/br\/wp-json\/wp\/v2\/comments?post=105211"}],"version-history":[{"count":0,"href":"https:\/\/grandepremio.com\/br\/wp-json\/wp\/v2\/posts\/105211\/revisions"}],"wp:featuredmedia":[{"embeddable":true,"href":"https:\/\/grandepremio.com\/br\/wp-json\/wp\/v2\/media\/1000655331"}],"wp:attachment":[{"href":"https:\/\/grandepremio.com\/br\/wp-json\/wp\/v2\/media?parent=105211"}],"wp:term":[{"taxonomy":"category","embeddable":true,"href":"https:\/\/grandepremio.com\/br\/wp-json\/wp\/v2\/categories?post=105211"},{"taxonomy":"post_tag","embeddable":true,"href":"https:\/\/grandepremio.com\/br\/wp-json\/wp\/v2\/tags?post=105211"},{"taxonomy":"42wp_author","embeddable":true,"href":"https:\/\/grandepremio.com\/br\/wp-json\/wp\/v2\/42wp_author?post=105211"}],"curies":[{"name":"wp","href":"https:\/\/api.w.org\/{rel}","templated":true}]}}