{"id":105262,"date":"2023-02-27T05:45:16","date_gmt":"2023-02-27T08:45:16","guid":{"rendered":"https:\/\/grandepremio.com\/br\/noticias\/sebastien-buemi-sensacao-amarga-5o-lugar-cidade-do-cabo-merecia-um-pouco-mais\/"},"modified":"2023-02-26T18:16:10","modified_gmt":"2023-02-26T21:16:10","slug":"sebastien-buemi-sensacao-amarga-5o-lugar-cidade-do-cabo-merecia-um-pouco-mais","status":"publish","type":"post","link":"https:\/\/grandepremio.com\/br\/formula-e\/sebastien-buemi-sensacao-amarga-5o-lugar-cidade-do-cabo-merecia-um-pouco-mais\/","title":{"rendered":"Buemi revela sensa\u00e7\u00e3o amarga ap\u00f3s 5\u00ba lugar na Cidade do Cabo: \u201cMerecia um pouco mais\u201d"},"content":{"rendered":"\n<figure class=\"wp-block-embed is-type-video is-provider-youtube wp-block-embed-youtube wp-embed-aspect-16-9 wp-has-aspect-ratio\"><div class=\"wp-block-embed__wrapper\">\n<iframe loading=\"lazy\" title=\"F\u00d3RMULA E 2023 - eP CIDADE DO CABO | 5\u00aa etapa | Corrida\" width=\"500\" height=\"281\" src=\"https:\/\/www.youtube.com\/embed\/TbgZbiyOTwU?feature=oembed\" frameborder=\"0\" allow=\"accelerometer; autoplay; clipboard-write; encrypted-media; gyroscope; picture-in-picture; web-share\" referrerpolicy=\"strict-origin-when-cross-origin\" allowfullscreen><\/iframe>\n<\/div><\/figure>\n\n\n\n<p class=\"wp-block-paragraph\">O eP inaugural da <strong>Cidade do Cabo<\/strong> terminou com um gosto amargo para <strong>S\u00e9bastien Buemi<\/strong>. O piloto da <strong>Envision <\/strong>acabou sendo tocado por <strong>Pascal Wehrlein <\/strong>ainda na primeira volta e caiu para o fim do grid. Apesar de ter se recuperado e terminado em quinto, o su\u00ed\u00e7o demonstrou frustra\u00e7\u00e3o por n\u00e3o terminar em uma posi\u00e7\u00e3o melhor, ainda que tenha tentado se animar com os 10 pontos conquistados na \u00c1frica do Sul.<\/p>\n\n\n\n<p class=\"wp-block-paragraph\">\u201cEu me sinto um pouco irritado, obviamente, porque terminar em quinto com o ritmo que tivemos na corrida \u00e9 uma oportunidade perdida. Mas ainda conquistei 10 pontos e preciso ficar feliz com isso\u201d, comentou.<\/p>\n\n\n\n<p class=\"wp-block-paragraph\">\u201cInfelizmente, fui para 16\u00ba ap\u00f3s a primeira volta quando fui atingido por Pascal. Ent\u00e3o, no fim das contas, estou feliz por marcar esses 10 pontos para a equipe, mas estou triste por mim mesmo, porque acho que merecia um pouco mais\u201d, lamentou o su\u00ed\u00e7o.<\/p>\n\n\n\n<p class=\"wp-block-paragraph\"><strong><strong>\u25b6\ufe0f&nbsp;Inscreva-se nos dois canais do GRANDE PR\u00caMIO no YouTube:&nbsp;<a href=\"https:\/\/www.youtube.com\/channel\/UC9OlHEgxoaY6QY6nWPoiqQg?sub_confirmation=1\" target=\"_blank\" rel=\"noreferrer noopener\">GP<\/a>&nbsp;|&nbsp;<a href=\"https:\/\/www.youtube.com\/channel\/UC9csiS6q_C3C0FYhyr1rnFA?sub_confirmation=1\" target=\"_blank\" rel=\"noreferrer noopener\">GP2<\/a><\/strong><\/strong><\/p>\n\n\n\n<figure class=\"wp-block-image size-large\"><img decoding=\"async\" src=\"https:\/\/www.grandepremio.com\/br\/wp-content\/uploads\/2023\/02\/EPS905_140452SB3_9205-2048x2048-1-1024x683.jpg\" alt=\"\" class=\"wp-image-655996\"\/><figcaption>Wehrlein tocou Buemi no come\u00e7o da corrida (Foto: F\u00f3rmula E)<\/figcaption><\/figure>\n\n\n\n<p class=\"wp-block-paragraph\"><strong>\u25b6\ufe0f&nbsp;<a href=\"https:\/\/www.twitch.tv\/grandepremio\" target=\"_blank\" rel=\"noreferrer noopener\">Conhe\u00e7a o canal do GRANDE PR\u00caMIO na Twitch clicando aqui!<\/a><\/strong><\/p>\n\n\n\n<p class=\"wp-block-paragraph\">O incidente provocado por Wehrlein fez o piloto da <strong>Porsche <\/strong>abandonar a prova ainda no in\u00edcio. No entanto, o alem\u00e3o permanece na lideran\u00e7a com <strong>80 pontos<\/strong>, seguido por <strong>Jake Dennis, <\/strong>da <strong>Andretti, <\/strong>com <strong>62 tentos<\/strong>. Buemi aparece em sexto, com <strong>41<\/strong>.<\/p>\n\n\n\n<p class=\"wp-block-paragraph\">O eP inaugural da Cidade do Cabo foi vencido por <strong>Ant\u00f3nio F\u00e9lix da Costa<\/strong>, da <strong>Porsche<\/strong>. J\u00e1 a segunda posi\u00e7\u00e3o ficou com <strong>Jean-\u00c9ric Vergne<\/strong>, da <strong>DS Penske,<\/strong> ap\u00f3s ser ultrapassado pelo portugu\u00eas na pen\u00faltima volta, num final eletrizante. O p\u00f3dio foi completado por <strong>Nick Cassidy<\/strong>, da <strong>Envision<\/strong>.<\/p>\n\n\n\n<p class=\"wp-block-paragraph\">A pr\u00f3xima corrida da F\u00f3rmula E acontece dentro de quatro semanas, com mais uma estreia pela frente. No <strong>dia 25<\/strong>, equipes e pilotos desembarcam no Brasil para o <strong>eP de S\u00e3o Paulo<\/strong>, com a corrida prevista para \u00e0s <strong>14h <\/strong>(em Bras\u00edlia). O fim de semana tem cobertura completa do <strong>GRANDE PR\u00caMIO <\/strong>no YouTube e no site.<\/p>\n\n\n\n<figure class=\"wp-block-embed is-type-video is-provider-youtube wp-block-embed-youtube wp-embed-aspect-16-9 wp-has-aspect-ratio\"><div class=\"wp-block-embed__wrapper\">\n<iframe loading=\"lazy\" title=\"F\u00c9LIX DA COSTA VENCE, DI GRASSI NEM LARGA: o eP DA CIDADE DO CABO DE F\u00d3RMULA E | Briefing\" width=\"500\" height=\"281\" src=\"https:\/\/www.youtube.com\/embed\/sYYWL62UJIE?feature=oembed\" frameborder=\"0\" allow=\"accelerometer; autoplay; clipboard-write; encrypted-media; gyroscope; picture-in-picture; web-share\" referrerpolicy=\"strict-origin-when-cross-origin\" allowfullscreen><\/iframe>\n<\/div><\/figure>\n","protected":false},"excerpt":{"rendered":"<p>Ap\u00f3s ser tocado no in\u00edcio da corrida por Pascal Wehrlein, S\u00e9bastien Buemi caiu para o fim do grid e foi o quinto a ver a quadriculada. O piloto da Envision mostrou estar chateado por ver que poderia ir melhor, pelo ritmo que teve durante a corrida<\/p>\n","protected":false},"author":0,"featured_media":1000655997,"comment_status":"closed","ping_status":"closed","sticky":false,"template":"","format":"standard","meta":{"42wp_featured_image_caption":"","42wp_featured_image_credits":"","42wp_featured_video":"","42wp_featured_image_hidden":false,"42wp_authors_list":[],"footnotes":""},"categories":[19],"tags":[10437,1194,736,876],"42wp_author":[47150],"class_list":["post-105262","post","type-post","status-publish","format-standard","has-post-thumbnail","hentry","category-formula-e","tag-envision","tag-pascal-wehrlein","tag-porsche","tag-sebastien-buemi","42wp_author-carol-sales"],"_links":{"self":[{"href":"https:\/\/grandepremio.com\/br\/wp-json\/wp\/v2\/posts\/105262","targetHints":{"allow":["GET"]}}],"collection":[{"href":"https:\/\/grandepremio.com\/br\/wp-json\/wp\/v2\/posts"}],"about":[{"href":"https:\/\/grandepremio.com\/br\/wp-json\/wp\/v2\/types\/post"}],"replies":[{"embeddable":true,"href":"https:\/\/grandepremio.com\/br\/wp-json\/wp\/v2\/comments?post=105262"}],"version-history":[{"count":0,"href":"https:\/\/grandepremio.com\/br\/wp-json\/wp\/v2\/posts\/105262\/revisions"}],"wp:featuredmedia":[{"embeddable":true,"href":"https:\/\/grandepremio.com\/br\/wp-json\/wp\/v2\/media\/1000655997"}],"wp:attachment":[{"href":"https:\/\/grandepremio.com\/br\/wp-json\/wp\/v2\/media?parent=105262"}],"wp:term":[{"taxonomy":"category","embeddable":true,"href":"https:\/\/grandepremio.com\/br\/wp-json\/wp\/v2\/categories?post=105262"},{"taxonomy":"post_tag","embeddable":true,"href":"https:\/\/grandepremio.com\/br\/wp-json\/wp\/v2\/tags?post=105262"},{"taxonomy":"42wp_author","embeddable":true,"href":"https:\/\/grandepremio.com\/br\/wp-json\/wp\/v2\/42wp_author?post=105262"}],"curies":[{"name":"wp","href":"https:\/\/api.w.org\/{rel}","templated":true}]}}