{"id":105270,"date":"2023-02-26T17:10:00","date_gmt":"2023-02-26T20:10:00","guid":{"rendered":"https:\/\/grandepremio.com\/br\/noticias\/alpine-fala-mudancas-a523-planeja-atualizacao-gp-do-bahrein\/"},"modified":"2023-02-26T17:12:16","modified_gmt":"2023-02-26T20:12:16","slug":"alpine-fala-mudancas-a523-planeja-atualizacao-gp-do-bahrein","status":"publish","type":"post","link":"https:\/\/grandepremio.com\/br\/f1\/alpine-fala-mudancas-a523-planeja-atualizacao-gp-do-bahrein\/","title":{"rendered":"Alpine fala em mudan\u00e7as na A523 e planeja atualiza\u00e7\u00e3o j\u00e1 no GP do Bahrein"},"content":{"rendered":"\n<figure class=\"wp-block-embed is-type-video is-provider-youtube wp-block-embed-youtube wp-embed-aspect-16-9 wp-has-aspect-ratio\"><div class=\"wp-block-embed__wrapper\">\n<iframe loading=\"lazy\" title=\"P\u00c9REZ 1\u00ba, HAMILTON 2\u00ba, DRUGOVICH 10\u00ba, DIA 3 DOS TESTES DA F1 | Briefing\" width=\"500\" height=\"281\" src=\"https:\/\/www.youtube.com\/embed\/Y5D6TFf9NHo?feature=oembed\" frameborder=\"0\" allow=\"accelerometer; autoplay; clipboard-write; encrypted-media; gyroscope; picture-in-picture; web-share\" referrerpolicy=\"strict-origin-when-cross-origin\" allowfullscreen><\/iframe>\n<\/div><\/figure>\n\n\n\n<p class=\"wp-block-paragraph\">A <strong>Alpine <\/strong>n\u00e3o chamou muita aten\u00e7\u00e3o durante os testes da pr\u00e9-temporada da <strong>F1 <\/strong>2023, realizada no Bahrein. <a href=\"https:\/\/www.grandepremio.com\/br\/f1\/noticias\/alphatauri-bem-mclaren-mal-quantas-voltas-deu-cada-equipe-testes-f1\/\" class=\"ek-link\">Pen\u00faltima colocada no quesito quilometragem \u2013 apenas 353 voltas completas<\/a>, os franceses registraram apenas o 11\u00ba lugar na tabela de tempos combinados, quando <strong>Pierre Gasly<\/strong> cravou 1min32s762 no \u00faltimo dia de atividades na pista.<\/p>\n\n\n\n<p class=\"wp-block-paragraph\">A participa\u00e7\u00e3o discreta pode ser explicada pela op\u00e7\u00e3o do time de Enstone em fazer simula\u00e7\u00f5es mais longas, com o tanque cheio e utilizando pneus da gama mais dura. Por isso, algumas equipes cravam que a Alpine estar\u00e1 em p\u00e9 de igualdade com a <strong>Aston Martin<\/strong> na briga pelo quarto lugar. Ao mesmo tempo, <strong>Matt Harman<\/strong>, diretor t\u00e9cnico do time franc\u00eas, se mostrou satisfeito com o projeto desenvolvido para a temporada 2023, e disse que os resultados encontrados na pista n\u00e3o foram nenhuma surpresa desagrad\u00e1vel. Ainda que j\u00e1 prometa mudan\u00e7as.<\/p>\n\n\n\n<p class=\"wp-block-paragraph\"><strong>\u25b6\ufe0f&nbsp;Inscreva-se nos dois canais do GRANDE PR\u00caMIO no YouTube:&nbsp;<a href=\"https:\/\/www.youtube.com\/channel\/UC9OlHEgxoaY6QY6nWPoiqQg?sub_confirmation=1\" target=\"_blank\" rel=\"noreferrer noopener\">GP<\/a>&nbsp;|&nbsp;<a href=\"https:\/\/www.youtube.com\/channel\/UC9csiS6q_C3C0FYhyr1rnFA?sub_confirmation=1\" target=\"_blank\" rel=\"noreferrer noopener\">GP2<\/a><\/strong><br><strong>\u25b6\ufe0f&nbsp;<a href=\"https:\/\/www.twitch.tv\/grandepremio\" target=\"_blank\" rel=\"noreferrer noopener\">Conhe\u00e7a o canal do GRANDE PR\u00caMIO na Twitch clicando aqui!<\/a><\/strong><\/p>\n\n\n\n<p class=\"wp-block-paragraph\">\u201cTemos um certo n\u00edvel de confian\u00e7a, porque claramente n\u00e3o estamos usando o carro em todo o seu potencial\u201d, admitiu. \u201cFizemos nossa an\u00e1lise, todos sabemos que estamos olhando uns para os outros, e onde estamos. Mas, do nosso ponto de vista, as coisas est\u00e3o respondendo bem, nossa aerodin\u00e2mica est\u00e1 funcionando como esper\u00e1vamos\u201d, celebrou Matt.<\/p>\n\n\n\n<figure class=\"wp-block-image size-large\"><img decoding=\"async\" src=\"https:\/\/www.grandepremio.com\/br\/wp-content\/uploads\/2023\/02\/alpine-pierregasly-afp-01-1-1024x683.jpg\" alt=\"\" class=\"wp-image-655543\"\/><figcaption> Alpine teve uma pr\u00e9-temporada bem modesta (Foto: AFP)<\/figcaption><\/figure>\n\n\n\n<p class=\"wp-block-paragraph\">Apesar de ainda n\u00e3o ter revelado todo o pontecial da A523, e n\u00e3o saber exatamente em qual posi\u00e7\u00e3o do grid o carro est\u00e1, a Alpine confirmou que j\u00e1 vai levar uma atualiza\u00e7\u00e3o para a primeira corrida, no Bahrein.<\/p>\n\n\n\n<p class=\"wp-block-paragraph\">\u201cHaver\u00e1 algumas diferen\u00e7as visuais. Temos uma boa atualiza\u00e7\u00e3o acontecendo e esperamos que isso ajude em nossa busca para nos aproximarmos da terceira posi\u00e7\u00e3o, se ainda n\u00e3o estivermos l\u00e1. E ent\u00e3o seguindo em frente com o que aprendemos esta semana para n\u00e3o apenas melhorar o carro para a primeira corrida, mas tamb\u00e9m com o desenvolvimento\u201d, finalizou Harman.<\/p>\n\n\n\n<p class=\"wp-block-paragraph\">A F\u00f3rmula 1 volta j\u00e1 na pr\u00f3xima semana com a primeira corrida da temporada 2023. O <strong>GP do Bahrein<\/strong> tem cobertura completa do <strong>GRANDE PR\u00caMIO<\/strong>.<\/p>\n\n\n\n<figure class=\"wp-block-embed is-type-video is-provider-youtube wp-block-embed-youtube wp-embed-aspect-16-9 wp-has-aspect-ratio\"><div class=\"wp-block-embed__wrapper\">\n<iframe loading=\"lazy\" title=\"F1 2023 AO VIVO: ACOMPANHE O DIA 3 DOS TESTES NO BAHREIN\" width=\"500\" height=\"281\" src=\"https:\/\/www.youtube.com\/embed\/eOFBjUTr80A?feature=oembed\" frameborder=\"0\" allow=\"accelerometer; autoplay; clipboard-write; encrypted-media; gyroscope; picture-in-picture; web-share\" referrerpolicy=\"strict-origin-when-cross-origin\" allowfullscreen><\/iframe>\n<\/div><\/figure>\n","protected":false},"excerpt":{"rendered":"<p>Matt Harman, diretor t\u00e9cnico da Alpine, afirmou que a equipe ainda n\u00e3o mostrou o verdadeiro potencial do carro de 2023, mas, mesmo assim, planeja aplicar atualiza\u00e7\u00f5es no b\u00f3lido na primeira corrida do ano<\/p>\n","protected":false},"author":0,"featured_media":1000654665,"comment_status":"closed","ping_status":"closed","sticky":false,"template":"","format":"standard","meta":{"42wp_featured_image_caption":"","42wp_featured_image_credits":"","42wp_featured_video":"","42wp_featured_image_hidden":false,"42wp_authors_list":[],"footnotes":""},"categories":[2],"tags":[20491,302,147,6533,180,30722,1491,28285,676],"42wp_author":[47149],"class_list":["post-105270","post","type-post","status-publish","format-standard","has-post-thumbnail","hentry","category-f1","tag-alpine","tag-esteban-ocon","tag-f1","tag-f1-2023","tag-formula-1","tag-formula-1-2023","tag-grande-premio","tag-grandepremio","tag-pierre-gasly","42wp_author-bernardo-castro"],"_links":{"self":[{"href":"https:\/\/grandepremio.com\/br\/wp-json\/wp\/v2\/posts\/105270","targetHints":{"allow":["GET"]}}],"collection":[{"href":"https:\/\/grandepremio.com\/br\/wp-json\/wp\/v2\/posts"}],"about":[{"href":"https:\/\/grandepremio.com\/br\/wp-json\/wp\/v2\/types\/post"}],"replies":[{"embeddable":true,"href":"https:\/\/grandepremio.com\/br\/wp-json\/wp\/v2\/comments?post=105270"}],"version-history":[{"count":0,"href":"https:\/\/grandepremio.com\/br\/wp-json\/wp\/v2\/posts\/105270\/revisions"}],"wp:featuredmedia":[{"embeddable":true,"href":"https:\/\/grandepremio.com\/br\/wp-json\/wp\/v2\/media\/1000654665"}],"wp:attachment":[{"href":"https:\/\/grandepremio.com\/br\/wp-json\/wp\/v2\/media?parent=105270"}],"wp:term":[{"taxonomy":"category","embeddable":true,"href":"https:\/\/grandepremio.com\/br\/wp-json\/wp\/v2\/categories?post=105270"},{"taxonomy":"post_tag","embeddable":true,"href":"https:\/\/grandepremio.com\/br\/wp-json\/wp\/v2\/tags?post=105270"},{"taxonomy":"42wp_author","embeddable":true,"href":"https:\/\/grandepremio.com\/br\/wp-json\/wp\/v2\/42wp_author?post=105270"}],"curies":[{"name":"wp","href":"https:\/\/api.w.org\/{rel}","templated":true}]}}