{"id":105285,"date":"2023-02-26T04:00:00","date_gmt":"2023-02-26T07:00:00","guid":{"rendered":"https:\/\/grandepremio.com\/br\/noticias\/felipe-drugovich-valoriza-progresso-com-aston-martin-e-exalta-alonso-experiencia-valiosa\/"},"modified":"2023-02-25T16:11:15","modified_gmt":"2023-02-25T19:11:15","slug":"felipe-drugovich-valoriza-progresso-com-aston-martin-e-exalta-alonso-experiencia-valiosa","status":"publish","type":"post","link":"https:\/\/grandepremio.com\/br\/f1\/felipe-drugovich-valoriza-progresso-com-aston-martin-e-exalta-alonso-experiencia-valiosa\/","title":{"rendered":"Drugovich valoriza progresso com Aston Martin e exalta Alonso: &#8220;Experi\u00eancia valiosa&#8221;"},"content":{"rendered":"\n<p class=\"wp-block-paragraph\">A <strong>Aston Martin<\/strong> precisou chamar <strong>Felipe Drugovich<\/strong> \u00e0s pressas para substituir <strong>Lance Stroll<\/strong> nos testes de pr\u00e9-temporada no <strong>Bahrein<\/strong>, depois que <a href=\"https:\/\/www.grandepremio.com\/br\/f1\/noticias\/lance-stroll-fratura-dois-pulsos-passa-por-cirurgia-as-vesperas-temporada-da-f1\/#:~:text=Aus%C3%AAncia%20nos%20treinos%20da%20pr%C3%A9,rep%C3%B3rter%20da%20Band%2C%20Mariana%20Becker.\" class=\"ek-link\">o canadense fraturou os punhos andando de bicicleta<\/a>. O piloto brasileiro assumiu o <strong>AMR23<\/strong> nos testes da manh\u00e3 do primeiro e do terceiro dia, e, somando as duas sess\u00f5es, registrou 117 voltas com o modelo do time brit\u00e2nico.<\/p>\n\n\n\n<p class=\"wp-block-paragraph\">Apesar de ter enfrentado um problema de confiabilidade logo em seu primeiro contato com o novo modelo, Drugovich viu o desempenho da Aston Martin com bons olhos e afirmou que a equipe progrediu durante as atividades no circuito bareinita.<\/p>\n\n\n\n<p class=\"wp-block-paragraph\"><strong>\u25b6\ufe0f&nbsp;Inscreva-se nos dois canais do GRANDE PR\u00caMIO no YouTube:&nbsp;<a href=\"https:\/\/www.youtube.com\/channel\/UC9OlHEgxoaY6QY6nWPoiqQg?sub_confirmation=1\" target=\"_blank\" rel=\"noreferrer noopener\">GP<\/a>&nbsp;|&nbsp;<a href=\"https:\/\/www.youtube.com\/channel\/UC9csiS6q_C3C0FYhyr1rnFA?sub_confirmation=1\" target=\"_blank\" rel=\"noreferrer noopener\">GP2<\/a><\/strong><br><strong>\u25b6\ufe0f&nbsp;<a href=\"https:\/\/www.twitch.tv\/grandepremio\" target=\"_blank\" rel=\"noreferrer noopener\">Conhe\u00e7a o canal do GRANDE PR\u00caMIO na Twitch clicando aqui!<\/a><\/strong><\/p>\n\n\n\n<p class=\"wp-block-paragraph\">\u201cGostei muito do meu tempo ao volante do AMR23 e acho que fizemos um bom progresso nos tr\u00eas dias de atividades. Foi \u00f3timo voltar ao carro esta manh\u00e3 e estou satisfeito com as mudan\u00e7as de acerto que foram feitas desde o meu primeiro dia no carro. A equipe fez um \u00f3timo trabalho implementando o feedback que Fernando e eu demos\u201d, reconheceu o paranaense.<\/p>\n\n\n\n<figure class=\"wp-block-image size-large\"><img decoding=\"async\" src=\"https:\/\/www.grandepremio.com\/br\/wp-content\/uploads\/2023\/02\/F123T01_071455_U1A2297-1024x684.jpg\" alt=\"\" class=\"wp-image-655304\"\/><figcaption>Felipe Drugovich faou em estar preparado caso tenha de substituir Lance Stroll no GP do Bahrein (Foto: Aston Martin)<\/figcaption><\/figure>\n\n\n\n<p class=\"wp-block-paragraph\">Felipe dividiu a tarefa na pista com Fernando Alonso e celebrou a oportunidade de aprender com um bicampe\u00e3o mundial. O atual campe\u00e3o da <strong>F\u00f3rmula 2 <\/strong>fez um bom trabalho junto ao espanhol e cravou que isso foi fundamental para ajudar a Aston Martin a progredir ao longo da semana.<\/p>\n\n\n\n<p class=\"wp-block-paragraph\">\u201cTem sido uma experi\u00eancia valiosa comparar minhas pr\u00f3prias observa\u00e7\u00f5es com as de um bicampe\u00e3o mundial. Em geral, nossos coment\u00e1rios s\u00e3o semelhantes e acho que trabalhamos bem juntos para ajudar a equipe a maximizar nossos tr\u00eas dias de testes de pr\u00e9-temporada\u201d, finalizou Drugovich.<\/p>\n\n\n\n<p class=\"wp-block-paragraph\">Felipe \u00e9 cotado para assumir o lugar de Stroll no GP do Bahrein, que marca o in\u00edcio da temporada 2023 da F\u00f3rmula 1. Ainda que tenha evitado criar expectativas sobre uma poss\u00edvel estreia, o brasileiro disse que vai focar em se preparar para o caso de a oportunidade surgir. <\/p>\n\n\n\n<p class=\"wp-block-paragraph\">O GP do Bahrein est\u00e1 previsto para acontecer entre os dias 3 e 5 de mar\u00e7o.<\/p>\n","protected":false},"excerpt":{"rendered":"<p>Felipe Drugovich viu com bons olhos desenvolvimento da Aston Martin ao longo dos tr\u00eas dias de testes no Bahrein, e se disse grato por poder compartilhar informa\u00e7\u00f5es relevantes com o bicampe\u00e3o mundial Fernando Alonso<\/p>\n","protected":false},"author":0,"featured_media":1000655308,"comment_status":"closed","ping_status":"closed","sticky":false,"template":"","format":"standard","meta":{"42wp_featured_image_caption":"","42wp_featured_image_credits":"","42wp_featured_video":"","42wp_featured_image_hidden":false,"42wp_authors_list":[],"footnotes":""},"categories":[2],"tags":[309,1667,176,24837,24836,28285,485,27452],"42wp_author":[47149],"class_list":["post-105285","post","type-post","status-publish","format-standard","has-post-thumbnail","hentry","category-f1","tag-aston-martin","tag-bahrein","tag-fernando-alonso","tag-formula-1-2","tag-grande-premio-2","tag-grandepremio","tag-lance-stroll","tag-pre-temporada-f1","42wp_author-bernardo-castro"],"_links":{"self":[{"href":"https:\/\/grandepremio.com\/br\/wp-json\/wp\/v2\/posts\/105285","targetHints":{"allow":["GET"]}}],"collection":[{"href":"https:\/\/grandepremio.com\/br\/wp-json\/wp\/v2\/posts"}],"about":[{"href":"https:\/\/grandepremio.com\/br\/wp-json\/wp\/v2\/types\/post"}],"replies":[{"embeddable":true,"href":"https:\/\/grandepremio.com\/br\/wp-json\/wp\/v2\/comments?post=105285"}],"version-history":[{"count":0,"href":"https:\/\/grandepremio.com\/br\/wp-json\/wp\/v2\/posts\/105285\/revisions"}],"wp:featuredmedia":[{"embeddable":true,"href":"https:\/\/grandepremio.com\/br\/wp-json\/wp\/v2\/media\/1000655308"}],"wp:attachment":[{"href":"https:\/\/grandepremio.com\/br\/wp-json\/wp\/v2\/media?parent=105285"}],"wp:term":[{"taxonomy":"category","embeddable":true,"href":"https:\/\/grandepremio.com\/br\/wp-json\/wp\/v2\/categories?post=105285"},{"taxonomy":"post_tag","embeddable":true,"href":"https:\/\/grandepremio.com\/br\/wp-json\/wp\/v2\/tags?post=105285"},{"taxonomy":"42wp_author","embeddable":true,"href":"https:\/\/grandepremio.com\/br\/wp-json\/wp\/v2\/42wp_author?post=105285"}],"curies":[{"name":"wp","href":"https:\/\/api.w.org\/{rel}","templated":true}]}}