{"id":105296,"date":"2023-02-25T16:25:47","date_gmt":"2023-02-25T19:25:47","guid":{"rendered":"https:\/\/grandepremio.com\/br\/noticias\/nick-cassidy-lamenta-falta-de-sorte-ao-perder-modo-ataque-em-bandeira-amarela\/"},"modified":"2023-02-25T17:09:23","modified_gmt":"2023-02-25T20:09:23","slug":"nick-cassidy-lamenta-falta-de-sorte-ao-perder-modo-ataque-em-bandeira-amarela","status":"publish","type":"post","link":"https:\/\/grandepremio.com\/br\/formula-e\/nick-cassidy-lamenta-falta-de-sorte-ao-perder-modo-ataque-em-bandeira-amarela\/","title":{"rendered":"Cassidy lamenta &#8220;falta de sorte&#8221; ao perder modo ataque em bandeira amarela"},"content":{"rendered":"\n<p class=\"wp-block-paragraph\"><strong>Nick Cassidy<\/strong> saiu do <strong>eP da Cidade do Cabo<\/strong> <a href=\"https:\/\/www.grandepremio.com\/br\/formula-e\/noticias\/antonio-felix-da-costa-primeira-porsche-ressurreicao-fe-cidade-do-cabo\/\" class=\"ek-link\">com o terceiro lugar. O piloto da <strong>Envision <\/strong>chegou a ocupar a lideran\u00e7a e estava brigando pela vit\u00f3ria<\/a>. No entanto, o incidente de <strong>Maximilian Gunther <\/strong>que rendeu bandeira amarela com a <strong>Maserati<\/strong>, pulverizou as chances do neozeland\u00eas ver a quadriculada primeiro, por ser for\u00e7ado a desperdi\u00e7ar o tempo com o modo ataque ativado.<\/p>\n\n\n\n<p class=\"wp-block-paragraph\">Apesar de lamentar o desfecho da corrida inaugural na <strong>\u00c1frica do Sul<\/strong>, Cassidy valorizou a conquista do terceiro lugar no p\u00f3dio. &#8220;Acho que temos de ficar felizes com hoje, com o terceiro lugar. Foi um bom dia, estivemos fortes e vou sair com um sorriso&#8221;, disse.<\/p>\n\n\n\n<p class=\"wp-block-paragraph\">&#8220;No final das contas, parte de mim sente que provavelmente dever\u00edamos ter vencido aquela corrida. Tivemos alguns problemas com os quais est\u00e1vamos lutando e a bandeira amarela em toda a pista tamb\u00e9m nos prejudicou. Foi um pouco de falta de sorte e isso mudou o curso da corrida, mas isso \u00e9 o automobilismo, ent\u00e3o ficarei feliz com o terceiro lugar\u201d, comentou o neozeland\u00eas.<\/p>\n\n\n\n<figure class=\"wp-block-image aligncenter size-large\"><img decoding=\"async\" src=\"https:\/\/www.grandepremio.com\/br\/wp-content\/uploads\/2023\/02\/gunther-cidade-do-cabo-1024x576.png\" alt=\"\" class=\"wp-image-655476\"\/><figcaption>Gunther bateu no muro quando modo ataque de Cassidy estava ativado (Foto: Reprodu\u00e7\u00e3o\/F\u00f3rmula E)<\/figcaption><\/figure>\n\n\n\n<p class=\"wp-block-paragraph\"><strong>\u25b6\ufe0f&nbsp;Inscreva-se nos dois canais do GRANDE PR\u00caMIO no YouTube:&nbsp;<a href=\"https:\/\/www.youtube.com\/channel\/UC9OlHEgxoaY6QY6nWPoiqQg?sub_confirmation=1\" target=\"_blank\" rel=\"noreferrer noopener\">GP<\/a>&nbsp;|&nbsp;<a href=\"https:\/\/www.youtube.com\/channel\/UC9csiS6q_C3C0FYhyr1rnFA?sub_confirmation=1\" target=\"_blank\" rel=\"noreferrer noopener\">GP2<\/a><\/strong><br><strong>\u25b6\ufe0f&nbsp;<a href=\"https:\/\/www.twitch.tv\/grandepremio\" target=\"_blank\" rel=\"noreferrer noopener\">Conhe\u00e7a o canal do GRANDE PR\u00caMIO na Twitch clicando aqui!<\/a><\/strong><\/p>\n\n\n\n<p class=\"wp-block-paragraph\">Com o terceiro lugar, Cassidy manteve a quinta posi\u00e7\u00e3o no campeonato, mas agora soma <strong>43 pontos. <\/strong>O eP inaugural da Cidade do Cabo foi vencido por <strong>Ant\u00f3nio F\u00e9lix da Costa<\/strong>, da <strong>Porsche<\/strong>, e o segundo lugar ficou com <strong>Jean-\u00c8ric Vergne<\/strong>, da <strong>DS Penske,<\/strong> ap\u00f3s ser ultrapassado pelo portugu\u00eas na pen\u00faltima volta.<\/p>\n\n\n\n<p class=\"wp-block-paragraph\">A pr\u00f3xima prova da F\u00f3rmula E fecha a sequ\u00eancia tripla de estreias de circuito em 2023. Daqui a um m\u00eas, em <strong>25 de mar\u00e7o<\/strong>, a categoria desembarca aqui no Brasil para o <strong>eP de S\u00e3o Paulo<\/strong>, com cobertura especial do <strong>GRANDE PR\u00caMIO <\/strong>no nosso canal do YouTube e no site.<\/p>\n","protected":false},"excerpt":{"rendered":"<p>A bandeira amarela pr\u00f3xima ao fim da prova mudou os rumos da corrida para Nick Cassidy, que estava com o modo ataque ativado e foi for\u00e7ado a desperdi\u00e7ar a pot\u00eancia extra. Ainda assim, terminou no p\u00f3dio e viu que a Envision esteve forte <\/p>\n","protected":false},"author":0,"featured_media":1000655450,"comment_status":"closed","ping_status":"closed","sticky":false,"template":"","format":"standard","meta":{"42wp_featured_image_caption":"","42wp_featured_image_credits":"","42wp_featured_video":"","42wp_featured_image_hidden":false,"42wp_authors_list":[],"footnotes":""},"categories":[19],"tags":[25314,25774,31465,31020,379,30779,840,31435,1491,851,2128,736],"42wp_author":[47150],"class_list":["post-105296","post","type-post","status-publish","format-standard","has-post-thumbnail","hentry","category-formula-e","tag-africa-do-sul","tag-antonio-felix-da-costa","tag-ds-penske","tag-ep-da-cidade-do-cabo","tag-fe","tag-fe-2023","tag-formula-e","tag-formula-e-2023","tag-grande-premio","tag-jean-eric-vergne","tag-nick-cassidy","tag-porsche","42wp_author-carol-sales"],"_links":{"self":[{"href":"https:\/\/grandepremio.com\/br\/wp-json\/wp\/v2\/posts\/105296","targetHints":{"allow":["GET"]}}],"collection":[{"href":"https:\/\/grandepremio.com\/br\/wp-json\/wp\/v2\/posts"}],"about":[{"href":"https:\/\/grandepremio.com\/br\/wp-json\/wp\/v2\/types\/post"}],"replies":[{"embeddable":true,"href":"https:\/\/grandepremio.com\/br\/wp-json\/wp\/v2\/comments?post=105296"}],"version-history":[{"count":0,"href":"https:\/\/grandepremio.com\/br\/wp-json\/wp\/v2\/posts\/105296\/revisions"}],"wp:featuredmedia":[{"embeddable":true,"href":"https:\/\/grandepremio.com\/br\/wp-json\/wp\/v2\/media\/1000655450"}],"wp:attachment":[{"href":"https:\/\/grandepremio.com\/br\/wp-json\/wp\/v2\/media?parent=105296"}],"wp:term":[{"taxonomy":"category","embeddable":true,"href":"https:\/\/grandepremio.com\/br\/wp-json\/wp\/v2\/categories?post=105296"},{"taxonomy":"post_tag","embeddable":true,"href":"https:\/\/grandepremio.com\/br\/wp-json\/wp\/v2\/tags?post=105296"},{"taxonomy":"42wp_author","embeddable":true,"href":"https:\/\/grandepremio.com\/br\/wp-json\/wp\/v2\/42wp_author?post=105296"}],"curies":[{"name":"wp","href":"https:\/\/api.w.org\/{rel}","templated":true}]}}