{"id":105298,"date":"2023-02-25T14:43:58","date_gmt":"2023-02-25T17:43:58","guid":{"rendered":"https:\/\/grandepremio.com\/br\/noticias\/red-bull-especulacoes-venda-alphatauri-sem-planos\/"},"modified":"2023-02-25T16:33:48","modified_gmt":"2023-02-25T19:33:48","slug":"red-bull-especulacoes-venda-alphatauri-sem-planos","status":"publish","type":"post","link":"https:\/\/grandepremio.com\/br\/f1\/red-bull-especulacoes-venda-alphatauri-sem-planos\/","title":{"rendered":"Red Bull nega especula\u00e7\u00f5es sobre venda da AlphaTauri na F\u00f3rmula 1: &#8220;Sem planos&#8221;"},"content":{"rendered":"\n<figure class=\"wp-block-embed is-type-video is-provider-youtube wp-block-embed-youtube wp-embed-aspect-16-9 wp-has-aspect-ratio\"><div class=\"wp-block-embed__wrapper\">\n<iframe loading=\"lazy\" title=\"P\u00c9REZ 1\u00ba, HAMILTON 2\u00ba, DRUGOVICH 10\u00ba, DIA 3 DOS TESTES DA F1 | Briefing\" width=\"500\" height=\"281\" src=\"https:\/\/www.youtube.com\/embed\/Y5D6TFf9NHo?feature=oembed\" frameborder=\"0\" allow=\"accelerometer; autoplay; clipboard-write; encrypted-media; gyroscope; picture-in-picture; web-share\" referrerpolicy=\"strict-origin-when-cross-origin\" allowfullscreen><\/iframe>\n<\/div><\/figure>\n\n\n\n<p class=\"wp-block-paragraph\">A <strong>F\u00f3rmula 1<\/strong> foi bombardeada por rumores  <a href=\"https:\/\/www.grandepremio.com\/br\/f1\/noticias\/direcao-red-bull-da-ultimato-custos-avalia-venda-alphatauri\/\" class=\"ek-link\">de que a <strong>Red Bull<\/strong> poderia vender sua equipe B na categoria, a <strong>AlphaTauri<\/strong><\/a>. A informa\u00e7\u00e3o da revista alem\u00e3 Auto Motor und Sport fala que a diretoria dos taurinos deu um ultimato \u00e0 escuderia de Faenza, por conta dos gastos com resultados na pista. Logo ap\u00f3s a repercuss\u00e3o, a chefia do grupo taurino se apressou em negar a not\u00edcia. <\/p>\n\n\n\n<p class=\"wp-block-paragraph\">&#8220;N\u00e3o h\u00e1 planos para mudar a configura\u00e7\u00e3o atual&#8221;, afirmou um porta-voz do time italiano ao jornal ingl\u00eas Mirror. &#8220;Os componentes de fornecimento da Red Bull Technology para AlphaTauri e Red Bull Powertrains trabalham com e ao lado de sua equipe&#8221;, completou.<\/p>\n\n\n\n<p class=\"wp-block-paragraph\">Segundo uma publica\u00e7\u00e3o da revista alem\u00e3 Auto Motor und Sport, feita neste s\u00e1bado (25), a Red Bull havia condicionado a sequ\u00eancia da AlphaTauri no grupo \u00e0 mudan\u00e7a integral da sede em Faenza, na It\u00e1lia, para Bicester, na Inglaterra. Explica-se: atualmente, a equipe de aerodin\u00e2mica da equipe menor fica na cidade inglesa, enquanto os demais n\u00facleos seguem na It\u00e1lia.<\/p>\n\n\n\n<figure class=\"wp-block-image size-large\"><img decoding=\"async\" src=\"https:\/\/www.grandepremio.com\/br\/wp-content\/uploads\/2023\/02\/SI202302250075_hires_jpeg_24bit_rgb-1024x683.jpg\" alt=\"\" class=\"wp-image-655323\"\/><figcaption>AlphaTauri, de Nyck de Vries, teve resultados discretos no testes da F1 2023 (Foto: Peter Fox\/Getty Images\/Red Bull Content Pool)<\/figcaption><\/figure>\n\n\n\n<p class=\"wp-block-paragraph\">Al\u00e9m dessa dist\u00e2ncia promover um preju\u00edzo \u00e0 sinergia dos times t\u00e9cnicos da AlphaTauri, o ve\u00edculo destacou que a press\u00e3o decorrente de uma crise financeira na marca de moda da Red Bull \u00e9 um fator que influencia nessa decis\u00e3o. De qualquer maneira, a venda n\u00e3o estaria descartada e, segundo a revista alem\u00e3, as equipes <strong>Andretti<\/strong>, <strong>Hitech<\/strong> <strong>GP<\/strong> e <strong>Mumbai<\/strong> <strong>Racing<\/strong> est\u00e3o interessadas na compra do time.<\/p>\n\n\n\n<p class=\"wp-block-paragraph\">Vale destacar que os rumores quanto ao futuro da parceria Red Bull-AlphaTauri come\u00e7aram pouco ap\u00f3s a morte de <strong>Dietrich<\/strong> <strong>Mateschitz<\/strong>, por conta de complica\u00e7\u00f5es de um c\u00e2ncer pancre\u00e1tico, em 22 de outubro passado. O cofundador da Red Bull possu\u00eda 49% das a\u00e7\u00f5es do grupo, que passaram ao filho Mark Mateschitz.<\/p>\n\n\n\n<p class=\"wp-block-paragraph\">Em meio \u00e0s mudan\u00e7as, o ex-presidente-executivo do clube alem\u00e3o de futebol RB Leipzig, <strong>Oliver<\/strong> <strong>Mintzlaff<\/strong>, foi transferido para supervisionar o projeto de <strong>F\u00f3rmula 1 <\/strong>da empresa.<\/p>\n\n\n\n<p class=\"wp-block-paragraph\">Ainda no ano passado, o conselheiro da Red Bull, <strong>Helmut<\/strong> <strong>Marko<\/strong>, salientou que o futuro da AlphaTauri poderia ser reavaliado, sobretudo por conta dos resultados pouco promissores nas pistas em 2022.<\/p>\n\n\n\n<figure class=\"wp-block-image size-full\"><img decoding=\"async\" src=\"https:\/\/www.grandepremio.com\/br\/wp-content\/uploads\/2017\/01\/201511251339677_GEPA_full_7129_GEPA-20061581171_DMa.jpg\" alt=\"\" class=\"wp-image-198599\"\/><figcaption>Morte de Mateschitz, em 2022, implicou em mudan\u00e7as na dire\u00e7\u00e3o da Red Bull (Foto: Red Bull Content Pool)<\/figcaption><\/figure>\n\n\n\n<p class=\"wp-block-paragraph\">\u201cPelo potencial, t\u00e9cnico e financeiramente, o nono lugar [entre os Construtores] n\u00e3o \u00e9 aceit\u00e1vel\u201d, enfatizou o consultor. \u201cEles cometeram muitos erros de estrat\u00e9gia. O carro tinha muito pouco downforce. No momento, estamos fazendo um balan\u00e7o e olhando para quais parafusos temos de girar&#8221;, declarou.<\/p>\n\n\n\n<p class=\"wp-block-paragraph\">No ano passado, a <strong>AlphaTauri<\/strong> ficou apenas \u00e0 frente da <strong>Williams<\/strong> no Mundial de Construtores, com 35 pontos. O melhor resultado foi o quinto posto de Pierre Gasly, no <strong>GP do Azerbaij\u00e3o<\/strong>.<\/p>\n\n\n\n<p class=\"wp-block-paragraph\">A equipe original Toro Rosso mudou de nome para AlphaTauri em 2020, quando conquistou uma vit\u00f3ria, no GP da It\u00e1lia, com Gasly. Vale destacar que o time foi fundado pela Red Bull em 2006, ap\u00f3s adquirir a estrutura da equipe Minardi. O primeiro triunfo veio dois anos depois com Sebastian Vettel. <\/p>\n","protected":false},"excerpt":{"rendered":"<p>Em meio a mudan\u00e7as na diretoria da empresa e em estrat\u00e9gias comerciais, fonte na Red Bull nega que empresa esteja disposta a colocar o time B \u00e0 venda<\/p>\n","protected":false},"author":0,"featured_media":1000655319,"comment_status":"closed","ping_status":"closed","sticky":false,"template":"","format":"standard","meta":{"42wp_featured_image_caption":"","42wp_featured_image_credits":"","42wp_featured_video":"","42wp_featured_image_hidden":false,"42wp_authors_list":[],"footnotes":""},"categories":[2],"tags":[],"42wp_author":[47152],"class_list":["post-105298","post","type-post","status-publish","format-standard","has-post-thumbnail","hentry","category-f1","42wp_author-rafael-ligeiro"],"_links":{"self":[{"href":"https:\/\/grandepremio.com\/br\/wp-json\/wp\/v2\/posts\/105298","targetHints":{"allow":["GET"]}}],"collection":[{"href":"https:\/\/grandepremio.com\/br\/wp-json\/wp\/v2\/posts"}],"about":[{"href":"https:\/\/grandepremio.com\/br\/wp-json\/wp\/v2\/types\/post"}],"replies":[{"embeddable":true,"href":"https:\/\/grandepremio.com\/br\/wp-json\/wp\/v2\/comments?post=105298"}],"version-history":[{"count":0,"href":"https:\/\/grandepremio.com\/br\/wp-json\/wp\/v2\/posts\/105298\/revisions"}],"wp:featuredmedia":[{"embeddable":true,"href":"https:\/\/grandepremio.com\/br\/wp-json\/wp\/v2\/media\/1000655319"}],"wp:attachment":[{"href":"https:\/\/grandepremio.com\/br\/wp-json\/wp\/v2\/media?parent=105298"}],"wp:term":[{"taxonomy":"category","embeddable":true,"href":"https:\/\/grandepremio.com\/br\/wp-json\/wp\/v2\/categories?post=105298"},{"taxonomy":"post_tag","embeddable":true,"href":"https:\/\/grandepremio.com\/br\/wp-json\/wp\/v2\/tags?post=105298"},{"taxonomy":"42wp_author","embeddable":true,"href":"https:\/\/grandepremio.com\/br\/wp-json\/wp\/v2\/42wp_author?post=105298"}],"curies":[{"name":"wp","href":"https:\/\/api.w.org\/{rel}","templated":true}]}}