{"id":105309,"date":"2023-02-25T11:49:36","date_gmt":"2023-02-25T14:49:36","guid":{"rendered":"https:\/\/grandepremio.com\/br\/noticias\/antonio-felix-da-costa-passa-jean-eric-vergne-penultima-volta-fatura-ep-cidade-do-cabo\/"},"modified":"2023-02-28T13:43:03","modified_gmt":"2023-02-28T16:43:03","slug":"antonio-felix-da-costa-passa-jean-eric-vergne-penultima-volta-fatura-ep-cidade-do-cabo","status":"publish","type":"post","link":"https:\/\/grandepremio.com\/br\/formula-e\/antonio-felix-da-costa-passa-jean-eric-vergne-penultima-volta-fatura-ep-cidade-do-cabo\/","title":{"rendered":"Da Costa passa Vergne na pen\u00faltima volta e fatura eP da Cidade do Cabo"},"content":{"rendered":"\n<figure class=\"wp-block-embed is-type-video is-provider-youtube wp-block-embed-youtube wp-embed-aspect-16-9 wp-has-aspect-ratio\"><div class=\"wp-block-embed__wrapper\">\n<iframe loading=\"lazy\" title=\"F\u00d3RMULA E 2023 - eP CIDADE DO CABO | 5\u00aa etapa | Corrida\" width=\"500\" height=\"281\" src=\"https:\/\/www.youtube.com\/embed\/TbgZbiyOTwU?feature=oembed\" frameborder=\"0\" allow=\"accelerometer; autoplay; clipboard-write; encrypted-media; gyroscope; picture-in-picture; web-share\" referrerpolicy=\"strict-origin-when-cross-origin\" allowfullscreen><\/iframe>\n<\/div><\/figure>\n\n\n\n<p class=\"wp-block-paragraph\">A estreia da <strong>F\u00f3rmula E <\/strong>na <strong>Cidade do Cabo <\/strong>foi em grande estilo. Ap\u00f3s largar da 11\u00aa coloca\u00e7\u00e3o,<strong> Ant\u00f3nio F\u00e9lix da Costa<\/strong>, da <strong>Porsche,<\/strong> comandou uma rea\u00e7\u00e3o espetacular e superou <strong>Jean-\u00c9ric Vergne<\/strong>, da <strong>DS Penske<\/strong> na pen\u00faltima volta da corrida para faturar o eP na \u00c1frica do Sul, disputado na manh\u00e3 deste s\u00e1bado (25).<\/p>\n\n\n\n<p class=\"wp-block-paragraph\">L\u00edder de boa parte do in\u00edcio da prova, o neozeland\u00eas<strong> Nick Cassidy, da Envision <\/strong>completou o p\u00f3dio na Cidade do Cabo, \u00e0 frente do alem\u00e3o<strong> Ren\u00e9 Rast, da McLaren.<\/strong><\/p>\n\n\n\n<p class=\"wp-block-paragraph\">L\u00edder do campeonato, <strong>Pascal Wehrlein <\/strong>cometeu o primeiro grande erro da temporada. Ainda na volta inicial, o alem\u00e3o da Porsche acertou a traseira do su\u00ed\u00e7o <strong>S\u00e9bastien Buemi<\/strong>, abandonando e passando zerado pela primeira vez, O alem\u00e3o ainda mant\u00e9m a lideran\u00e7a do campeonato, j\u00e1 que <strong>Jake Dennis <\/strong>sofreu um drive-through durante a prova e foi o \u00faltimo.<\/p>\n\n\n\n<p class=\"wp-block-paragraph\">Buemi, por sinal, foi um dos destaques da prova. Mesmo atingido por Wehrlein, se recuperou para ser o quinto colocado. <strong>Dan Ticktum, Stoffel Vandoorne, Norman Nato, Andr\u00e9 Lotterer e Jake Hughe<\/strong>s completaram o top-10 na \u00c1frica do Sul.<\/p>\n\n\n\n<p class=\"wp-block-paragraph\">O brasileiro <strong>S\u00e9rgio Sette C\u00e2mara<\/strong>, da <strong>NIO<\/strong>, que largou de 16\u00ba, terminou em 12\u00ba, o antepen\u00faltimo lugar entre os pilotos que completaram mais de 75% da corrida.<\/p>\n\n\n\n<p class=\"wp-block-paragraph\">A pr\u00f3xima etapa da F\u00f3rmula E ser\u00e1 em solo brasileiro. A edi\u00e7\u00e3o inaugural do eP de S\u00e3o Paulo acontece no dia 25 de mar\u00e7o, em circuito montado no Samb\u00f3dromo do Anhembi. <strong>O&nbsp;<strong>GRANDE PR\u00caMIO&nbsp;<\/strong>transmite&nbsp;<strong>AO VIVO<\/strong>&nbsp;todas as emo\u00e7\u00f5es da pista com imagens&nbsp;<a href=\"https:\/\/www.youtube.com\/channel\/UC9OlHEgxoaY6QY6nWPoiqQg\" target=\"_blank\" rel=\"noreferrer noopener\">em nosso canal do&nbsp;<strong>YouTube<\/strong><\/a><\/strong>. <\/p>\n\n\n\n<p class=\"wp-block-paragraph\"><strong>Saiba como foi o eP da Cidade do Cabo:<\/strong><\/p>\n\n\n\n<p class=\"wp-block-paragraph\"><a href=\"https:\/\/www.grandepremio.com\/br\/formula-e\/noticias\/sacha-fenestraz-desbanca-favoritos-anota-pole-position-ep-cidade-do-cabo\/\" class=\"ek-link\">Na largada<\/a>, Fenestraz partiu bem e manteve a ponta. Cassidy tentou atacar G\u00fcnther, mas se contentou com o terceiro lugar. Evans e Vergen tamb\u00e9m mantiveram as posi\u00e7\u00f5es. Fenestraz acabou bobeando e perdeu a lideran\u00e7a para Max. L\u00edder do campeonato, Pascal Wehrlein acertou a traseira de S\u00e9bastien Buemi e abandonou a prova. O su\u00ed\u00e7o teve o carro danificado e caiu para o fim do pelot\u00e3o. A bandeira amarela em todo o circuito foi acionada.<\/p>\n\n\n\n<figure class=\"wp-block-image size-large\"><img decoding=\"async\" src=\"https:\/\/www.grandepremio.com\/br\/wp-content\/uploads\/2023\/02\/wehrlein-buemi-cidade-do-cabo-1024x576.png\" alt=\"\" class=\"wp-image-655466\"\/><figcaption>(Foto: Reprodu\u00e7\u00e3o\/F\u00f3rmula E)<\/figcaption><\/figure>\n\n\n\n<p class=\"wp-block-paragraph\">Quem tamb\u00e9m abandonou, ainda com problemas oriundos do acidente na classifica\u00e7\u00e3o, foi o su\u00ed\u00e7o Edoardo Mortara, da Maserati.<\/p>\n\n\n\n<p class=\"wp-block-paragraph\">Na sexta-volta, a bandeira verde voltou a surgir depois do safety-car. Por utilizar mais bateria que o permitido, Mitch Evans recebeu uma puni\u00e7\u00e3o de drive-through. Ren\u00e9 Rast passou Jean-\u00c9ric Vergne e foi ao quinto lugar. Com a puni\u00e7\u00e3o de Evans, foi promovido ao quarto posto.<\/p>\n\n\n\n<p class=\"wp-block-paragraph\">Cassidy tomou a ponta na volta 11 ap\u00f3s G\u00fcnther buscar o modo ataque. O alem\u00e3o da Maserati caiu at\u00e9 para o terceiro lugar, superado pelo pole-position Fenestraz. Da Costa foi quem cresceu bastante, assumindo o quarto lugar. Vice-l\u00edder do campeonato, Jake Dennis sofreu uma puni\u00e7\u00e3o de drive-through por conta de uma irregularidade na press\u00e3o dos pneus, caindo para o \u00faltimo posto.<\/p>\n\n\n\n<p class=\"wp-block-paragraph\">Em terceiro, G\u00fcnther deixou o carro escorregar e raspou no muro. Com danos na suspens\u00e3o dianteira direita, foi for\u00e7ado a abandonar a corrida na volta 22, causando um safety-car. Cassidy e Fenestraz tinham passado pelo modo ataque, e desperdi\u00e7aram o trunfo.<\/p>\n\n\n\n<figure class=\"wp-block-image size-large\"><img decoding=\"async\" src=\"https:\/\/www.grandepremio.com\/br\/wp-content\/uploads\/2023\/02\/gunther-cidade-do-cabo-1024x576.png\" alt=\"\" class=\"wp-image-655476\"\/><figcaption>(Foto: Reprodu\u00e7\u00e3o\/F\u00f3rmula E)<\/figcaption><\/figure>\n\n\n\n<p class=\"wp-block-paragraph\">Na relargada, Cassidy conseguiu escapar bem, mas Fenestraz vacilou e caiu de segundo para quarto, superado por Da Costa e Vergne. O portugu\u00eas iniciou uma press\u00e3o insuport\u00e1vel sobre Cassidy e conseguiu assumir a lideran\u00e7a na volta 24, mesmo sem utilizar modo ataque. Nick sequer manteve o segundo posto, superado tamb\u00e9m por Vergne.<\/p>\n\n\n\n<p class=\"wp-block-paragraph\">F\u00e9lix da Costa errou uma tentativa de passar no modo ataque, e ao finalmente ativar, perdeu a lideran\u00e7a para Vergne. A corrida ganhou mais duas voltas, e o portugu\u00eas come\u00e7ou a pressionar o ex-companheiro de equipe. Por fora, Ant\u00f3nio recuperou a ponta e partiu para a vit\u00f3ria, se defendendo de Jean nos metros finais.<\/p>\n\n\n\n<p class=\"wp-block-paragraph\"><strong>F\u00f3rmula E, eP da Cidade do Cabo, Classifica\u00e7\u00e3o final:<\/strong><\/p>\n\n\n\n<figure class=\"wp-block-table\"><table><tbody><tr><td>1<\/td><td>A DA COSTA<\/td><td>Porsche<\/td><td>32 voltas<\/td><\/tr><tr><td>2<\/td><td>J VERGNE<\/td><td>DS Penske<\/td><td>0,281<\/td><\/tr><tr><td>3<\/td><td>N CASSIDY<\/td><td>Envision<\/td><td>1,808<\/td><\/tr><tr><td>4<\/td><td>R RAST<\/td><td>McLaren<\/td><td>2,208<\/td><\/tr><tr><td>5<\/td><td>S BUEMI<\/td><td>Envision<\/td><td>2,656<\/td><\/tr><tr><td>6<\/td><td>D TICKTUM<\/td><td>NIO<\/td><td>3,209<\/td><\/tr><tr><td>7<\/td><td>S VANDOORNE<\/td><td>DS Pesnke<\/td><td>4,21<\/td><\/tr><tr><td>8<\/td><td>N NATO<\/td><td>Nissan<\/td><td>8,582<\/td><\/tr><tr><td>9<\/td><td>A LOTTERER<\/td><td>Andretti<\/td><td>8,755<\/td><\/tr><tr><td>10<\/td><td>J HUGHES<\/td><td>McLaren<\/td><td>10,475<\/td><\/tr><tr><td>11<\/td><td>M EVANS<\/td><td>Jaguar<\/td><td>14,183<\/td><\/tr><tr><td>12<\/td><td>S SETTE C\u00c2MARA<\/td><td>NIO<\/td><td>14,914<\/td><\/tr><tr><td>13<\/td><td>J DENNIS<\/td><td>Andretti<\/td><td>38,846<\/td><\/tr><tr><td>14<\/td><td>S FENESTRAZ<\/td><td>Nissan<\/td><td>NC<\/td><\/tr><tr><td>15<\/td><td>M GUNTHER<\/td><td>Maserati<\/td><td>NC<\/td><\/tr><tr><td>16<\/td><td>E MORTARA<\/td><td>Maserati<\/td><td>NC<\/td><\/tr><tr><td>17<\/td><td>P WEHRLEIN<\/td><td>Porsche<\/td><td>NC<\/td><\/tr><\/tbody><\/table><\/figure>\n","protected":false},"excerpt":{"rendered":"<p>Com rea\u00e7\u00e3o espetacular na \u00c1frica do Sul, Ant\u00f3nio F\u00e9lix da Costa superou Jean-\u00c9ric Vergne na pen\u00faltima volta da corrida e venceu com a Porsche pela primeira vez<\/p>\n","protected":false},"author":0,"featured_media":1000648354,"comment_status":"closed","ping_status":"closed","sticky":false,"template":"","format":"standard","meta":{"42wp_featured_image_caption":"","42wp_featured_image_credits":"","42wp_featured_video":"","42wp_featured_image_hidden":false,"42wp_authors_list":[],"footnotes":""},"categories":[19],"tags":[25774,28679,6853,31465,379,30779,840,31435,1601,1491,30103,28285,851,736],"42wp_author":[47119],"class_list":["post-105309","post","type-post","status-publish","format-standard","has-post-thumbnail","hentry","category-formula-e","tag-antonio-felix-da-costa","tag-calendario-formula-e","tag-classificacao-formula-e","tag-ds-penske","tag-fe","tag-fe-2023","tag-formula-e","tag-formula-e-2023","tag-gen3","tag-grande-premio","tag-grande-premio-f1","tag-grandepremio","tag-jean-eric-vergne","tag-porsche","42wp_author-gabriel-carvalho"],"_links":{"self":[{"href":"https:\/\/grandepremio.com\/br\/wp-json\/wp\/v2\/posts\/105309","targetHints":{"allow":["GET"]}}],"collection":[{"href":"https:\/\/grandepremio.com\/br\/wp-json\/wp\/v2\/posts"}],"about":[{"href":"https:\/\/grandepremio.com\/br\/wp-json\/wp\/v2\/types\/post"}],"replies":[{"embeddable":true,"href":"https:\/\/grandepremio.com\/br\/wp-json\/wp\/v2\/comments?post=105309"}],"version-history":[{"count":0,"href":"https:\/\/grandepremio.com\/br\/wp-json\/wp\/v2\/posts\/105309\/revisions"}],"wp:featuredmedia":[{"embeddable":true,"href":"https:\/\/grandepremio.com\/br\/wp-json\/wp\/v2\/media\/1000648354"}],"wp:attachment":[{"href":"https:\/\/grandepremio.com\/br\/wp-json\/wp\/v2\/media?parent=105309"}],"wp:term":[{"taxonomy":"category","embeddable":true,"href":"https:\/\/grandepremio.com\/br\/wp-json\/wp\/v2\/categories?post=105309"},{"taxonomy":"post_tag","embeddable":true,"href":"https:\/\/grandepremio.com\/br\/wp-json\/wp\/v2\/tags?post=105309"},{"taxonomy":"42wp_author","embeddable":true,"href":"https:\/\/grandepremio.com\/br\/wp-json\/wp\/v2\/42wp_author?post=105309"}],"curies":[{"name":"wp","href":"https:\/\/api.w.org\/{rel}","templated":true}]}}