{"id":10531,"date":"2026-03-28T07:57:46","date_gmt":"2026-03-28T10:57:46","guid":{"rendered":"https:\/\/grandepremio.com\/br\/noticias\/speed-trap-confira-velocidades-maximas-classificacao-gp-japao-f1-2026\/"},"modified":"2026-03-28T08:05:45","modified_gmt":"2026-03-28T11:05:45","slug":"speed-trap-confira-velocidades-maximas-classificacao-gp-japao-f1-2026","status":"publish","type":"post","link":"https:\/\/grandepremio.com\/br\/f1\/speed-trap-confira-velocidades-maximas-classificacao-gp-japao-f1-2026\/","title":{"rendered":"Speed Trap: confira velocidades m\u00e1ximas da classifica\u00e7\u00e3o do GP do Jap\u00e3o da F1 2026"},"content":{"rendered":"\n<p class=\"wp-block-paragraph\">Al\u00e9m de conseguir o impressionante feito de colocar a <strong>Williams<\/strong> no Q2 pela primeira vez na temporada 2026 da <strong>F\u00f3rmula 1<\/strong>, <strong>Carlos Sainz<\/strong> tamb\u00e9m foi respons\u00e1vel por liderar a tabela do <strong>Speed Trap<\/strong> da classifica\u00e7\u00e3o do <strong>GP do Jap\u00e3o<\/strong>, <a href=\"https:\/\/www.grandepremio.com\/br\/f1\/noticias\/kimi-antonelli-voa-suzuka-bate-george-russell-0s3-crava-pole-gp-japao-gabriel-bortoleto-9o\/\">realizada neste s\u00e1bado (28)<\/a>. O espanhol bateu a marca de 291,4 km\/h no ponto de detec\u00e7\u00e3o do <strong>Circuito de Suzuka<\/strong>, localizado entre as curvas 15 e 16.<\/p>\n\n\n\n<p class=\"wp-block-paragraph\"><strong>Liam Lawson<\/strong> apareceu na segunda posi\u00e7\u00e3o com a <strong>Racing Bulls<\/strong>, exatamente com 291,4 km\/h, embora tenha alcan\u00e7ado tal marca depois do <strong>#55<\/strong>. <strong>Isack Hadjar<\/strong>, que superou <strong>Max Verstappen<\/strong> e <a href=\"https:\/\/www.grandepremio.com\/br\/f1\/noticias\/isack-hadjar-supera-max-verstappen-grid-japao-ja-alcanca-feito-inedito-2-anos\/\">alcan\u00e7ou feito in\u00e9dito na <strong>Red Bull<\/strong> nos \u00faltimos dois anos<\/a>, completou o top-3, com 290,7 km\/h.<\/p>\n\n\n\n<figure class=\"wp-block-embed is-type-video is-provider-youtube wp-block-embed-youtube wp-embed-aspect-16-9 wp-has-aspect-ratio\"><div class=\"wp-block-embed__wrapper\">\n<iframe loading=\"lazy\" title=\"F1: ANTONELLI POLE, BORTOLETO 9\u00ba | CLASSIFICA\u00c7\u00c3O GP JAP\u00c3O 2026 [narra\u00e7\u00e3o + Briefing]\" width=\"500\" height=\"281\" src=\"https:\/\/www.youtube.com\/embed\/_NWz4t7yZW4?feature=oembed\" frameborder=\"0\" allow=\"accelerometer; autoplay; clipboard-write; encrypted-media; gyroscope; picture-in-picture; web-share\" referrerpolicy=\"strict-origin-when-cross-origin\" allowfullscreen><\/iframe>\n<\/div><\/figure>\n\n\n\n<h3 class=\"wp-block-heading has-vivid-red-color has-text-color has-link-color wp-elements-1\" id=\"h-gp-experience-o-novo-produto-do-grande-premio-conecta-voce-aos-maiores-eventos-de-esporte-a-motor-do-mundo-va-para-indianapolis-com-a-gente-saiba-aqui-todos-os-detalhes\"><strong>+ GP EXPERIENCE: o novo produto do GRANDE PR\u00caMIO conecta voc\u00ea aos maiores eventos de esporte a motor do mundo. V\u00e1 para Indian\u00e1polis com a gente:\u00a0<a href=\"https:\/\/gpexperience.tur.br\/\">saiba aqui todos os detalhes<\/a>.<\/strong><\/h3>\n\n\n\n<p class=\"wp-block-paragraph\"><strong>Gabriel Bortoleto<\/strong> apareceu na quarta posi\u00e7\u00e3o, com 288,9 km\/h, acompanhado por <strong>Arvid Lindblad<\/strong> (288,7 km\/h), <strong>Nico H\u00fclkenberg<\/strong> (287,6 km\/h), <strong>Alexander Albon<\/strong> (287,4 km\/h), Verstappen (286,8 km\/h), <strong>Valtteri Bottas<\/strong> (286,7 km\/h) e <strong>Pierre Gasly<\/strong> (285,8 km\/h) na lista dos dez primeiros do Speed Trap.<\/p>\n\n\n\n<p class=\"wp-block-paragraph\">O\u00a0<strong>GRANDE PR\u00caMIO<\/strong>\u00a0acompanha todas as atividades do\u00a0<strong>GP do Jap\u00e3o<\/strong>, terceira etapa da\u00a0<strong>temporada 2026\u00a0<\/strong>da F1,<a href=\"https:\/\/www.grandepremio.com\/br\/ao-vivo\/f1\/\">\u00a0<strong>AO VIVO E EM\u00a0<\/strong><\/a><strong><a href=\"https:\/\/www.grandepremio.com\/br\/ao-vivo\/\" target=\"_blank\" rel=\"noreferrer noopener\">TEMPO REAL<\/a><\/strong>,\u00a0<a href=\"https:\/\/www.youtube.com\/@GrandePremio1\/streams\">al\u00e9m de classifica\u00e7\u00e3o e corrida em\u00a0<strong>SEGUNDA TELA\u00a0<\/strong>no YouTube<\/a>, em parceria com a\u00a0<strong>Voz do Esporte<\/strong>. O\u00a0<strong>Briefing\u00a0<\/strong>chega para analisar ap\u00f3s o fim de cada dia de atividades nas redes sociais e na\u00a0<strong>GPTV<\/strong>.<\/p>\n\n\n\n<p class=\"wp-block-paragraph\" style=\"font-size:30px\"><strong>F1 2026: Speed Trap da classifica\u00e7\u00e3o do GP do Jap\u00e3o<\/strong><\/p>\n\n\n\n<figure class=\"wp-block-table\"><table class=\"has-fixed-layout\"><tbody><tr><td><strong>1<\/strong><\/td><td>C SAINZ<\/td><td>Williams Mercedes<\/td><td>291.4<\/td><\/tr><tr><td><strong>2<\/strong><\/td><td>L LAWSON<\/td><td>Racing Bulls RBPT Ford<\/td><td>291.4<\/td><\/tr><tr><td><strong>3<\/strong><\/td><td>I HADJAR<\/td><td>Red Bull RBPT Ford<\/td><td>290.7<\/td><\/tr><tr><td><strong>4<\/strong><\/td><td>G BORTOLETO<\/td><td>Audi<\/td><td>288.9<\/td><\/tr><tr><td><strong>5<\/strong><\/td><td>A LINDBLAD<\/td><td>Racing Bulls RBPT Ford<\/td><td>288.7<\/td><\/tr><tr><td><strong>6<\/strong><\/td><td>N H\u00dcLKENBERG<\/td><td>Audi<\/td><td>287.6<\/td><\/tr><tr><td><strong>7<\/strong><\/td><td>A ALBON<\/td><td>Williams Mercedes<\/td><td>287.4<\/td><\/tr><tr><td><strong>8<\/strong><\/td><td>M VERSTAPPEN<\/td><td>Red Bull RBPT Ford<\/td><td>286.8<\/td><\/tr><tr><td><strong>9<\/strong><\/td><td>V BOTTAS<\/td><td>Cadillac Ferrari<\/td><td>286.7<\/td><\/tr><tr><td><strong>10<\/strong><\/td><td>P GASLY<\/td><td>Alpine Mercedes<\/td><td>285.8<\/td><\/tr><tr><td><strong>11<\/strong><\/td><td>C LECLERC<\/td><td>Ferrari<\/td><td>285.7<\/td><\/tr><tr><td><strong>12<\/strong><\/td><td>O PIASTRI<\/td><td>McLaren Mercedes<\/td><td>285.6<\/td><\/tr><tr><td><strong>13<\/strong><\/td><td>L HAMILTON<\/td><td>Ferrari<\/td><td>284.9<\/td><\/tr><tr><td><strong>14<\/strong><\/td><td>L NORRIS<\/td><td>McLaren Mercedes<\/td><td>283.6<\/td><\/tr><tr><td><strong>15<\/strong><\/td><td>S P\u00c9REZ<\/td><td>Cadillac Ferrari<\/td><td>283.3<\/td><\/tr><tr><td><strong>16<\/strong><\/td><td>F COLAPINTO<\/td><td>Alpine Mercedes<\/td><td>283.1<\/td><\/tr><tr><td><strong>17<\/strong><\/td><td>E OCON<\/td><td>Haas Ferrari<\/td><td>282.9<\/td><\/tr><tr><td><strong>18<\/strong><\/td><td>A K ANTONELLI<\/td><td>Mercedes<\/td><td>282.7<\/td><\/tr><tr><td><strong>19<\/strong><\/td><td>F ALONSO<\/td><td>Aston Martin Honda<\/td><td>282.5<\/td><\/tr><tr><td><strong>20<\/strong><\/td><td>G RUSSELL<\/td><td>Mercedes<\/td><td>282.3<\/td><\/tr><tr><td><strong>21<\/strong><\/td><td>O BEARMAN<\/td><td>Haas Ferrari<\/td><td>278.5<\/td><\/tr><tr><td><strong>22<\/strong><\/td><td>L STROLL<\/td><td>Aston Martin Honda<\/td><td>277.8<\/td><\/tr><\/tbody><\/table><\/figure>\n\n\n\n<h2 class=\"wp-block-heading\" id=\"h-gp-do-japao-de-f1-veja-os-horarios-em-brasil-cabo-verde-nbsp-portugal-angola-e-mocambique\"><strong>GP do Jap\u00e3o de F1: veja os hor\u00e1rios em Brasil, Cabo Verde,&nbsp;<a href=\"https:\/\/grandepremio.pt\/\" target=\"_blank\" rel=\"noreferrer noopener\">Portugal<\/a>, Angola e Mo\u00e7ambique:<\/strong><\/h2>\n\n\n\n<figure class=\"wp-block-table\"><table class=\"has-fixed-layout\"><tbody><tr><td class=\"has-text-align-left\" data-align=\"left\"><strong>Sess\u00e3o<\/strong><\/td><td class=\"has-text-align-left\" data-align=\"left\"><strong>BRA*<\/strong><\/td><td class=\"has-text-align-left\" data-align=\"left\"><strong>CBV<\/strong><\/td><td class=\"has-text-align-left\" data-align=\"left\"><strong>POR<\/strong><br><strong>ANG<\/strong><\/td><td class=\"has-text-align-left\" data-align=\"left\"><strong>MOZ<\/strong><\/td><\/tr><tr><td class=\"has-text-align-left\" data-align=\"left\">Corrida<\/td><td class=\"has-text-align-left\" data-align=\"left\">02:00<\/td><td class=\"has-text-align-left\" data-align=\"left\">04:30<\/td><td class=\"has-text-align-left\" data-align=\"left\">06:00<\/td><td class=\"has-text-align-left\" data-align=\"left\">07:00<\/td><\/tr><\/tbody><\/table><\/figure>\n\n\n\n<p class=\"wp-block-paragraph\"><em>*Hor\u00e1rio de Bras\u00edlia<\/em><\/p>\n\n\n\n<p class=\"wp-block-paragraph\">\u25b6\ufe0f <strong>Inscreva-se nos dois canais do GRANDE PR\u00caMIO no YouTube:<\/strong>\u00a0<strong><a href=\"https:\/\/www.youtube.com\/channel\/UC9OlHEgxoaY6QY6nWPoiqQg?sub_confirmation=1\">GP<\/a>\u00a0|\u00a0<a href=\"https:\/\/www.youtube.com\/channel\/UC9csiS6q_C3C0FYhyr1rnFA?sub_confirmation=1\">GPTV<\/a><\/strong><\/p>\n\n\n\n<h2 class=\"wp-block-heading\" id=\"h-f1-hoje-saiba-aqui-as-noticias-mais-importantes-do-dia-da-formula-1\"><strong>F1 hoje: saiba aqui as not\u00edcias mais importantes do dia da F\u00f3rmula 1<\/strong><\/h2>\n\n\n\n<p class=\"wp-block-paragraph\">A reda\u00e7\u00e3o do&nbsp;<strong>GRANDE PR\u00caMIO<\/strong>&nbsp;selecionou as not\u00edcias mais importantes das \u00faltimas horas para voc\u00ea ficar por dentro de tudo que acontece na F1.<\/p>\n\n\n\n<p class=\"wp-block-paragraph\">\u25b6\ufe0f\u00a0<strong><a href=\"https:\/\/www.grandepremio.com\/br\/f1\/noticias\/kimi-antonelli-voa-suzuka-bate-george-russell-0s3-crava-pole-gp-japao-gabriel-bortoleto-9o\/\">Antonelli voa em Suzuka, bate Russell por 0s3 e crava pole do GP do Jap\u00e3o. Bortoleto \u00e9 9\u00ba<\/a><\/strong><br>\u25b6\ufe0f\u00a0<strong><a href=\"https:\/\/www.grandepremio.com\/br\/galeria\/f1\/f1-2026-ficou-classificacao-grid-largada-gp-japao\/\">F1 2026: como ficou o grid de largada do GP do Jap\u00e3o<\/a><\/strong><br>\u25b6\ufe0f\u00a0<a href=\"https:\/\/www.grandepremio.com\/br\/f1\/noticias\/victor-martins-max-verstappen-mostra-f1-segue-posturas-pateticas-incluindo-imprensa\/\"><strong>Victor Martins: Verstappen expulsa jornalista em papel pat\u00e9tico (e dos coleguinhas tamb\u00e9m)<\/strong><\/a><br>\u25b6\ufe0f\u00a0<a href=\"https:\/\/www.grandepremio.com\/br\/f1\/noticias\/gabriel-bortoleto-celebra-otima-posicao-largada-mira-pontos-gp-do-japao\/\"><strong>Bortoleto celebra \u201c\u00f3tima posi\u00e7\u00e3o de largada\u201d e mira em pontos no GP do Jap\u00e3o<\/strong><\/a><br>\u25b6\ufe0f\u00a0<a href=\"https:\/\/www.grandepremio.com\/br\/f1\/noticias\/andrea-kimi-antonelli-valoriza-classificacao-limpa-rendeu-pole-japao-estava-mais-confiante\/\"><strong>Antonelli valoriza \u201cclassifica\u00e7\u00e3o limpa\u201d que rendeu pole no Jap\u00e3o: \u201cEstava mais confiante\u201d<\/strong><\/a><br>\u25b6\ufe0f\u00a0<a href=\"https:\/\/www.grandepremio.com\/br\/f1\/noticias\/george-russell-lamenta-classificacao-estranha-japao-tive-muita-sorte-ficar-2o\/\"><strong>Russell lamenta classifica\u00e7\u00e3o \u201cestranha\u201d no Jap\u00e3o: \u201cTive muita sorte de ficar em 2\u00ba\u201d<\/strong><\/a><br>\u25b6\ufe0f\u00a0<a href=\"https:\/\/www.grandepremio.com\/br\/f1\/noticias\/oscar-piastri-celebra-3o-lugar-grid-japao-ve-mclaren-se-aproximando-mercedes-f1\/\"><strong>Piastri celebra 3\u00ba lugar no grid do Jap\u00e3o e v\u00ea McLaren \u201cse aproximando\u201d da Mercedes na F1<\/strong><\/a><a href=\"https:\/\/www.grandepremio.com\/br\/chefao\/\" target=\"_blank\" rel=\"noreferrer noopener\"><\/a><\/p>\n","protected":false},"excerpt":{"rendered":"<p>Carlos Sainz foi respons\u00e1vel por liderar a tabela do Speed Trap da classifica\u00e7\u00e3o do GP do Jap\u00e3o, terceira etapa da temporada 2026. Liam Lawson e Isack Hadjar completaram o top-3<\/p>\n","protected":false},"author":0,"featured_media":1001072644,"comment_status":"closed","ping_status":"closed","sticky":false,"template":"","format":"standard","meta":{"42wp_featured_image_caption":"","42wp_featured_image_credits":"","42wp_featured_video":"","42wp_featured_image_hidden":false,"42wp_authors_list":[],"footnotes":""},"categories":[2],"tags":[20491,27861,34712,309,970,26271,546,209,5273,302,147,29516,29148,176,207,180,31425,28995,25440,350,800,3023,38972,1491,28285,119,30840,28104,24855,46326,32659,485,547,87,595,203,90,82,1521,29923,35129,2916,676,38179,204,608,46327,32660,31470,215],"42wp_author":[47160],"class_list":["post-10531","post","type-post","status-publish","format-standard","has-post-thumbnail","hentry","category-f1","tag-alpine","tag-andrea-kimi-antonelli","tag-arvid-lindblad","tag-aston-martin","tag-audi","tag-calendario-f1","tag-carlos-sainz","tag-charles-leclerc","tag-classificacao-f1","tag-esteban-ocon","tag-f1","tag-f1-2026","tag-f1-hoje","tag-fernando-alonso","tag-ferrari","tag-formula-1","tag-formula-1-2026","tag-formula-1-hoje","tag-franco-colapinto","tag-gabriel-bortoleto","tag-george-russell","tag-gp-do-japao","tag-gp-do-japao-f1","tag-grande-premio","tag-grandepremio","tag-haas","tag-horarios-f1","tag-isack-hadjar","tag-japao","tag-japao-2026","tag-japao-f1","tag-lance-stroll","tag-lando-norris","tag-lewis-hamilton","tag-liam-lawson","tag-max-verstappen","tag-mclaren","tag-mercedes","tag-nico-hulkenberg","tag-oliver-bearman","tag-onde-assistir-f1","tag-oscar-piastri","tag-pierre-gasly","tag-racing-bulls","tag-red-bull","tag-suzuka","tag-suzuka-2026","tag-suzuka-f1","tag-temporada-2026-f1","tag-williams","42wp_author-vicente-soella"],"_links":{"self":[{"href":"https:\/\/grandepremio.com\/br\/wp-json\/wp\/v2\/posts\/10531","targetHints":{"allow":["GET"]}}],"collection":[{"href":"https:\/\/grandepremio.com\/br\/wp-json\/wp\/v2\/posts"}],"about":[{"href":"https:\/\/grandepremio.com\/br\/wp-json\/wp\/v2\/types\/post"}],"replies":[{"embeddable":true,"href":"https:\/\/grandepremio.com\/br\/wp-json\/wp\/v2\/comments?post=10531"}],"version-history":[{"count":0,"href":"https:\/\/grandepremio.com\/br\/wp-json\/wp\/v2\/posts\/10531\/revisions"}],"wp:featuredmedia":[{"embeddable":true,"href":"https:\/\/grandepremio.com\/br\/wp-json\/wp\/v2\/media\/1001072644"}],"wp:attachment":[{"href":"https:\/\/grandepremio.com\/br\/wp-json\/wp\/v2\/media?parent=10531"}],"wp:term":[{"taxonomy":"category","embeddable":true,"href":"https:\/\/grandepremio.com\/br\/wp-json\/wp\/v2\/categories?post=10531"},{"taxonomy":"post_tag","embeddable":true,"href":"https:\/\/grandepremio.com\/br\/wp-json\/wp\/v2\/tags?post=10531"},{"taxonomy":"42wp_author","embeddable":true,"href":"https:\/\/grandepremio.com\/br\/wp-json\/wp\/v2\/42wp_author?post=10531"}],"curies":[{"name":"wp","href":"https:\/\/api.w.org\/{rel}","templated":true}]}}