{"id":105329,"date":"2023-02-24T19:52:11","date_gmt":"2023-02-24T22:52:11","guid":{"rendered":"https:\/\/grandepremio.com\/br\/noticias\/confira-declaracoes-pilotos-apos-dia-2-pre-temporada-f1-2023-bahrein\/"},"modified":"2023-02-24T19:54:37","modified_gmt":"2023-02-24T22:54:37","slug":"confira-declaracoes-pilotos-apos-dia-2-pre-temporada-f1-2023-bahrein","status":"publish","type":"post","link":"https:\/\/grandepremio.com\/br\/f1\/confira-declaracoes-pilotos-apos-dia-2-pre-temporada-f1-2023-bahrein\/","title":{"rendered":"Confira declara\u00e7\u00f5es dos pilotos ap\u00f3s dia 2 da pr\u00e9-temporada da F1 2023 no Bahrein"},"content":{"rendered":"\n<figure class=\"wp-block-embed is-type-video is-provider-youtube wp-block-embed-youtube wp-embed-aspect-16-9 wp-has-aspect-ratio\"><div class=\"wp-block-embed__wrapper\">\n<iframe loading=\"lazy\" title=\"BOMBA: MERCEDES PERDIDA! ZHOU BATE VERSTAPPEN: DIA 2 DA F1 NO BAHREIN | Briefing\" width=\"500\" height=\"281\" src=\"https:\/\/www.youtube.com\/embed\/4H9GDF7mnVE?feature=oembed\" frameborder=\"0\" allow=\"accelerometer; autoplay; clipboard-write; encrypted-media; gyroscope; picture-in-picture; web-share\" referrerpolicy=\"strict-origin-when-cross-origin\" allowfullscreen><\/iframe>\n<\/div><\/figure>\n\n\n\n<p class=\"wp-block-paragraph\"><strong><a href=\"https:\/\/www.grandepremio.com\/br\/piloto\/guanyu-zhou\/\" target=\"_blank\" rel=\"noreferrer noopener\">Guanyu Zhou<\/a><\/strong>\u00a0<a href=\"https:\/\/www.grandepremio.com\/br\/f1\/noticias\/guanyu-zhou-bate-max-verstappen-dia-2-testes-f1-2023-bahrein-george-russell-quebra\/\">puxou a fila<\/a>\u00a0no segundo dia de testes da\u00a0<strong>pr\u00e9-temporada<\/strong>\u00a0da\u00a0<strong>F1 2023\u00a0<\/strong>no\u00a0<strong>Bahrein<\/strong>. Nesta sexta-feira (24), o chin\u00eas usou pneus macios para superar um\u00a0<strong><a href=\"https:\/\/www.grandepremio.com\/br\/piloto\/max-verstappen\/\" target=\"_blank\" rel=\"noreferrer noopener\">Max Verstappen<\/a><\/strong>\u00a0que, mais uma vez, parecia pronto para dominar a sess\u00e3o. O piloto da\u00a0<strong>Alfa Romeo<\/strong>\u00a0virou 1min31s610.<\/p>\n\n\n\n<p class=\"wp-block-paragraph\">Verstappen, mesmo com os pneus m\u00e9dios, apareceu logo atr\u00e1s, apenas 0s04 distante do l\u00edder da sess\u00e3o.\u00a0<strong><a href=\"https:\/\/es.grandepremio.com\/\" target=\"_blank\" rel=\"noreferrer noopener\">Fernando Alonso<\/a><\/strong>\u00a0e\u00a0<strong><a href=\"https:\/\/www.grandepremio.com\/br\/piloto\/nick-de-vries\/\" target=\"_blank\" rel=\"noreferrer noopener\">Nyck de Vries<\/a><\/strong>, que tamb\u00e9m andaram bem a tarde toda, vieram na sequ\u00eancia. O holand\u00eas da AlphaTauri, ali\u00e1s, foi outro que usou os pneus macios.<\/p>\n\n\n\n<p class=\"wp-block-paragraph\"><strong><a href=\"https:\/\/www.grandepremio.com\/br\/piloto\/nico-hlkenberg\/\" target=\"_blank\" rel=\"noreferrer noopener\">Nico H\u00fclkenberg<\/a><\/strong>\u00a0mostrou for\u00e7a com a Haas e apareceu em quinto, 0s8 atr\u00e1s do ponteiro, assim como\u00a0<strong>Logan Sargeant,<\/strong>\u00a0que deixou a Williams em s\u00e9timo mesmo sofrendo uma falha el\u00e9trica no final do dia. A Ferrari foi um tanto mais discreta que ontem, com\u00a0<strong><a href=\"https:\/\/www.grandepremio.com\/br\/piloto\/carlos-sainz\/\" target=\"_blank\" rel=\"noreferrer noopener\">Carlos Sainz<\/a><\/strong>\u00a0em sexto e\u00a0<strong><a href=\"https:\/\/www.grandepremio.com\/br\/piloto\/charles-leclerc\/\" target=\"_blank\" rel=\"noreferrer noopener\">Charles Leclerc<\/a><\/strong>\u00a0na oitava coloca\u00e7\u00e3o.<\/p>\n\n\n\n<p class=\"wp-block-paragraph\">Fechando o top-10, duas equipes que seguem sem impressionar muito: a McLaren, com\u00a0<strong>Oscar Piastri,<\/strong>\u00a0e a Alpine, com\u00a0<strong><a href=\"https:\/\/www.grandepremio.com\/br\/piloto\/pierre-gasly\/\" target=\"_blank\" rel=\"noreferrer noopener\">Pierre Gasly<\/a><\/strong>. A grande decep\u00e7\u00e3o do dia ficou por conta da Mercedes, que, al\u00e9m de n\u00e3o passar de 13\u00ba e 15\u00ba, tomando mais de 2s do ponteiro, ainda viu\u00a0<strong><a href=\"https:\/\/www.grandepremio.com\/br\/piloto\/george-russell\/\" target=\"_blank\" rel=\"noreferrer noopener\">George Russell<\/a><\/strong>\u00a0quebrar, sofrendo uma falha hidr\u00e1ulica no meio da tarde.<\/p>\n\n\n\n<p class=\"wp-block-paragraph\">A\u00a0<a href=\"https:\/\/www.grandepremio.com\/formula-1\/\" target=\"_blank\" rel=\"noreferrer noopener\">F1\u00a0<\/a>volta para o terceiro e \u00faltimo dia de testes coletivos neste s\u00e1bado. O\u00a0<strong>GRANDE PR\u00caMIO<\/strong>\u00a0acompanha todas as atividades da pr\u00e9-temporada da\u00a0<a href=\"https:\/\/www.grandepremio.com\/formula-1\/\" target=\"_blank\" rel=\"noreferrer noopener\">F1\u00a0<\/a><a href=\"https:\/\/www.grandepremio.com\/br\/ao-vivo\/\"><strong>AO VIVO<\/strong>\u00a0e\u00a0<strong>EM\u00a0<\/strong><\/a><strong><a href=\"https:\/\/www.grandepremio.com\/br\/ao-vivo\/\" target=\"_blank\" rel=\"noreferrer noopener\">TEMPO REAL<\/a><\/strong>. O s\u00e1bado de testes tem in\u00edcio \u00e0s 4h (de Bras\u00edlia).<\/p>\n\n\n\n<figure class=\"wp-block-image size-large\"><img decoding=\"async\" src=\"https:\/\/www.grandepremio.com\/br\/wp-content\/uploads\/2023\/02\/000_339U7TY-1024x683.jpg\" alt=\"\" class=\"wp-image-654207\"\/><figcaption>Guanyu Zhou liderou o dia 2 de testes (Foto: Giuseppe CACACE \/ AFP)<\/figcaption><\/figure>\n\n\n\n<p class=\"wp-block-paragraph\"><strong>Confira declara\u00e7\u00f5es dos pilotos<\/strong><\/p>\n\n\n\n<p class=\"wp-block-paragraph\"><strong>Guanyu Zhou, primeiro:<\/strong> <a href=\"https:\/\/www.grandepremio.com\/br\/f1\/noticias\/guanyu-zhou-reconhece-e-so-teste-bahrein-admite-foi-legal-me-ver-em-primeiro\/\" class=\"ek-link\">Zhou reconhece que \u201c\u00e9 s\u00f3 teste\u201d no Bahrein, mas admite: \u201cFoi legal me ver em primeiro\u201d<\/a><\/p>\n\n\n\n<p class=\"wp-block-paragraph\"><strong>Max Verstappen, segundo: <\/strong><a href=\"https:\/\/www.grandepremio.com\/br\/f1\/noticias\/max-verstappen-exalta-red-bull-apesar-problemas-sexta-feira-pequenos-passos\/\" class=\"ek-link\">Verstappen exalta Red Bull apesar de problemas na sexta-feira: \u201cPequenos passos\u201d<\/a><\/p>\n\n\n\n<p class=\"wp-block-paragraph\"><strong>Fernando Alonso, terceiro:<\/strong> <a href=\"https:\/\/www.grandepremio.com\/br\/f1\/noticias\/fernando-alonso-celebra-longa-quilometragem-aston-martin-testes-estou-mais-afiado\/\" class=\"ek-link\">Alonso celebra longa quilometragem com Aston Martin em testes: \u201cEstou mais afiado\u201d<\/a><\/p>\n\n\n\n<p class=\"wp-block-paragraph\"><strong>Nyck de Vries, quarto: <\/strong>\u201cFoi mais um dia positivo, apesar de uma bandeira vermelha. A sess\u00e3o foi suspensa, mas mesmo assim conseguimos cumprir o nosso cronograma. Pudemos testar algumas coisas, ent\u00e3o em termos [de atividades] do dia estamos felizes, e em termos de desempenho \u00e9 dif\u00edcil dizer. Temos mais um dia de testes amanh\u00e3, ent\u00e3o esperamos poder completar tudo e levar tudo isso para a corrida\u201d.<\/p>\n\n\n\n<p class=\"wp-block-paragraph\"><strong>Nico H\u00fclkenberg, quinto:<\/strong> \u201cHoje foi um dia positivo &#8211; foi uma tarde boa e movimentada, onde fizemos muitas coisas, e tamb\u00e9m coletamos muitos dados interessantes. Estou construindo uma conex\u00e3o maior com o carro e testando em condi\u00e7\u00f5es diferentes, como se faz nos testes. N\u00e3o acho que uma classifica\u00e7\u00e3o seja a prioridade n\u00famero um para mim &#8211; j\u00e1 fiz o suficiente e sei o que est\u00e1 por vir &#8211; e dirijo pela manh\u00e3 amanh\u00e3, onde as temperaturas n\u00e3o s\u00e3o t\u00e3o significativas\u201d.<\/p>\n\n\n\n<figure class=\"wp-block-image size-large\"><img decoding=\"async\" src=\"https:\/\/www.grandepremio.com\/br\/wp-content\/uploads\/2023\/02\/ferrari-carlossainz-afp-01-1024x683.jpg\" alt=\"\" class=\"wp-image-654867\"\/><figcaption>Carlos Sainz andou forte de manh\u00e3 no Bahrein (Foto: AFP)<\/figcaption><\/figure>\n\n\n\n<p class=\"wp-block-paragraph\"><strong>Carlos Sainz, sexto:<\/strong> <a href=\"https:\/\/www.grandepremio.com\/br\/f1\/noticias\/carlos-sainz-aprova-desempenho-ferrari-segundo-dia-testes-muito-tranquilo\/\" class=\"ek-link\">Sainz aprova desempenho da Ferrari no segundo dia de testes: \u201cMuito tranquilo\u201d<\/a><\/p>\n\n\n\n<p class=\"wp-block-paragraph\"><strong>Logan Sargeant, s\u00e9timo<\/strong>: \u201cAcho que hoje foi a maior quantidade de quil\u00f4metros que j\u00e1 fiz em um dia. Consegui aguentar bem fisicamente. Andamos muito, o que \u00e9 uma prova do trabalho duro que a equipe fez. Caminhamos na dire\u00e7\u00e3o certa o dia todo e foi muito positivo. Fizemos stints mais curtos essa manh\u00e3 e, considerando a temperatura da pista, fiquei relativamente feliz com a sensa\u00e7\u00e3o do carro. Ao longo dos stints longos dessa tarde, o carro estava bom e eu pude pilot\u00e1-lo exatamente como queria. Ainda h\u00e1 algumas coisas que estamos buscando, mas vou deixar isso para Alex [Albon] amanh\u00e3. No geral, estou muito feliz com onde chegamos com o carro e mal posso esperar para correr na pr\u00f3xima semana\u201d.<\/p>\n\n\n\n<p class=\"wp-block-paragraph\"><strong>Charles Leclerc, oitavo: <\/strong><a href=\"https:\/\/www.grandepremio.com\/br\/f1\/noticias\/charles-leclerc-minimiza-quiques-ferrari-pre-temporada-f1-nao-estamos-preocupados\/\" class=\"ek-link\">Leclerc minimiza quiques da Ferrari na pr\u00e9-temporada na F1: \u201cN\u00e3o estamos preocupados\u201d<\/a><\/p>\n\n\n\n<p class=\"wp-block-paragraph\"><strong>Oscar Piastri, nono:<\/strong> \u201cFoi um dia s\u00f3lido para a equipe, com tudo funcionando perfeitamente. A sess\u00e3o de hoje aumentou meu aprendizado sobre o carro e sinto que estou melhorando a cada volta. Foi bom focar em diferentes \u00e1reas ao longo da minha pilotagem, incluindo a simula\u00e7\u00e3o de corrida. Estamos indo em uma boa dire\u00e7\u00e3o, o que \u00e9 agrad\u00e1vel de ver no segundo dia de testes e estou ansioso para voltar \u00e0 pista na sess\u00e3o de amanh\u00e3 de manh\u00e3\u201d.<\/p>\n\n\n\n<p class=\"wp-block-paragraph\"><strong>Pierre Gasly, d\u00e9cimo<\/strong><\/p>\n\n\n\n<figure class=\"wp-block-image size-large\"><img decoding=\"async\" src=\"https:\/\/www.grandepremio.com\/br\/wp-content\/uploads\/2023\/02\/haas-kevinmagnussen-02-1-1024x683.jpg\" alt=\"\" class=\"wp-image-654755\"\/><figcaption>Kevin Magnussen ficou no meio do pelot\u00e3o (Foto: Haas F1 Team)<\/figcaption><\/figure>\n\n\n\n<p class=\"wp-block-paragraph\"><strong>Kevin Magnussen, 11\u00ba: <\/strong>&#8220;\u00c9 bom, mas \u00e9 sempre dif\u00edcil ver onde voc\u00ea est\u00e1, em rela\u00e7\u00e3o a seus advers\u00e1rios. At\u00e9 agora, nos sentimos bem e estamos felizes com o que temos. Precisamos trabalhar mais para entender melhor o carro e hoje conseguimos em uma \u00e1rea diferente, tentando coisas que n\u00e3o fizemos ontem, ent\u00e3o estamos aprendendo. Houve muito poucos problemas e agora estamos entrando em mais testes relacionados ao desempenho, o que \u00e9 bom e mais interessante para n\u00f3s\u201d.<\/p>\n\n\n\n<p class=\"wp-block-paragraph\"><strong>Esteban Ocon, 12\u00ba<\/strong><\/p>\n\n\n\n<p class=\"wp-block-paragraph\"><strong>George Russell, 13\u00ba:<\/strong> <a href=\"https:\/\/www.grandepremio.com\/br\/f1\/noticias\/george-russell-distancia-red-bul-confianca-nao-desbloqueamos-tudo\/\" class=\"ek-link\">Russell admite dist\u00e2ncia para Red Bull, mas prega confian\u00e7a: \u201cN\u00e3o desbloqueamos tudo\u201d<\/a><\/p>\n\n\n\n<p class=\"wp-block-paragraph\"><strong>Sergio P\u00e9rez, 14\u00ba<\/strong><\/p>\n\n\n\n<p class=\"wp-block-paragraph\"><strong>Lewis Hamilton, 15\u00ba: <\/strong><a href=\"https:\/\/www.grandepremio.com\/br\/f1\/noticias\/lewis-hamilton-destaca-manha-dificil-segundo-dia-pre-temporada-bahrein\/\" class=\"ek-link\">Hamilton destaca \u201cmanh\u00e3 dif\u00edcil\u201d no segundo dia de pr\u00e9-temporada no Bahrein<\/a><\/p>\n\n\n\n<figure class=\"wp-block-image size-large\"><img decoding=\"async\" src=\"https:\/\/www.grandepremio.com\/br\/wp-content\/uploads\/2023\/02\/Hamilton-Mercedes-Bahrein-1024x763.jpeg\" alt=\"\" class=\"wp-image-654723\"\/><figcaption>Hamilton andou pela manh\u00e3 no Bahrein, mas sofreu com o forte calor (Foto: Mercedes)<\/figcaption><\/figure>\n\n\n\n<p class=\"wp-block-paragraph\"><strong>Lando Norris, 16\u00ba:<\/strong> \u201cFoi um dia produtivo para todos na equipe. Fiz muitos testes em v\u00e1rias configura\u00e7\u00f5es diferentes, conforme estava planejado, e tamb\u00e9m fizemos um n\u00famero s\u00f3lido de voltas, o que \u00e9 positivo. Estou ansioso para ir para a pista amanh\u00e3 \u00e0 tarde para terminar nosso plano de corrida\u201d.<\/p>\n\n\n\n<p class=\"wp-block-paragraph\"><strong>Yuki Tsunoda, 17\u00ba:<\/strong> \u201cNessa manh\u00e3 conseguimos o maior n\u00famero de voltas em compara\u00e7\u00e3o com o resto do pelot\u00e3o, por isso foi uma boa sess\u00e3o. Isso tamb\u00e9m nos permitiu acompanhar o cronograma, pois ficamos abaixo do n\u00famero de voltas que quer\u00edamos fazer ontem. Hoje nos concentramos principalmente em stints longos, onde encontramos algumas limita\u00e7\u00f5es, mas, ao mesmo tempo, h\u00e1 pontos positivos a serem retirados dos bons dados que coletamos para a corrida, que podemos continuar a desenvolver amanh\u00e3. No geral, estou feliz com minha pilotagem e com o feedback para a equipe, que est\u00e1 melhorando constantemente. Vou continuar a trabalhar dessa forma e estou animado para come\u00e7ar a trabalhar em stints curtos amanh\u00e3&#8221;.<\/p>\n\n\n\n<p class=\"wp-block-paragraph\"><strong>\u25b6\ufe0f&nbsp;Inscreva-se nos dois canais do GRANDE PR\u00caMIO no YouTube:&nbsp;<a href=\"https:\/\/www.youtube.com\/channel\/UC9OlHEgxoaY6QY6nWPoiqQg?sub_confirmation=1\" target=\"_blank\" rel=\"noreferrer noopener\">GP<\/a>&nbsp;|&nbsp;<a href=\"https:\/\/www.youtube.com\/channel\/UC9csiS6q_C3C0FYhyr1rnFA?sub_confirmation=1\" target=\"_blank\" rel=\"noreferrer noopener\">GP2<\/a><\/strong><br><strong>\u25b6\ufe0f&nbsp;<a href=\"https:\/\/www.twitch.tv\/grandepremio\" target=\"_blank\" rel=\"noreferrer noopener\">Conhe\u00e7a o canal do GRANDE PR\u00caMIO na Twitch clicando aqui!<\/a><\/strong><\/p>\n","protected":false},"excerpt":{"rendered":"<p>Max Verstappen s\u00f3 n\u00e3o colocou a Red Bull na frente de novo no segundo dia de testes de pr\u00e9-temporada da F1 2023 no Bahrein porque Guanyu Zhou apareceu de pneus macios para liderar. A Ferrari teve um dia mediano e a Mercedes viveu um drama<\/p>\n","protected":false},"author":0,"featured_media":1000654288,"comment_status":"closed","ping_status":"closed","sticky":false,"template":"","format":"standard","meta":{"42wp_featured_image_caption":"","42wp_featured_image_credits":"","42wp_featured_video":"","42wp_featured_image_hidden":false,"42wp_authors_list":[],"footnotes":""},"categories":[2],"tags":[147,6533,207,180,30722,1491,28285,87,203,82,204],"42wp_author":[47117],"class_list":["post-105329","post","type-post","status-publish","format-standard","has-post-thumbnail","hentry","category-f1","tag-f1","tag-f1-2023","tag-ferrari","tag-formula-1","tag-formula-1-2023","tag-grande-premio","tag-grandepremio","tag-lewis-hamilton","tag-max-verstappen","tag-mercedes","tag-red-bull","42wp_author-gabriel-curty"],"_links":{"self":[{"href":"https:\/\/grandepremio.com\/br\/wp-json\/wp\/v2\/posts\/105329","targetHints":{"allow":["GET"]}}],"collection":[{"href":"https:\/\/grandepremio.com\/br\/wp-json\/wp\/v2\/posts"}],"about":[{"href":"https:\/\/grandepremio.com\/br\/wp-json\/wp\/v2\/types\/post"}],"replies":[{"embeddable":true,"href":"https:\/\/grandepremio.com\/br\/wp-json\/wp\/v2\/comments?post=105329"}],"version-history":[{"count":0,"href":"https:\/\/grandepremio.com\/br\/wp-json\/wp\/v2\/posts\/105329\/revisions"}],"wp:featuredmedia":[{"embeddable":true,"href":"https:\/\/grandepremio.com\/br\/wp-json\/wp\/v2\/media\/1000654288"}],"wp:attachment":[{"href":"https:\/\/grandepremio.com\/br\/wp-json\/wp\/v2\/media?parent=105329"}],"wp:term":[{"taxonomy":"category","embeddable":true,"href":"https:\/\/grandepremio.com\/br\/wp-json\/wp\/v2\/categories?post=105329"},{"taxonomy":"post_tag","embeddable":true,"href":"https:\/\/grandepremio.com\/br\/wp-json\/wp\/v2\/tags?post=105329"},{"taxonomy":"42wp_author","embeddable":true,"href":"https:\/\/grandepremio.com\/br\/wp-json\/wp\/v2\/42wp_author?post=105329"}],"curies":[{"name":"wp","href":"https:\/\/api.w.org\/{rel}","templated":true}]}}