{"id":105330,"date":"2023-02-24T19:21:14","date_gmt":"2023-02-24T22:21:14","guid":{"rendered":"https:\/\/grandepremio.com\/br\/noticias\/fernando-alonso-celebra-longa-quilometragem-aston-martin-testes-estou-mais-afiado\/"},"modified":"2023-02-24T19:21:24","modified_gmt":"2023-02-24T22:21:24","slug":"fernando-alonso-celebra-longa-quilometragem-aston-martin-testes-estou-mais-afiado","status":"publish","type":"post","link":"https:\/\/grandepremio.com\/br\/f1\/fernando-alonso-celebra-longa-quilometragem-aston-martin-testes-estou-mais-afiado\/","title":{"rendered":"Alonso celebra longa quilometragem com Aston Martin em testes: &#8220;Estou mais afiado&#8221;"},"content":{"rendered":"\n<p class=\"wp-block-paragraph\">Do que depender dos resultados nos dois primeiros dias de testes da pr\u00e9-temporada de 2023 da F\u00f3rmula 1, <strong>Fernando Alonso <\/strong>tem motivos de sobra para sorrir. Dono do segundo melhor tempo na quinta-feira (24) \u2013 com uma marca apenas 0s029 pior que a do l\u00edder <strong>Max Verstappen,<\/strong> <a href=\"https:\/\/www.grandepremio.com\/br\/f1\/noticias\/aston-martin-confirma-felipe-drugovich-fernando-alonso-ultimo-dia-testes-formula-1-bahrein\/\" class=\"ek-link\">o espanhol fechou os testes desta sexta-feira (25) na terceira coloca\u00e7\u00e3o, registrando 1m32s205<\/a>.<\/p>\n\n\n\n<p class=\"wp-block-paragraph\">No entanto, os testes de hoje reservaram outra excelente not\u00edcia ao recordista de GPs da F1: foram nada menos que 130 voltas percorridas no circuito bareinita, equivalente a aproximadamente 703,5 km. Em outras palavras, quase a dist\u00e2ncia de duas corridas e meia da categoria. \u00a0<\/p>\n\n\n\n<p class=\"wp-block-paragraph\">\u201cFoi um bom dia para n\u00f3s, com muitas voltas conclu\u00eddas\u201d, destacou Alonso. \u201cExatamente o que voc\u00ea precisa em um carro novo. T\u00ednhamos um programa cheio e tentamos muitas coisas diferentes. Agora me sinto mais apto e mais afiado antes da pr\u00f3xima semana [do GP do Bahrein], que ser\u00e1 minha primeira corrida com a Aston Martin e estou muito animado com isso\u201d, finalizou.<\/p>\n\n\n\n<p class=\"wp-block-paragraph\"><strong>\u25b6\ufe0f&nbsp;Inscreva-se nos dois canais do GRANDE PR\u00caMIO no YouTube:&nbsp;<a href=\"https:\/\/www.youtube.com\/channel\/UC9OlHEgxoaY6QY6nWPoiqQg?sub_confirmation=1\" target=\"_blank\" rel=\"noreferrer noopener\">GP<\/a>&nbsp;|&nbsp;<a href=\"https:\/\/www.youtube.com\/channel\/UC9csiS6q_C3C0FYhyr1rnFA?sub_confirmation=1\" target=\"_blank\" rel=\"noreferrer noopener\">GP2<\/a><\/strong><\/p>\n\n\n\n<figure class=\"wp-block-image size-large\"><img decoding=\"async\" src=\"https:\/\/www.grandepremio.com\/br\/wp-content\/uploads\/2023\/02\/astonmartin-fernandoalonso-04-1024x683.jpg\" alt=\"\" class=\"wp-image-654751\"\/><figcaption>Prestes a iniciar 20\u00aa temporada na F1, Alonso se sente cada vez mais confort\u00e1vel com a nova equipe (Foto: Aston Martin)<\/figcaption><\/figure>\n\n\n\n<p class=\"wp-block-paragraph\"><strong>\u25b6\ufe0f&nbsp;<a href=\"https:\/\/www.twitch.tv\/grandepremio\" target=\"_blank\" rel=\"noreferrer noopener\" class=\"ek-link\">Conhe\u00e7a o canal do GRANDE PR\u00caMIO na Twitch clicando aqui!<\/a><\/strong><\/p>\n\n\n\n<p class=\"wp-block-paragraph\">No total, ao longo dos dois dias de testes em Sakhir, o campe\u00e3o das temporadas 2005 e 2006 percorreu 190 voltas<strong> <\/strong>\u2013 quase 1.209 km. \u00c0 frente, apenas Max Verstappen, da Red Bull, e Logan Sargeant, da Williams: respectivamente com 204 e 229 voltas.<\/p>\n\n\n\n<p class=\"wp-block-paragraph\">&#8220;Depois de um longo inverno [no hemisf\u00e9rio norte], \u00e9 importante obter uma boa quilometragem logo no in\u00edcio, e n\u00e3o h\u00e1 melhor treinamento do que pilotar um carro de F\u00f3rmula 1&#8221;, destacou. &#8220;Estou ansioso para voltar ao carro amanh\u00e3 \u00e0 tarde\u201d, concluiu.<\/p>\n\n\n\n<p class=\"wp-block-paragraph\">Para o chefe da Aston Martin, Mike Krack, a participa\u00e7\u00e3o de Alonso nas sess\u00f5es tr\u00eas e quatro da pr\u00e9-temporada foi extremamente bem-sucedida. &#8220;Fernando completou 130 voltas, o que nos permitiu executar todo o nosso plano de teste e coletar mais dados valiosos&#8221;, garantiu o cartola, que destacou os ajustes feitos no b\u00f3ido a partir do feedback do espanhol.<\/p>\n\n\n\n<p class=\"wp-block-paragraph\">&#8220;Seu feedback foi incrivelmente construtivo e as mudan\u00e7as que implementamos durante a noite foram bem recebidas&#8221;, garantiu o dirigente ex-BMW.<\/p>\n\n\n\n<p class=\"wp-block-paragraph\"><strong><a href=\"https:\/\/www.grandepremio.com\/br\/f1\/noticias\/aston-martin-confirma-felipe-drugovich-fernando-alonso-ultimo-dia-testes-formula-1-bahrein\/\" class=\"ek-link\">Alonso vai retornar ao cockpit do AMR23 na tarde deste s\u00e1bado (25)<\/a><\/strong>. Pela manh\u00e3, a condu\u00e7\u00e3o ficar\u00e1 com o brasileiro Felipe Drugovich, que n\u00e3o participou das sess\u00f5es desta ter\u00e7a-feira (24).<\/p>\n","protected":false},"excerpt":{"rendered":"<p>Espanhol completou 130 voltas nesta sexta-feira (24) e se mostra cada vez mais adaptado ao novo modelo AMR23 da Aston Martin<\/p>\n","protected":false},"author":0,"featured_media":1000654866,"comment_status":"closed","ping_status":"closed","sticky":false,"template":"","format":"standard","meta":{"42wp_featured_image_caption":"","42wp_featured_image_credits":"","42wp_featured_video":"","42wp_featured_image_hidden":false,"42wp_authors_list":[],"footnotes":""},"categories":[2],"tags":[],"42wp_author":[47152],"class_list":["post-105330","post","type-post","status-publish","format-standard","has-post-thumbnail","hentry","category-f1","42wp_author-rafael-ligeiro"],"_links":{"self":[{"href":"https:\/\/grandepremio.com\/br\/wp-json\/wp\/v2\/posts\/105330","targetHints":{"allow":["GET"]}}],"collection":[{"href":"https:\/\/grandepremio.com\/br\/wp-json\/wp\/v2\/posts"}],"about":[{"href":"https:\/\/grandepremio.com\/br\/wp-json\/wp\/v2\/types\/post"}],"replies":[{"embeddable":true,"href":"https:\/\/grandepremio.com\/br\/wp-json\/wp\/v2\/comments?post=105330"}],"version-history":[{"count":0,"href":"https:\/\/grandepremio.com\/br\/wp-json\/wp\/v2\/posts\/105330\/revisions"}],"wp:featuredmedia":[{"embeddable":true,"href":"https:\/\/grandepremio.com\/br\/wp-json\/wp\/v2\/media\/1000654866"}],"wp:attachment":[{"href":"https:\/\/grandepremio.com\/br\/wp-json\/wp\/v2\/media?parent=105330"}],"wp:term":[{"taxonomy":"category","embeddable":true,"href":"https:\/\/grandepremio.com\/br\/wp-json\/wp\/v2\/categories?post=105330"},{"taxonomy":"post_tag","embeddable":true,"href":"https:\/\/grandepremio.com\/br\/wp-json\/wp\/v2\/tags?post=105330"},{"taxonomy":"42wp_author","embeddable":true,"href":"https:\/\/grandepremio.com\/br\/wp-json\/wp\/v2\/42wp_author?post=105330"}],"curies":[{"name":"wp","href":"https:\/\/api.w.org\/{rel}","templated":true}]}}