{"id":105335,"date":"2023-02-24T17:49:56","date_gmt":"2023-02-24T20:49:56","guid":{"rendered":"https:\/\/grandepremio.com\/br\/noticias\/carlos-sainz-aprova-desempenho-ferrari-segundo-dia-testes-muito-tranquilo\/"},"modified":"2023-02-24T18:14:28","modified_gmt":"2023-02-24T21:14:28","slug":"carlos-sainz-aprova-desempenho-ferrari-segundo-dia-testes-muito-tranquilo","status":"publish","type":"post","link":"https:\/\/grandepremio.com\/br\/f1\/carlos-sainz-aprova-desempenho-ferrari-segundo-dia-testes-muito-tranquilo\/","title":{"rendered":"Sainz aprova desempenho da Ferrari no segundo dia de testes: \u201cMuito tranquilo\u201d"},"content":{"rendered":"\n<p class=\"wp-block-paragraph\"><a href=\"https:\/\/www.grandepremio.com\/br\/f1\/noticias\/guanyu-zhou-bate-max-verstappen-dia-2-testes-f1-2023-bahrein-george-russell-quebra\/\" class=\"ek-link\">Sexto colocado no segundo dia de testes da F\u00f3rmula 1 no circuito de Sakhir<\/a>, no <strong>Bahrein<\/strong>, <strong>Carlos Sainz <\/strong>se mostrou satisfeito com a performance da SF-23 nesta sexta-feira (24). \u201cSuave, muito tranquilo para ser honesto\u201d, definiu o vencedor da GP da Inglaterra do ano passado.<\/p>\n\n\n\n<p class=\"wp-block-paragraph\">Partindo para a terceira temporada pela Ferrari, o espanhol n\u00e3o hesitou em destacar a semelhan\u00e7a do monoposto de 2023 em rela\u00e7\u00e3o ao antecessor, a F1-75. \u201c[O carro] Parece uma evolu\u00e7\u00e3o do ano passado\u201d, destacou. \u201cHonestamente, muito semelhante ao pilotar, e n\u00e3o houve grandes mudan\u00e7as acontecendo no carro ou no conceito, ent\u00e3o tentamos melhorar a boa base que tivemos no ano passado\u201d, concluiu.<\/p>\n\n\n\n<p class=\"wp-block-paragraph\">Nesse sentido, em dois dias de testes, o quinto colocado no campeonato de 2022 completou nada menos que 142 voltas no circuito barenita, equivalente a 768,5 km \u2013 quase duas provas e meia de F1. Ali\u00e1s, sequ\u00eancia que buscava desde a pr\u00e9-temporada passada.<\/p>\n\n\n\n<figure class=\"wp-block-image size-large\"><img decoding=\"async\" src=\"https:\/\/www.grandepremio.com\/br\/wp-content\/uploads\/2023\/02\/000_339U6NF-1024x683.jpg\" alt=\"\" class=\"wp-image-654196\" \/><figcaption>Espanhol classificou como &#8220;suave&#8221; o segundo dia de testes no Bahrein  (Foto: Giuseppe CACACE \/ AFP)<\/figcaption><\/figure>\n\n\n\n<p class=\"wp-block-paragraph\"><strong>\u25b6\ufe0f&nbsp;Inscreva-se nos dois canais do GRANDE PR\u00caMIO no YouTube:&nbsp;<a href=\"https:\/\/www.youtube.com\/channel\/UC9OlHEgxoaY6QY6nWPoiqQg?sub_confirmation=1\" target=\"_blank\" rel=\"noreferrer noopener\">GP<\/a>&nbsp;|&nbsp;<a href=\"https:\/\/www.youtube.com\/channel\/UC9csiS6q_C3C0FYhyr1rnFA?sub_confirmation=1\" target=\"_blank\" rel=\"noreferrer noopener\">GP2<\/a><\/strong><\/p>\n\n\n\n<p class=\"wp-block-paragraph\"><strong>\u25b6\ufe0f&nbsp;<a href=\"https:\/\/www.twitch.tv\/grandepremio\" target=\"_blank\" rel=\"noreferrer noopener\" class=\"ek-link\">Conhe\u00e7a o canal do GRANDE PR\u00caMIO na Twitch clicando aqui!<\/a><\/strong><\/p>\n\n\n\n<p class=\"wp-block-paragraph\">\u201c[Estou] Muito feliz com a forma como fomos capazes de correr, com a quantidade de testes que conseguimos fazer nos primeiros dias \u2013 explorando os limites de o acerto, tentando colocar o carro em lugares diferentes e aprendendo muito com isso\u201d, garantiu. <strong>\u201cEra uma meta que eu tinha no ano passado <\/strong>e n\u00e3o consegui fazer, e, at\u00e9 agora, estou conseguindo\u201d, complementou.<\/p>\n\n\n\n<p class=\"wp-block-paragraph\">Respons\u00e1vel por pilotar a Ferrari na manh\u00e3 desta sexta-feira (24), Sainz cravou 1m32s486 na melhor volta. <a href=\"https:\/\/www.grandepremio.com\/br\/f1\/noticias\/max-verstappen-confirma-lideranca-primeiro-dia-testes-formula-1-bahrein\/\" class=\"ek-link\">Assim como na quinta-feira (23)<\/a>, o espanhol deixou o companheiro de equipe C<strong>harles Leclerc<\/strong> para tr\u00e1s na classifica\u00e7\u00e3o \u2013 o monegasco terminou em oitavo lugar.<\/p>\n\n\n\n<p class=\"wp-block-paragraph\">Para o terceiro e \u00faltimo dia de testes da pr\u00e9-temporada de 2023, a Ferrari decidiu inverter a ordem de pilotos na pista. Sainz assumir\u00e1 o volante da SF-23 na sess\u00e3o a ser realizada \u00e0 tarde, enquanto Leclerc comandar\u00e1 o carro nos testes da manh\u00e3.<\/p>\n","protected":false},"excerpt":{"rendered":"<p>Ap\u00f3s completar 140 voltas em dois dias de testes, Carlos Sainz aprova carro e possibilidade de acumular grande quilometragem com SF-23<\/p>\n","protected":false},"author":0,"featured_media":1000654868,"comment_status":"closed","ping_status":"closed","sticky":false,"template":"","format":"standard","meta":{"42wp_featured_image_caption":"","42wp_featured_image_credits":"","42wp_featured_video":"","42wp_featured_image_hidden":false,"42wp_authors_list":[],"footnotes":""},"categories":[2],"tags":[],"42wp_author":[47152],"class_list":["post-105335","post","type-post","status-publish","format-standard","has-post-thumbnail","hentry","category-f1","42wp_author-rafael-ligeiro"],"_links":{"self":[{"href":"https:\/\/grandepremio.com\/br\/wp-json\/wp\/v2\/posts\/105335","targetHints":{"allow":["GET"]}}],"collection":[{"href":"https:\/\/grandepremio.com\/br\/wp-json\/wp\/v2\/posts"}],"about":[{"href":"https:\/\/grandepremio.com\/br\/wp-json\/wp\/v2\/types\/post"}],"replies":[{"embeddable":true,"href":"https:\/\/grandepremio.com\/br\/wp-json\/wp\/v2\/comments?post=105335"}],"version-history":[{"count":0,"href":"https:\/\/grandepremio.com\/br\/wp-json\/wp\/v2\/posts\/105335\/revisions"}],"wp:featuredmedia":[{"embeddable":true,"href":"https:\/\/grandepremio.com\/br\/wp-json\/wp\/v2\/media\/1000654868"}],"wp:attachment":[{"href":"https:\/\/grandepremio.com\/br\/wp-json\/wp\/v2\/media?parent=105335"}],"wp:term":[{"taxonomy":"category","embeddable":true,"href":"https:\/\/grandepremio.com\/br\/wp-json\/wp\/v2\/categories?post=105335"},{"taxonomy":"post_tag","embeddable":true,"href":"https:\/\/grandepremio.com\/br\/wp-json\/wp\/v2\/tags?post=105335"},{"taxonomy":"42wp_author","embeddable":true,"href":"https:\/\/grandepremio.com\/br\/wp-json\/wp\/v2\/42wp_author?post=105335"}],"curies":[{"name":"wp","href":"https:\/\/api.w.org\/{rel}","templated":true}]}}