{"id":105345,"date":"2023-02-24T13:00:00","date_gmt":"2023-02-24T16:00:00","guid":{"rendered":"https:\/\/grandepremio.com\/br\/noticias\/briefing-faz-analise-completa-segundo-dia-testes-coletivos-formula-1-bahrein\/"},"modified":"2023-02-24T12:22:29","modified_gmt":"2023-02-24T15:22:29","slug":"briefing-faz-analise-completa-segundo-dia-testes-coletivos-formula-1-bahrein","status":"publish","type":"post","link":"https:\/\/grandepremio.com\/br\/f1\/briefing-faz-analise-completa-segundo-dia-testes-coletivos-formula-1-bahrein\/","title":{"rendered":"Briefing faz an\u00e1lise completa do segundo dia de testes coletivos da F\u00f3rmula 1 no Bahrein"},"content":{"rendered":"\n<p class=\"wp-block-paragraph\">Ap\u00f3s um dia comandado por <strong>Max Verstappen<\/strong>, a<strong> F\u00f3rmula 1<\/strong> voltou ao circuito de <strong>Sakhir <\/strong>para o segundo dia dos testes coletivas da <strong>F\u00f3rmula 1<\/strong> \u2014 e sem <strong>Felipe Drugovich<\/strong>. O brasileiro esteve na pista ontem, mas a <strong>Aston Martin<\/strong> decidiu testar o <strong>AMR23 <\/strong>apenas com<strong> Fernando Alonso<\/strong> nesta sexta-feira (24). No entanto, Drugovich foi confirmado para amanh\u00e3, ao lado do espanhol novamente.<\/p>\n\n\n\n<p class=\"wp-block-paragraph\">O brasileiro assumiu o volante do&nbsp;<strong>AMR23<\/strong>&nbsp;no lugar de&nbsp;<strong><a href=\"https:\/\/www.grandepremio.com\/br\/piloto\/lance-stroll\/\" target=\"_blank\" rel=\"noreferrer noopener\">Lance Stroll<\/a><\/strong>, que se machucou andando de bicicleta e, segundo informa\u00e7\u00f5es da TV espanhola DAZN, detentora dos direitos de transmiss\u00e3o da&nbsp;<a href=\"https:\/\/www.grandepremio.com\/formula-1\/\" target=\"_blank\" rel=\"noreferrer noopener\">F1&nbsp;<\/a>na&nbsp;<a href=\"https:\/\/es.grandepremio.com\/\" target=\"_blank\" rel=\"noreferrer noopener\">Espanha<\/a>, precisou passar por cirurgia. A evolu\u00e7\u00e3o do quadro de Stroll \u00e9 que vai determinar se Drugovich ser\u00e1 ou n\u00e3o escalado para a etapa de abertura, na pr\u00f3xima semana.<\/p>\n\n\n\n<p class=\"wp-block-paragraph\"><strong>\u25b6\ufe0f&nbsp;Inscreva-se nos dois canais do GRANDE PR\u00caMIO no YouTube:&nbsp;<a href=\"https:\/\/www.youtube.com\/channel\/UC9OlHEgxoaY6QY6nWPoiqQg?sub_confirmation=1\" target=\"_blank\" rel=\"noreferrer noopener\">GP<\/a>&nbsp;|&nbsp;<a href=\"https:\/\/www.youtube.com\/channel\/UC9csiS6q_C3C0FYhyr1rnFA?sub_confirmation=1\" target=\"_blank\" rel=\"noreferrer noopener\">GP2<\/a><\/strong><br><strong>\u25b6\ufe0f&nbsp;<a href=\"https:\/\/www.twitch.tv\/grandepremio\" target=\"_blank\" rel=\"noreferrer noopener\">Conhe\u00e7a o canal do GRANDE PR\u00caMIO na Twitch clicando aqui!<\/a><\/strong><\/p>\n\n\n\n<p class=\"wp-block-paragraph\">Nas demais equipes, Ferrari assumiu o comando na parte da manh\u00e3, com o estreante <strong>Logan Sargeant<\/strong> e Fernando Alonso, que terminou mais um treinos na parte de cima da tabela \u2014 ambos os pilotos, inclusive, estar\u00e3o na pista o dia inteiro. <strong>Guanyu Zhou e Kevin Magnussen<\/strong> fecham o top-5. <\/p>\n\n\n\n<p class=\"wp-block-paragraph\">Assim que terminar a segunda sess\u00e3o, o&nbsp;<strong>GRANDE PR\u00caMIO&nbsp;<\/strong>entra&nbsp;<strong>AO VIVO&nbsp;<\/strong>com o&nbsp;<strong>BRIEFING<\/strong>&nbsp;no&nbsp;<strong>canal 1&nbsp;<\/strong>do&nbsp;<strong>Youtube<\/strong>, trazendo a an\u00e1lise completa do primeiro dia de testes coletivos para a temporada 2023 da&nbsp;F\u00f3rmula 1.&nbsp;<strong>Victor Martins<\/strong>&nbsp;comanda a atra\u00e7\u00e3o, com coment\u00e1rios de&nbsp;<strong>Evelyn Guimar\u00e3es<\/strong>.<\/p>\n\n\n\n<p class=\"wp-block-paragraph\"><strong>Assista ao programa:<\/strong><\/p>\n\n\n\n<figure class=\"wp-block-embed is-type-video is-provider-youtube wp-block-embed-youtube wp-embed-aspect-16-9 wp-has-aspect-ratio\"><div class=\"wp-block-embed__wrapper\">\n<iframe loading=\"lazy\" title=\"BOMBA: MERCEDES PERDIDA! ZHOU BATE VERSTAPPEN: DIA 2 DA F1 NO BAHREIN | Briefing\" width=\"500\" height=\"281\" src=\"https:\/\/www.youtube.com\/embed\/4H9GDF7mnVE?feature=oembed\" frameborder=\"0\" allow=\"accelerometer; autoplay; clipboard-write; encrypted-media; gyroscope; picture-in-picture; web-share\" referrerpolicy=\"strict-origin-when-cross-origin\" allowfullscreen><\/iframe>\n<\/div><\/figure>\n","protected":false},"excerpt":{"rendered":"<p>Assim que terminar a segunda sess\u00e3o, o\u00a0GRANDE PR\u00caMIO\u00a0entra\u00a0AO VIVO\u00a0com o\u00a0BRIEFING\u00a0no\u00a0canal 1\u00a0do\u00a0Youtube, para analisar tudo sobre o dia 2 de testes<\/p>\n","protected":false},"author":0,"featured_media":1000654920,"comment_status":"closed","ping_status":"closed","sticky":false,"template":"","format":"standard","meta":{"42wp_featured_image_caption":"","42wp_featured_image_credits":"","42wp_featured_video":"","42wp_featured_image_hidden":false,"42wp_authors_list":[],"footnotes":""},"categories":[2],"tags":[1667,147,6533,180,30722,33900,1491,30103,28285,27452,33899,1979],"42wp_author":[47139],"class_list":["post-105345","post","type-post","status-publish","format-standard","has-post-thumbnail","hentry","category-f1","tag-bahrein","tag-f1","tag-f1-2023","tag-formula-1","tag-formula-1-2023","tag-formula-1-testes","tag-grande-premio","tag-grande-premio-f1","tag-grandepremio","tag-pre-temporada-f1","tag-resultados-testes-f1","tag-testes-f1","42wp_author-ana-cerveira"],"_links":{"self":[{"href":"https:\/\/grandepremio.com\/br\/wp-json\/wp\/v2\/posts\/105345","targetHints":{"allow":["GET"]}}],"collection":[{"href":"https:\/\/grandepremio.com\/br\/wp-json\/wp\/v2\/posts"}],"about":[{"href":"https:\/\/grandepremio.com\/br\/wp-json\/wp\/v2\/types\/post"}],"replies":[{"embeddable":true,"href":"https:\/\/grandepremio.com\/br\/wp-json\/wp\/v2\/comments?post=105345"}],"version-history":[{"count":0,"href":"https:\/\/grandepremio.com\/br\/wp-json\/wp\/v2\/posts\/105345\/revisions"}],"wp:featuredmedia":[{"embeddable":true,"href":"https:\/\/grandepremio.com\/br\/wp-json\/wp\/v2\/media\/1000654920"}],"wp:attachment":[{"href":"https:\/\/grandepremio.com\/br\/wp-json\/wp\/v2\/media?parent=105345"}],"wp:term":[{"taxonomy":"category","embeddable":true,"href":"https:\/\/grandepremio.com\/br\/wp-json\/wp\/v2\/categories?post=105345"},{"taxonomy":"post_tag","embeddable":true,"href":"https:\/\/grandepremio.com\/br\/wp-json\/wp\/v2\/tags?post=105345"},{"taxonomy":"42wp_author","embeddable":true,"href":"https:\/\/grandepremio.com\/br\/wp-json\/wp\/v2\/42wp_author?post=105345"}],"curies":[{"name":"wp","href":"https:\/\/api.w.org\/{rel}","templated":true}]}}