{"id":105346,"date":"2023-02-24T12:53:24","date_gmt":"2023-02-24T15:53:24","guid":{"rendered":"https:\/\/grandepremio.com\/br\/noticias\/edoardo-mortara-desbanca-jaguar-lidera-treino-livre-1-formula-e-cidade-do-cabo\/"},"modified":"2023-02-24T17:48:38","modified_gmt":"2023-02-24T20:48:38","slug":"edoardo-mortara-desbanca-jaguar-lidera-treino-livre-1-formula-e-cidade-do-cabo","status":"publish","type":"post","link":"https:\/\/grandepremio.com\/br\/formula-e\/edoardo-mortara-desbanca-jaguar-lidera-treino-livre-1-formula-e-cidade-do-cabo\/","title":{"rendered":"Mortara desbanca Jaguar e lidera treino livre 1 da F\u00f3rmula E na Cidade do Cabo"},"content":{"rendered":"\n<figure class=\"wp-block-embed is-type-video is-provider-youtube wp-block-embed-youtube wp-embed-aspect-16-9 wp-has-aspect-ratio\"><div class=\"wp-block-embed__wrapper\">\n<iframe loading=\"lazy\" title=\"F\u00d3RMULA E 2023 - eP CIDADE DO CABO | 5\u00aa etapa | Treino Livre 1\" width=\"500\" height=\"281\" src=\"https:\/\/www.youtube.com\/embed\/f8aopyEJBYA?feature=oembed\" frameborder=\"0\" allow=\"accelerometer; autoplay; clipboard-write; encrypted-media; gyroscope; picture-in-picture; web-share\" referrerpolicy=\"strict-origin-when-cross-origin\" allowfullscreen><\/iframe>\n<\/div><figcaption>\ud83d\udd34F\u00d3RMULA E 2023 AO VIVO &#8211; eP CIDADE DO CABO | 5\u00aa etapa | Treino Livre 1<\/figcaption><\/figure>\n\n\n\n<p class=\"wp-block-paragraph\">O su\u00ed\u00e7o <strong>Edoardo Mortara<\/strong> iniciou o fim de semana da <strong>F\u00f3rmula E <\/strong>na <strong>\u00c1frica do Sul <\/strong>com a lideran\u00e7a. No treino livre 1, disputado no in\u00edcio da tarde desta sexta-feira (24), o dono do carro #48 cravou 1min09s700 para ficar no topo.<\/p>\n\n\n\n<p class=\"wp-block-paragraph\">O ingl\u00eas <strong>Sam Bird,<\/strong> da <strong>Jaguar<\/strong>, foi o segundo colocado, com tempo de 1min09s858, seguido pelo franc\u00eas <strong>Sacha Fenestraz<\/strong>, da Nissan. O portugu\u00eas <strong>Ant\u00f3nio F\u00e9lix da Costa<\/strong>, da Porsche, foi quarto, seguido pelo ingl\u00eas Dan Ticktum, da NIO, que finalizou o top-5.<\/p>\n\n\n\n<p class=\"wp-block-paragraph\">Companheiro de Ticktum na NIO, o brasileiro <strong>S\u00e9rgio Sette C\u00e2mara<\/strong> ficou na oitava posi\u00e7\u00e3o, com tempo 0s479 mais lento que o do l\u00edder Mortara. O mineiro ficou atr\u00e1s de<strong> Ren\u00e9 Rast e Maximilian G\u00fcnther<\/strong>, mas \u00e0 frente de<strong> Norman Nato e Mitch Evans<\/strong>, que fecharam o top-10.<\/p>\n\n\n\n<p class=\"wp-block-paragraph\">Com problemas de suspens\u00e3o, o brasileiro <strong>Lucas Di Grassi<\/strong>, da Mahindra, foi o 22\u00ba e \u00faltimo colocado, sequer anotando uma volta r\u00e1pida na primeira atividade oficial da F\u00f3rmula E na \u00c1frica do Sul.<\/p>\n\n\n\n<p class=\"wp-block-paragraph\">A F\u00f3rmula E retorna na madrugada deste s\u00e1bado (25), com o segundo treino livre oficial, agendado para 04h05 (de Bras\u00edlia). O <strong>GRANDE PR\u00caMIO<\/strong><a href=\"https:\/\/www.grandepremio.com\/br\/formula-e\/noticias\/grande-premio-estreia-transmissao-formula-e-ep-da-cidade-do-cabo-youtube\/\" class=\"ek-link\"> transmite o<\/a> <strong>eP da Cidade do Cabo<\/strong> e todas as provas da F\u00f3rmula E pelo YouTube.<\/p>\n\n\n\n<p class=\"wp-block-paragraph\"><strong>Saiba como foi o TL1 do eP da Cidade do Cabo de F\u00f3rmula E<\/strong><\/p>\n\n\n\n<p class=\"wp-block-paragraph\">A bandeira verde foi acionada \u00e0s 12h00 (de Bras\u00edlia). Logo com dois minutos de sess\u00e3o, uma bandeira amarela no modo Full Course Yellow foi acionada como teste, e a pista foi rapidamente liberada. Edoardo Mortara assumiu a primeira posi\u00e7\u00e3o, com a Maserati, marcando 1min21s197.<\/p>\n\n\n\n<p class=\"wp-block-paragraph\">A sess\u00e3o acabou interrompida com pouco mais de sete minutos ap\u00f3s acidente de S\u00e9bastien Buemi, que acertou com viol\u00eancia o muro na curva 9. O resgate do carro da Envision durou cerca de 10 minutos, o que for\u00e7ou a dire\u00e7\u00e3o de prova a estender a dura\u00e7\u00e3o da atividade at\u00e9 \u00e0s 12h40 (de Bras\u00edlia).<\/p>\n\n\n\n<p class=\"wp-block-paragraph\"><strong>\u25b6\ufe0f\u00a0Inscreva-se nos dois canais do GRANDE PR\u00caMIO no YouTube:\u00a0<a href=\"https:\/\/www.youtube.com\/channel\/UC9OlHEgxoaY6QY6nWPoiqQg?sub_confirmation=1\" target=\"_blank\" rel=\"noreferrer noopener\">GP<\/a>\u00a0|\u00a0<a href=\"https:\/\/www.youtube.com\/channel\/UC9csiS6q_C3C0FYhyr1rnFA?sub_confirmation=1\" target=\"_blank\" rel=\"noreferrer noopener\">GP2<\/a><\/strong><br><strong>\u25b6\ufe0f\u00a0<a href=\"https:\/\/www.twitch.tv\/grandepremio\" target=\"_blank\" rel=\"noreferrer noopener\">Conhe\u00e7a o canal do GRANDE PR\u00caMIO na Twitch clicando aqui!<\/a><\/strong><\/p>\n\n\n\n<figure class=\"wp-block-video\"><video class=\"video-js vjs-big-play-centered\" data-gp-vjs=\"1\" controls src=\"https:\/\/www.grandepremio.com\/br\/wp-content\/uploads\/2023\/02\/Buemi-acidente.mp4\"><\/video><\/figure>\n\n\n\n<p class=\"wp-block-paragraph\">Eventualmente, o treino livre foi reiniciado com 20 minutos restantes no cron\u00f4metro. Jake Hughes, da McLaren, tomou a primeira posi\u00e7\u00e3o, com 1min13s229, seguido pelo companheiro de equipe Ren\u00e9 Rast.<\/p>\n\n\n\n<p class=\"wp-block-paragraph\">Os tempos seguiram caindo minuto a minuto, com Stoffen Vandoorne assumindo a lideran\u00e7a com 1min11s538, mas ficou pouco tempo, j\u00e1 que Mortara reassumiu a ponta com 1min11s129. A bandeira amarela surgiu novamente com 13 minutos para o fim, agora por lentid\u00e3o de Norman Nato, eventualmente se tornando uma vermelha.<\/p>\n\n\n\n<figure class=\"wp-block-image size-large\"><img decoding=\"async\" src=\"https:\/\/www.grandepremio.com\/br\/wp-content\/uploads\/2023\/02\/image-19-1024x569.png\" alt=\"\" class=\"wp-image-654933\"\/><\/figure>\n\n\n\n<p class=\"wp-block-paragraph\">Com falha na suspens\u00e3o traseira, Lucas Di Grassi sequer anotou volta r\u00e1pida e deixou o carro da Mahindra em uma \u00e1rea de escape. Ap\u00f3s a bandeira vermelha, a pista foi liberada para \u00faltimos cinco minutos de atividade. Mitch Evans era o l\u00edder com 1min10s816. O neozeland\u00eas acabou desbancado pelo companheiro de Jaguar, o ingl\u00eas Sam Bird, com 1min09s858.<\/p>\n\n\n\n<p class=\"wp-block-paragraph\">Nos segundos finais da atividade, Mortara retomou a lideran\u00e7a com 1min09s700, se consolidando como o l\u00edder geral da atividade.<\/p>\n\n\n\n<p class=\"wp-block-paragraph\"><strong>F\u00f3rmula E 2023, eP da Cidade do Cabo, Treino Livre 1<\/strong><\/p>\n\n\n\n<figure class=\"wp-block-table\"><table><tbody><tr><td>1<\/td><td>E MORTARA<\/td><td>Maserati<\/td><td>1:09,700<\/td><td><\/td><\/tr><tr><td>2<\/td><td>S BIRD<\/td><td>Jaguard<\/td><td>1:09,858<\/td><td>0,158<\/td><\/tr><tr><td>3<\/td><td>S FENESTRAZ<\/td><td>Nissan<\/td><td>1:09,887<\/td><td>0,187<\/td><\/tr><tr><td>4<\/td><td>A DA COSTA<\/td><td>Porsche<\/td><td>1:09,994<\/td><td>0,294<\/td><\/tr><tr><td>5<\/td><td>D TICKTUM<\/td><td>NIO<\/td><td>1:10,021<\/td><td>0,321<\/td><\/tr><tr><td>6<\/td><td>R RAST<\/td><td>McLaren<\/td><td>1:10,138<\/td><td>0,438<\/td><\/tr><tr><td>7<\/td><td>M GUNTHER<\/td><td>Maserati<\/td><td>1:10,139<\/td><td>0,439<\/td><\/tr><tr><td>8<\/td><td>S SETTE C\u00c2MARA<\/td><td>NIO<\/td><td>1:10,179<\/td><td>0,479<\/td><\/tr><tr><td>9<\/td><td>N NATO<\/td><td>Nissan<\/td><td>1:10,199<\/td><td>0,499<\/td><\/tr><tr><td>10<\/td><td>M EVANS<\/td><td>Jaguar<\/td><td>1:10,375<\/td><td>0,675<\/td><\/tr><tr><td>11<\/td><td>P WERHLEIN<\/td><td>Porsche<\/td><td>1:10,375<\/td><td>0,675<\/td><\/tr><tr><td>12<\/td><td>N CASSIDY<\/td><td>Envision<\/td><td>1:10,533<\/td><td>0,833<\/td><\/tr><tr><td>13<\/td><td>J HUGHES<\/td><td>McLaren<\/td><td>1:10,684<\/td><td>0,984<\/td><\/tr><tr><td>14<\/td><td>S VANDOORNE<\/td><td>DS Penske<\/td><td>1:10,801<\/td><td>1,101<\/td><\/tr><tr><td>15<\/td><td>J DENNIS<\/td><td>Andretti<\/td><td>1:11,409<\/td><td>1,709<\/td><\/tr><tr><td>16<\/td><td>J VERGNE<\/td><td>DS Penske<\/td><td>1:11,485<\/td><td>1,786<\/td><\/tr><tr><td>17<\/td><td>A LOTTERER<\/td><td>Andretti<\/td><td>1:11,506<\/td><td>1,806<\/td><\/tr><tr><td>18<\/td><td>N MULLER<\/td><td>Abt Cupra<\/td><td>1:11,722<\/td><td>2,022<\/td><\/tr><tr><td>19<\/td><td>O ROWLAND<\/td><td>Mahindra<\/td><td>1:11,955<\/td><td>2,225<\/td><\/tr><tr><td>20<\/td><td>K VAN DER LINDE<\/td><td>Abt Cupra<\/td><td>1:11,991<\/td><td>2,291<\/td><\/tr><tr><td>21<\/td><td>S BUEMI<\/td><td>Envision<\/td><td>1:25,559<\/td><td>15,859<\/td><\/tr><tr><td>22<\/td><td>L DI GRASSI<\/td><td>Mahindra<\/td><td>1:28,390<\/td><td>18,69<\/td><\/tr><\/tbody><\/table><\/figure>\n","protected":false},"excerpt":{"rendered":"<p>Edoardo Mortara abriu o fim de semana da F\u00f3rmula E na \u00c1frica do Sul com a lideran\u00e7a do treino livre 1. S\u00e9rgio Sette C\u00e3mara foi o oitavo colocado<\/p>\n","protected":false},"author":0,"featured_media":1000651017,"comment_status":"closed","ping_status":"closed","sticky":false,"template":"","format":"standard","meta":{"42wp_featured_image_caption":"","42wp_featured_image_credits":"","42wp_featured_video":"","42wp_featured_image_hidden":false,"42wp_authors_list":[],"footnotes":""},"categories":[19],"tags":[25314,33214,28679,6853,949,31020,379,30779,840,31435,1601,1491,30103,28285,910,8870,909,976,1707],"42wp_author":[47119],"class_list":["post-105346","post","type-post","status-publish","format-standard","has-post-thumbnail","hentry","category-formula-e","tag-africa-do-sul","tag-calendario-fe","tag-calendario-formula-e","tag-classificacao-formula-e","tag-edoardo-mortara","tag-ep-da-cidade-do-cabo","tag-fe","tag-fe-2023","tag-formula-e","tag-formula-e-2023","tag-gen3","tag-grande-premio","tag-grande-premio-f1","tag-grandepremio","tag-jaguar","tag-maserati","tag-mitch-evans","tag-sam-bird","tag-tl1","42wp_author-gabriel-carvalho"],"_links":{"self":[{"href":"https:\/\/grandepremio.com\/br\/wp-json\/wp\/v2\/posts\/105346","targetHints":{"allow":["GET"]}}],"collection":[{"href":"https:\/\/grandepremio.com\/br\/wp-json\/wp\/v2\/posts"}],"about":[{"href":"https:\/\/grandepremio.com\/br\/wp-json\/wp\/v2\/types\/post"}],"replies":[{"embeddable":true,"href":"https:\/\/grandepremio.com\/br\/wp-json\/wp\/v2\/comments?post=105346"}],"version-history":[{"count":0,"href":"https:\/\/grandepremio.com\/br\/wp-json\/wp\/v2\/posts\/105346\/revisions"}],"wp:featuredmedia":[{"embeddable":true,"href":"https:\/\/grandepremio.com\/br\/wp-json\/wp\/v2\/media\/1000651017"}],"wp:attachment":[{"href":"https:\/\/grandepremio.com\/br\/wp-json\/wp\/v2\/media?parent=105346"}],"wp:term":[{"taxonomy":"category","embeddable":true,"href":"https:\/\/grandepremio.com\/br\/wp-json\/wp\/v2\/categories?post=105346"},{"taxonomy":"post_tag","embeddable":true,"href":"https:\/\/grandepremio.com\/br\/wp-json\/wp\/v2\/tags?post=105346"},{"taxonomy":"42wp_author","embeddable":true,"href":"https:\/\/grandepremio.com\/br\/wp-json\/wp\/v2\/42wp_author?post=105346"}],"curies":[{"name":"wp","href":"https:\/\/api.w.org\/{rel}","templated":true}]}}