{"id":105357,"date":"2023-02-24T06:00:00","date_gmt":"2023-02-24T09:00:00","guid":{"rendered":"https:\/\/grandepremio.com\/br\/noticias\/sergio-sette-camara-desafio-diz-pista-cidade-do-cabo-muito-diferente-de-tudo\/"},"modified":"2023-02-24T18:21:35","modified_gmt":"2023-02-24T21:21:35","slug":"sergio-sette-camara-desafio-diz-pista-cidade-do-cabo-muito-diferente-de-tudo","status":"publish","type":"post","link":"https:\/\/grandepremio.com\/br\/formula-e\/sergio-sette-camara-desafio-diz-pista-cidade-do-cabo-muito-diferente-de-tudo\/","title":{"rendered":"Sette C\u00e2mara v\u00ea desafio e diz que pista da Cidade do Cabo \u00e9 &#8220;muito diferente de tudo&#8221;"},"content":{"rendered":"\n<p class=\"wp-block-paragraph\">A <strong>F\u00f3rmula E<\/strong> desembarca esse fim de semana na <strong>Cidade do Cabo<\/strong>, que marca a estreia da <strong>\u00c1frica do Sul<\/strong> no calend\u00e1rio.<strong> <\/strong>Embalado <a href=\"https:\/\/www.grandepremio.com\/br\/formula-e\/noticias\/jean-eric-vergne-surpreende-sam-bird-implode-jaguar-cotacao-fe-hyderabad\/\" class=\"ek-link\">ap\u00f3s o quinto lugar conquistado em Hyderabad<\/a> com a NIO<strong>, S\u00e9rgio Sette C\u00e2mara<\/strong> falou sobre a experi\u00eancia em novos tra\u00e7ados e destacou que a pista africana apresenta um desafio ainda maior por conta da alta velocidade.<\/p>\n\n\n\n<p class=\"wp-block-paragraph\">&#8220;\u00c9 um dos circuitos de maior velocidade que a gente tem, pelo menos as curvas aqui tem um perfil de alt\u00edssima velocidade, mais at\u00e9 do que Diriyah, mas l\u00e1 \u00e9 uma pista super plana. Aqui a gente tem v\u00e1rias ondula\u00e7\u00f5es, o piso \u00e9 imperfeito. Ent\u00e3o, isso acaba desestabilizando o carro e numa curva de alta velocidade, isso n\u00e3o \u00e9 a sensa\u00e7\u00e3o mais confort\u00e1vel do mundo. Ent\u00e3o vai ter que fazer de forma controlada\u201d, analisou S\u00e9rgio.<\/p>\n\n\n\n<p class=\"wp-block-paragraph\">O brasileiro tamb\u00e9m apontou a import\u00e2ncia de encontrar logo o acerto ideal do carro, destacando a precis\u00e3o e a efici\u00eancia necess\u00e1ria em um novo tra\u00e7ado. \u201cParece bem diferente de tudo que a gente viu. \u00c9 uma pista dif\u00edcil, ent\u00e3o a gente vai ter que ser bem preciso com as mudan\u00e7as do set-up do carro e com a quantidade de risco que a gente toma na pista\u201d, disse.<\/p>\n\n\n\n<figure class=\"wp-block-image aligncenter size-large\"><img decoding=\"async\" src=\"https:\/\/www.grandepremio.com\/br\/wp-content\/uploads\/2023\/02\/EPS904_121155_V6A8902-2048x2048-1-1024x683.jpg\" alt=\"\" class=\"wp-image-651851\"\/><figcaption>Na corrida anterior, Sette C\u00e2mara marcou o qu\u00edntuplo de pontos da temporada inteira em 2022 (Foto: F\u00f3rmula E)\n<\/figcaption><\/figure>\n\n\n\n<p class=\"wp-block-paragraph\"><strong>\u25b6\ufe0f&nbsp;Inscreva-se nos dois canais do GRANDE PR\u00caMIO no YouTube:&nbsp;<a href=\"https:\/\/www.youtube.com\/channel\/UC9OlHEgxoaY6QY6nWPoiqQg?sub_confirmation=1\" target=\"_blank\" rel=\"noreferrer noopener\">GP<\/a>&nbsp;|&nbsp;<a href=\"https:\/\/www.youtube.com\/channel\/UC9csiS6q_C3C0FYhyr1rnFA?sub_confirmation=1\" target=\"_blank\" rel=\"noreferrer noopener\">GP2<\/a><\/strong><br><strong>\u25b6\ufe0f&nbsp;<a href=\"https:\/\/www.twitch.tv\/grandepremio\" target=\"_blank\" rel=\"noreferrer noopener\">Conhe\u00e7a o canal do GRANDE PR\u00caMIO na Twitch clicando aqui!<\/a><\/strong><\/p>\n\n\n\n<p class=\"wp-block-paragraph\">\u201cQualquer errinho vai te colocar para tr\u00e1s no final de semana. Ent\u00e3o, trabalhar de forma eficiente, encontrar logo o set-up certo do carro, encontrar logo os pontos de refer\u00eancia na pilotagem e na pista, acho que vai diferenciar um bom final de semana de um final de semana ruim&#8221;, acrescentou o piloto.<\/p>\n\n\n\n<p class=\"wp-block-paragraph\">Com o circuito novo, <strong>Sette C\u00e2mara<\/strong> tamb\u00e9m contou no que difere a prepara\u00e7\u00e3o em rela\u00e7\u00e3o a de um fim de semana em um lugar j\u00e1 conhecido pelos pilotos e equipes da <strong>F\u00f3rmula E<\/strong>. &#8220;A prepara\u00e7\u00e3o no final de semana de uma corrida acaba sendo bem parecida. O que mais muda \u00e9 quando uma pista \u00e9 nova. Quando voc\u00ea j\u00e1 conhece a pista, voc\u00ea chega no simulador, j\u00e1 d\u00e1 primeira e a segunda volta produzindo bastante, criando dados de alta qualidade, porque voc\u00ea j\u00e1 tem todos os pontos de refer\u00eancia, a equipe j\u00e1 conhece, ent\u00e3o o setup que vai pro simulador j\u00e1 \u00e9 aquele setup correto, o piloto j\u00e1 n\u00e3o j\u00e1 n\u00e3o comete erros desde o in\u00edcio\u201d, contou o mineiro.<\/p>\n\n\n\n<p class=\"wp-block-paragraph\">\u201cQuando a pista \u00e9 nova demora duas, tr\u00eas horas at\u00e9 o piloto estar guiando da forma certa, a equipe colocar as configura\u00e7\u00f5es certas, ent\u00e3o a gente precisa estender um pouco mais a prepara\u00e7\u00e3o quando a pista \u00e9 nova, como \u00e9 aqui na <strong>Cidade do Cabo<\/strong>. Mas o fato de ser uma, duas corridas, n\u00e3o altera muito&#8221;, finalizou.<\/p>\n\n\n\n<p class=\"wp-block-paragraph\">O fim de semana da F\u00f3rmula E na Cidade do Cabo come\u00e7a nessa sexta (24) com o <strong>TL1 <\/strong>a partir das <strong>12h<\/strong>. J\u00e1 no dia seguinte, \u00e0s <strong>4h05<\/strong>, acontece o <strong>TL2<\/strong>, e a classifica\u00e7\u00e3o est\u00e1 prevista para \u00e0s <strong>6h40<\/strong>. Por fim, a corrida come\u00e7a \u00e0s 11h e todas as atividades ser\u00e3o <a href=\"https:\/\/www.grandepremio.com\/br\/formula-e\/noticias\/grande-premio-estreia-transmissao-formula-e-ep-da-cidade-do-cabo-youtube\/\" class=\"ek-link\">transmitidas pelo YouTube do <strong>GRANDE PR\u00caMIO<\/strong><\/a><strong>, <\/strong>com a cobertura completa tamb\u00e9m no site.<\/p>\n","protected":false},"excerpt":{"rendered":"<p>A F\u00f3rmula E faz seu primeiro fim de semana da hist\u00f3ria na Cidade do Cabo, e S\u00e9rgio Sette C\u00e2mara destacou a alta velocidade que o tra\u00e7ado oferece, al\u00e9m da import\u00e2ncia da precis\u00e3o com os ajustes do carro<\/p>\n","protected":false},"author":0,"featured_media":1000650926,"comment_status":"closed","ping_status":"closed","sticky":false,"template":"","format":"standard","meta":{"42wp_featured_image_caption":"","42wp_featured_image_credits":"","42wp_featured_video":"","42wp_featured_image_hidden":false,"42wp_authors_list":[],"footnotes":""},"categories":[19],"tags":[22914,31020,379,840,1491,375,1025,1195],"42wp_author":[47150],"class_list":["post-105357","post","type-post","status-publish","format-standard","has-post-thumbnail","hentry","category-formula-e","tag-cidade-do-cabo","tag-ep-da-cidade-do-cabo","tag-fe","tag-formula-e","tag-grande-premio","tag-nio","tag-sergio-sette-camara","tag-sette-camara","42wp_author-carol-sales"],"_links":{"self":[{"href":"https:\/\/grandepremio.com\/br\/wp-json\/wp\/v2\/posts\/105357","targetHints":{"allow":["GET"]}}],"collection":[{"href":"https:\/\/grandepremio.com\/br\/wp-json\/wp\/v2\/posts"}],"about":[{"href":"https:\/\/grandepremio.com\/br\/wp-json\/wp\/v2\/types\/post"}],"replies":[{"embeddable":true,"href":"https:\/\/grandepremio.com\/br\/wp-json\/wp\/v2\/comments?post=105357"}],"version-history":[{"count":0,"href":"https:\/\/grandepremio.com\/br\/wp-json\/wp\/v2\/posts\/105357\/revisions"}],"wp:featuredmedia":[{"embeddable":true,"href":"https:\/\/grandepremio.com\/br\/wp-json\/wp\/v2\/media\/1000650926"}],"wp:attachment":[{"href":"https:\/\/grandepremio.com\/br\/wp-json\/wp\/v2\/media?parent=105357"}],"wp:term":[{"taxonomy":"category","embeddable":true,"href":"https:\/\/grandepremio.com\/br\/wp-json\/wp\/v2\/categories?post=105357"},{"taxonomy":"post_tag","embeddable":true,"href":"https:\/\/grandepremio.com\/br\/wp-json\/wp\/v2\/tags?post=105357"},{"taxonomy":"42wp_author","embeddable":true,"href":"https:\/\/grandepremio.com\/br\/wp-json\/wp\/v2\/42wp_author?post=105357"}],"curies":[{"name":"wp","href":"https:\/\/api.w.org\/{rel}","templated":true}]}}