{"id":105360,"date":"2023-02-24T04:08:59","date_gmt":"2023-02-24T07:08:59","guid":{"rendered":"https:\/\/grandepremio.com\/br\/noticias\/mclaren-nega-falha-ve-atrasos-primeiro-dia-testes-medidas-preventivas\/"},"modified":"2023-02-24T04:09:59","modified_gmt":"2023-02-24T07:09:59","slug":"mclaren-nega-falha-ve-atrasos-primeiro-dia-testes-medidas-preventivas","status":"publish","type":"post","link":"https:\/\/grandepremio.com\/br\/f1\/mclaren-nega-falha-ve-atrasos-primeiro-dia-testes-medidas-preventivas\/","title":{"rendered":"McLaren nega falha e v\u00ea atrasos no primeiro dia de testes como \u201cmedidas preventivas\u201d"},"content":{"rendered":"\n<p class=\"wp-block-paragraph\">Chefe da <strong>McLaren<\/strong>, <strong>Andrea Stella <\/strong>negou que os atrasos que marcaram o pequeno dia de trabalho no <strong>Bahrein <\/strong>tenham sido causados por falhas no carro. De acordo com o dirigente, a delonga foi causada por \u201cmedidas preventivas\u201d que a equipe adotou pensando evitar problemas futuros.<\/p>\n\n\n\n<p class=\"wp-block-paragraph\">No primeiro dia em <strong>Sakhir<\/strong>, a McLaren ficou na lanterna no quesito quilometragem, com pouco mais de 100 voltas. Stella garante, contudo, que o n\u00famero de giros n\u00e3o foi reflexo de falhas, mas sim de uma estrat\u00e9gia da equipe.<\/p>\n\n\n\n<figure class=\"wp-block-image size-large\"><img decoding=\"async\" src=\"https:\/\/www.grandepremio.com\/br\/wp-content\/uploads\/2023\/02\/mclaren-landonorris-01-1024x576.jpg\" alt=\"\" class=\"wp-image-654279\"\/><figcaption>Lando Norris ficou bastante tempo preso nos boxes com os mec\u00e2nicos mexendo no carro (Foto: F1\/Reprodu\u00e7\u00e3o)<\/figcaption><\/figure>\n\n\n\n<p class=\"wp-block-paragraph\"><strong>\u25b6\ufe0f\u00a0Inscreva-se nos dois canais do GRANDE PR\u00caMIO no YouTube:\u00a0<a href=\"https:\/\/www.youtube.com\/channel\/UC9OlHEgxoaY6QY6nWPoiqQg?sub_confirmation=1\" target=\"_blank\" rel=\"noreferrer noopener\">GP<\/a>\u00a0|\u00a0<a href=\"https:\/\/www.youtube.com\/channel\/UC9csiS6q_C3C0FYhyr1rnFA?sub_confirmation=1\" target=\"_blank\" rel=\"noreferrer noopener\">GP2<\/a><\/strong><br><strong>\u25b6\ufe0f\u00a0<a href=\"https:\/\/www.twitch.tv\/grandepremio\" target=\"_blank\" rel=\"noreferrer noopener\">Conhe\u00e7a o canal do GRANDE PR\u00caMIO na Twitch clicando aqui!<\/a><\/strong><\/p>\n\n\n\n<p class=\"wp-block-paragraph\">\u201cApesar de alguns pequenos problemas, que s\u00e3o comuns em teste, coletamos muitas informa\u00e7\u00f5es e conseguimos completar muitos itens de testes\u201d, disse Stella. \u201cTivemos alguns pequenos atrasos causados pela equipe querer refor\u00e7ar a estrutura em alguns lugares para evitar falhas\u201d, seguiu.<\/p>\n\n\n\n<p class=\"wp-block-paragraph\">\u201cForam medidas preventivas, mas achamos que foram \u00fateis para garantir que pud\u00e9ssemos rodar com seguran\u00e7a e confiabilidade no restante do dia\u201d, justificou. \u201cNo geral, foi um dia positivo. Esperamos continuar assim no segundo e terceiro dias, para que estejamos prontos para a primeira corrida\u201d, completou.<\/p>\n\n\n\n<p class=\"wp-block-paragraph\">O&nbsp;<strong>GRANDE PR\u00caMIO<\/strong>&nbsp;acompanha todas as atividades dos testes coletivos de pr\u00e9-temporada da&nbsp;<a href=\"https:\/\/www.grandepremio.com\/formula-1\/\" target=\"_blank\" rel=\"noreferrer noopener\">F1&nbsp;<\/a><a href=\"https:\/\/www.grandepremio.com\/br\/ao-vivo\/\"><strong>AO VIVO<\/strong>&nbsp;e&nbsp;<strong>EM&nbsp;<\/strong><\/a><strong><a href=\"https:\/\/www.grandepremio.com\/br\/ao-vivo\/\" target=\"_blank\" rel=\"noreferrer noopener\">TEMPO REAL<\/a><\/strong>.<\/p>\n\n\n\n<figure class=\"wp-block-embed is-type-video is-provider-youtube wp-block-embed-youtube wp-embed-aspect-16-9 wp-has-aspect-ratio\"><div class=\"wp-block-embed__wrapper\">\n<iframe loading=\"lazy\" title=\"VERSTAPPEN 1\u00ba, ALONSO 2\u00ba, DRUGOVICH 14\u00ba: DIA 1 DA F1 NO BAHREIN | Briefing\" width=\"500\" height=\"281\" src=\"https:\/\/www.youtube.com\/embed\/p0s4hbP5gNc?feature=oembed\" frameborder=\"0\" allow=\"accelerometer; autoplay; clipboard-write; encrypted-media; gyroscope; picture-in-picture; web-share\" referrerpolicy=\"strict-origin-when-cross-origin\" allowfullscreen><\/iframe>\n<\/div><\/figure>\n","protected":false},"excerpt":{"rendered":"<p>Chefe da equipe de Woking, Andrea Stella afirmou que o primeiro dia de testes no Bahrein foi marcado por \u201cpequenos atrasos\u201d resultantes de medidas preventivas adotadas para \u201crefor\u00e7ar a estrutura\u201d<\/p>\n","protected":false},"author":0,"featured_media":1000654354,"comment_status":"closed","ping_status":"closed","sticky":false,"template":"","format":"standard","meta":{"42wp_featured_image_caption":"","42wp_featured_image_credits":"","42wp_featured_video":"","42wp_featured_image_hidden":false,"42wp_authors_list":[],"footnotes":""},"categories":[2],"tags":[1667,147,6533,180,30722,33465,28285,90,33467,1756,371],"42wp_author":[47113],"class_list":["post-105360","post","type-post","status-publish","format-standard","has-post-thumbnail","hentry","category-f1","tag-bahrein","tag-f1","tag-f1-2023","tag-formula-1","tag-formula-1-2023","tag-formula-1-classificacao-2023","tag-grandepremio","tag-mclaren","tag-onde-assistir-f1-2023","tag-sakhir","tag-teste","42wp_author-juliana-tesser"],"_links":{"self":[{"href":"https:\/\/grandepremio.com\/br\/wp-json\/wp\/v2\/posts\/105360","targetHints":{"allow":["GET"]}}],"collection":[{"href":"https:\/\/grandepremio.com\/br\/wp-json\/wp\/v2\/posts"}],"about":[{"href":"https:\/\/grandepremio.com\/br\/wp-json\/wp\/v2\/types\/post"}],"replies":[{"embeddable":true,"href":"https:\/\/grandepremio.com\/br\/wp-json\/wp\/v2\/comments?post=105360"}],"version-history":[{"count":0,"href":"https:\/\/grandepremio.com\/br\/wp-json\/wp\/v2\/posts\/105360\/revisions"}],"wp:featuredmedia":[{"embeddable":true,"href":"https:\/\/grandepremio.com\/br\/wp-json\/wp\/v2\/media\/1000654354"}],"wp:attachment":[{"href":"https:\/\/grandepremio.com\/br\/wp-json\/wp\/v2\/media?parent=105360"}],"wp:term":[{"taxonomy":"category","embeddable":true,"href":"https:\/\/grandepremio.com\/br\/wp-json\/wp\/v2\/categories?post=105360"},{"taxonomy":"post_tag","embeddable":true,"href":"https:\/\/grandepremio.com\/br\/wp-json\/wp\/v2\/tags?post=105360"},{"taxonomy":"42wp_author","embeddable":true,"href":"https:\/\/grandepremio.com\/br\/wp-json\/wp\/v2\/42wp_author?post=105360"}],"curies":[{"name":"wp","href":"https:\/\/api.w.org\/{rel}","templated":true}]}}