{"id":105369,"date":"2023-02-23T17:46:49","date_gmt":"2023-02-23T20:46:49","guid":{"rendered":"https:\/\/grandepremio.com\/br\/noticias\/fernando-alonso-valoriza-quilometragem-aston-martin-apesar-pequenos-problemas-bahrein\/"},"modified":"2023-02-24T10:43:58","modified_gmt":"2023-02-24T13:43:58","slug":"fernando-alonso-valoriza-quilometragem-aston-martin-apesar-pequenos-problemas-bahrein","status":"publish","type":"post","link":"https:\/\/grandepremio.com\/br\/f1\/fernando-alonso-valoriza-quilometragem-aston-martin-apesar-pequenos-problemas-bahrein\/","title":{"rendered":"Alonso valoriza quilometragem da Aston Martin apesar de problemas no Bahrein"},"content":{"rendered":"\n<p class=\"wp-block-paragraph\"><strong>Fernando Alonso <\/strong>come\u00e7ou sua trajet\u00f3ria na <strong>Aston Martin<\/strong> com o p\u00e9 direito, <a href=\"https:\/\/www.grandepremio.com\/br\/f1\/noticias\/max-verstappen-confirma-lideranca-primeiro-dia-testes-formula-1-bahrein\/\" class=\"ek-link\">durante testes da F\u00f3rmula 1 nesta quinta-feira (23)<\/a>, no circuito de <strong>Sakhir, no Bahrein<\/strong>. O espanhol anotou o segundo melhor tempo dia com 1m32s866, apenas 0s029 mais lento que o l\u00edder, o atual bicampe\u00e3o <strong>Max Verstappen, da Red Bull. <\/strong><\/p>\n\n\n\n<p class=\"wp-block-paragraph\">E o desempenho do carro agradou o espanhol. \u201cNo geral, estou<strong> <\/strong>satisfeito com o primeiro dia oficial de testes aqui no Bahrein com o AMR23\u201d, afirmou o campe\u00e3o das temporadas 2005 e 2006 da F1. \u201cComo equipe, alcan\u00e7amos 100 voltas no total, o que \u00e9 um bom come\u00e7o para o primeiro dia, apesar de alguns problemas menores que resolvemos\u201d, completou.<\/p>\n\n\n\n<p class=\"wp-block-paragraph\">\u201cEstes primeiros passos s\u00e3o sempre intrigantes e at\u00e9 agora estou gostando desta parte da prepara\u00e7\u00e3o para o inverno [no hemisf\u00e9rio norte]\u201d, ressaltou o asturiano. \u201cAinda estamos experimentando muitas coisas diferentes, ent\u00e3o cada volta que fazemos \u00e9 importante e aprendemos algo novo sobre o carro toda vez que sa\u00edmos\u201d, concluiu.<\/p>\n\n\n\n<figure class=\"wp-block-image size-large\"><img decoding=\"async\" src=\"https:\/\/www.grandepremio.com\/br\/wp-content\/uploads\/2023\/02\/astonmartin-fernandoalonso03-1024x683.jpg\" alt=\"\" class=\"wp-image-654349\" \/><figcaption>Alonso estreou na pr\u00e9-temporada com segundo melhor tempo, atr\u00e1s apenas de Verstappen (Foto: AFP) <\/figcaption><\/figure>\n\n\n\n<p class=\"wp-block-paragraph\"><strong>\u25b6\ufe0f&nbsp;Inscreva-se nos dois canais do GRANDE PR\u00caMIO no YouTube:&nbsp;<a href=\"https:\/\/www.youtube.com\/channel\/UC9OlHEgxoaY6QY6nWPoiqQg?sub_confirmation=1\" target=\"_blank\" rel=\"noreferrer noopener\">GP<\/a>&nbsp;|&nbsp;<a href=\"https:\/\/www.youtube.com\/channel\/UC9csiS6q_C3C0FYhyr1rnFA?sub_confirmation=1\" target=\"_blank\" rel=\"noreferrer noopener\">GP2<\/a><\/strong><\/p>\n\n\n\n<p class=\"wp-block-paragraph\"><strong>\u25b6\ufe0f&nbsp;<a href=\"https:\/\/www.twitch.tv\/grandepremio\" target=\"_blank\" rel=\"noreferrer noopener\" class=\"ek-link\">Conhe\u00e7a o canal do GRANDE PR\u00caMIO na Twitch clicando aqui!<\/a><\/strong><\/p>\n\n\n\n<p class=\"wp-block-paragraph\">Alonso foi \u00e0 pista durante a segunda sess\u00e3o de testes da F1 desta quinta-feira (23). Na primeira, a Aston Martin foi representada por <strong>Felipe Drugovich<\/strong>, que terminou na 14\u00aa coloca\u00e7\u00e3o geral, com 40 voltas conclu\u00eddas. Vale destacar que o brasileiro enfrentou problema el\u00e9trico no AMR23 logo na volta de sa\u00edda dos boxes.  <\/p>\n\n\n\n<p class=\"wp-block-paragraph\">Diferente do colega de equipe brit\u00e2nica, Fernando p\u00f4de completar um total de 60 voltas sem contratempos. Assim como o l\u00edder Verstappen, cravou uma volta na casa do 1m32s8, sendo que o holand\u00eas fez quase o triplo de giros do espanhol (157).<\/p>\n\n\n\n<figure class=\"wp-block-image size-large\"><img decoding=\"async\" src=\"https:\/\/www.grandepremio.com\/br\/wp-content\/uploads\/2023\/02\/felipe-drugovich-06-1024x683.jpg\" alt=\"\" class=\"wp-image-654274\" \/><figcaption>Apesar de problemas el\u00e9tricos no carro, Drugovich completou 40 voltas em Sakhir (Foto: Aston Martin)<\/figcaption><\/figure>\n\n\n\n<p class=\"wp-block-paragraph\">De acordo com a Aston Martin, o primeiro dia de testes foi direcionado a verifica\u00e7\u00f5es de sistemas e confiabilidade. Al\u00e9m de ancinhos aerodin\u00e2micos para medir o fluxo de ar sobre o carro, o AMR23, pilotado por Drugovich e Alonso, trouxe elementos para mapear a correla\u00e7\u00e3o e para aprender sobre outros aspectos do carro, como freio e capacidade de resfriamento da unidade de pot\u00eancia.<\/p>\n\n\n\n<p class=\"wp-block-paragraph\">Nesta sexta-feira (24), <a href=\"https:\/\/www.grandepremio.com\/br\/f1\/noticias\/aston-martin-confirma-fernando-alonso-dia-2-testes-f1-deixa-felipe-drugovich-stand-by\/\" class=\"ek-link\">o recordista de GPs na F\u00f3rmula 1 (com 355) ser\u00e1 o \u00fanico piloto a conduzir o monoposto do time brit\u00e2nico<\/a>. O intuito para essa se\u00e7\u00e3o \u00e9 trabalhar a configura\u00e7\u00e3o geral e validar o desempenho aerodin\u00e2mico, com \u201ccorridas longas\u201d \u2013 especialmente cal\u00e7ada por compostos C1, C2 e C3, os escolhidos da Pirelli para a etapa de abertura, tamb\u00e9m no circuito de Sakhir, no pr\u00f3ximo 5 de mar\u00e7o.<\/p>\n\n\n\n<p class=\"wp-block-paragraph\">O&nbsp;<strong>GRANDE PR\u00caMIO<\/strong>&nbsp;acompanha todas as atividades dos testes coletivos de pr\u00e9-temporada da&nbsp;<a href=\"https:\/\/www.grandepremio.com\/formula-1\/\" target=\"_blank\" rel=\"noreferrer noopener\">F1&nbsp;<\/a><a href=\"https:\/\/www.grandepremio.com\/br\/ao-vivo\/\"><strong>AO VIVO<\/strong>&nbsp;e&nbsp;<strong>EM&nbsp;<\/strong><\/a><strong><a href=\"https:\/\/www.grandepremio.com\/br\/ao-vivo\/\" target=\"_blank\" rel=\"noreferrer noopener\">TEMPO REAL<\/a><\/strong>. A sexta-feira de testes tem in\u00edcio \u00e0s 04h00 (de Bras\u00edlia)<\/p>\n","protected":false},"excerpt":{"rendered":"<p>Fernando Alonso ficou atr\u00e1s apenas de Max Verstappen, da Red Bull, em seu primeiro contato com o AMR23 na pr\u00e9-temporada da F1, em Sakhir<\/p>\n","protected":false},"author":0,"featured_media":1000654350,"comment_status":"closed","ping_status":"closed","sticky":false,"template":"","format":"standard","meta":{"42wp_featured_image_caption":"","42wp_featured_image_credits":"","42wp_featured_video":"","42wp_featured_image_hidden":false,"42wp_authors_list":[],"footnotes":""},"categories":[2],"tags":[],"42wp_author":[47152],"class_list":["post-105369","post","type-post","status-publish","format-standard","has-post-thumbnail","hentry","category-f1","42wp_author-rafael-ligeiro"],"_links":{"self":[{"href":"https:\/\/grandepremio.com\/br\/wp-json\/wp\/v2\/posts\/105369","targetHints":{"allow":["GET"]}}],"collection":[{"href":"https:\/\/grandepremio.com\/br\/wp-json\/wp\/v2\/posts"}],"about":[{"href":"https:\/\/grandepremio.com\/br\/wp-json\/wp\/v2\/types\/post"}],"replies":[{"embeddable":true,"href":"https:\/\/grandepremio.com\/br\/wp-json\/wp\/v2\/comments?post=105369"}],"version-history":[{"count":0,"href":"https:\/\/grandepremio.com\/br\/wp-json\/wp\/v2\/posts\/105369\/revisions"}],"wp:featuredmedia":[{"embeddable":true,"href":"https:\/\/grandepremio.com\/br\/wp-json\/wp\/v2\/media\/1000654350"}],"wp:attachment":[{"href":"https:\/\/grandepremio.com\/br\/wp-json\/wp\/v2\/media?parent=105369"}],"wp:term":[{"taxonomy":"category","embeddable":true,"href":"https:\/\/grandepremio.com\/br\/wp-json\/wp\/v2\/categories?post=105369"},{"taxonomy":"post_tag","embeddable":true,"href":"https:\/\/grandepremio.com\/br\/wp-json\/wp\/v2\/tags?post=105369"},{"taxonomy":"42wp_author","embeddable":true,"href":"https:\/\/grandepremio.com\/br\/wp-json\/wp\/v2\/42wp_author?post=105369"}],"curies":[{"name":"wp","href":"https:\/\/api.w.org\/{rel}","templated":true}]}}