{"id":105370,"date":"2023-02-23T17:00:00","date_gmt":"2023-02-23T20:00:00","guid":{"rendered":"https:\/\/grandepremio.com\/br\/noticias\/grande-premio-estreia-transmissao-formula-e-ep-da-cidade-do-cabo-youtube\/"},"modified":"2023-02-24T08:24:11","modified_gmt":"2023-02-24T11:24:11","slug":"grande-premio-estreia-transmissao-formula-e-ep-da-cidade-do-cabo-youtube","status":"publish","type":"post","link":"https:\/\/grandepremio.com\/br\/formula-e\/grande-premio-estreia-transmissao-formula-e-ep-da-cidade-do-cabo-youtube\/","title":{"rendered":"GRANDE PR\u00caMIO estreia transmiss\u00e3o da F\u00f3rmula E com eP da Cidade do Cabo"},"content":{"rendered":"\n<p class=\"wp-block-paragraph\">O <strong>eP da Cidade do Cabo<\/strong>, quinta etapa da temporada 2022\/2023 da <strong>F\u00f3rmula E<\/strong> e programado para s\u00e1bado (25), n\u00e3o marca apenas a estreia da categoria na <strong>\u00c1frica do Sul<\/strong>. A corrida tamb\u00e9m representar\u00e1 a estreia do <strong>GRANDE PR\u00caMIO<\/strong>, <a aria-label=\"nova emissora oficial da FE no Brasil (opens in a new tab)\" href=\"https:\/\/www.grandepremio.com\/br\/formula-e\/noticias\/grande-premio-adquire-direitos-transmite-temporada-2023-formula-e-youtube\/\" target=\"_blank\" rel=\"noreferrer noopener\" class=\"ek-link\">nova emissora oficial da FE no Brasil<\/a>, nas transmiss\u00f5es da modalidade el\u00e9trica. Absolutamente todas as atividades de pista ser\u00e3o transmitidas em nosso <a aria-label=\"canal do YouTube (opens in a new tab)\" href=\"https:\/\/www.youtube.com\/channel\/UC9OlHEgxoaY6QY6nWPoiqQg\" target=\"_blank\" rel=\"noreferrer noopener\" class=\"ek-link\">canal do <strong>YouTube<\/strong><\/a>. <strong>Confira abaixo os hor\u00e1rios.<\/strong><\/p>\n\n\n\n<p class=\"wp-block-paragraph\">A primeira sess\u00e3o do fim de semana da F\u00f3rmula E acontece logo depois dos 15 minutos reservados para o shakedown, com o <strong>TL1 <\/strong>programado para as <strong>12h <\/strong>(hor\u00e1rio de Bras\u00edlia) de <strong>sexta-feira<\/strong>. O <strong>TL2 <\/strong>acontece no dia seguinte, j\u00e1 invadindo a madrugada de <strong>s\u00e1bado<\/strong>, \u00e0s <strong>4h10<\/strong>.<\/p>\n\n\n\n<p class=\"wp-block-paragraph\"><strong>\u25b6\ufe0f&nbsp;<a href=\"https:\/\/www.twitch.tv\/grandepremio\" target=\"_blank\" rel=\"noreferrer noopener\">Conhe\u00e7a o canal do GRANDE PR\u00caMIO na Twitch clicando aqui!<\/a><\/strong><\/p>\n\n\n\n<figure class=\"wp-block-image size-large\"><img decoding=\"async\" src=\"https:\/\/www.grandepremio.com\/br\/wp-content\/uploads\/2020\/05\/FormulaEnoGP_foto-1024x768.jpg\" alt=\"\" class=\"wp-image-652956\"\/><figcaption>F\u00f3rmula E ser\u00e1 exibida ao vivo no GRANDE PR\u00caMIO em 2023 (Foto: LiveSports)<\/figcaption><\/figure>\n\n\n\n<p class=\"wp-block-paragraph\"><strong>\u25b6\ufe0f&nbsp;Inscreva-se nos dois canais do GRANDE PR\u00caMIO no YouTube:&nbsp;<a href=\"https:\/\/www.youtube.com\/channel\/UC9OlHEgxoaY6QY6nWPoiqQg?sub_confirmation=1\" target=\"_blank\" rel=\"noreferrer noopener\">GP<\/a>&nbsp;|&nbsp;<a href=\"https:\/\/www.youtube.com\/channel\/UC9csiS6q_C3C0FYhyr1rnFA?sub_confirmation=1\" target=\"_blank\" rel=\"noreferrer noopener\">GP2<\/a><\/strong><\/p>\n\n\n\n<p class=\"wp-block-paragraph\">Por fim, as duas principais atividades do fim de semana: a classifica\u00e7\u00e3o est\u00e1 programada para ser realizada a partir das <strong>6h40<\/strong>, enquanto a largada do eP da Cidade do Cabo est\u00e1 prevista para as <strong>11h<\/strong>.<\/p>\n\n\n\n<p class=\"wp-block-paragraph\">A transmiss\u00e3o do <strong>GRANDE PR\u00caMIO<\/strong>, feita inteiramente em nosso <a href=\"https:\/\/www.youtube.com\/channel\/UC9OlHEgxoaY6QY6nWPoiqQg\" target=\"_blank\" aria-label=\"canal no YouTube (opens in a new tab)\" rel=\"noreferrer noopener\" class=\"ek-link\">canal no YouTube<\/a>, acompanha todos os treinos, a classifica\u00e7\u00e3o e a corrida<strong> AO VIVO<\/strong>, com <strong>Geferson Kern <\/strong>na narra\u00e7\u00e3o, <strong>JP Nascimento <\/strong>e <strong>Pedro Henrique Marum <\/strong>nos coment\u00e1rios. Al\u00e9m disso, a cobertura segue completa em nosso portal.<\/p>\n\n\n\n<p class=\"wp-block-paragraph\">Ex-F\u00f3rmula 1, <strong>Pascal Wehrlein <\/strong>lidera o campeonato com <strong>80 pontos<\/strong>, seguido de perto por <strong>Jake Dennis<\/strong>, que tem <strong>62<\/strong>. A Cidade do Cabo reserva a oportunidade perfeita para que as outras equipes diminuam a vantagem do l\u00edder, que j\u00e1 v\u00ea o terceiro colocado <strong>Jean-\u00c8ric Vergne<\/strong> a consider\u00e1veis 49 pontos de dist\u00e2ncia. <strong>S\u00e9bastien Buemi<\/strong>, da <strong>Envision<\/strong>, ocupa a quarta coloca\u00e7\u00e3o e est\u00e1 empatado com o franc\u00eas da <strong>DS Penske<\/strong>.<\/p>\n","protected":false},"excerpt":{"rendered":"<p>A F\u00f3rmula E viaja \u00e0 Cidade do Cabo pela primeira vez em sua hist\u00f3ria nesse fim de semana, e o GRANDE PR\u00caMIO inicia a transmiss\u00e3o completa da temporada ao vivo no YouTube<\/p>\n","protected":false},"author":0,"featured_media":1000637841,"comment_status":"closed","ping_status":"closed","sticky":false,"template":"","format":"standard","meta":{"42wp_featured_image_caption":"","42wp_featured_image_credits":"","42wp_featured_video":"","42wp_featured_image_hidden":false,"42wp_authors_list":[],"footnotes":""},"categories":[19],"tags":[1566,28679,6853,379,30779,840,31435,1601,1491,30103,28285,25286,317],"42wp_author":[47142],"class_list":["post-105370","post","type-post","status-publish","format-standard","has-post-thumbnail","hentry","category-formula-e","tag-ao-vivo","tag-calendario-formula-e","tag-classificacao-formula-e","tag-fe","tag-fe-2023","tag-formula-e","tag-formula-e-2023","tag-gen3","tag-grande-premio","tag-grande-premio-f1","tag-grandepremio","tag-transmissao","tag-youtube","42wp_author-jp-nascimento"],"_links":{"self":[{"href":"https:\/\/grandepremio.com\/br\/wp-json\/wp\/v2\/posts\/105370","targetHints":{"allow":["GET"]}}],"collection":[{"href":"https:\/\/grandepremio.com\/br\/wp-json\/wp\/v2\/posts"}],"about":[{"href":"https:\/\/grandepremio.com\/br\/wp-json\/wp\/v2\/types\/post"}],"replies":[{"embeddable":true,"href":"https:\/\/grandepremio.com\/br\/wp-json\/wp\/v2\/comments?post=105370"}],"version-history":[{"count":0,"href":"https:\/\/grandepremio.com\/br\/wp-json\/wp\/v2\/posts\/105370\/revisions"}],"wp:featuredmedia":[{"embeddable":true,"href":"https:\/\/grandepremio.com\/br\/wp-json\/wp\/v2\/media\/1000637841"}],"wp:attachment":[{"href":"https:\/\/grandepremio.com\/br\/wp-json\/wp\/v2\/media?parent=105370"}],"wp:term":[{"taxonomy":"category","embeddable":true,"href":"https:\/\/grandepremio.com\/br\/wp-json\/wp\/v2\/categories?post=105370"},{"taxonomy":"post_tag","embeddable":true,"href":"https:\/\/grandepremio.com\/br\/wp-json\/wp\/v2\/tags?post=105370"},{"taxonomy":"42wp_author","embeddable":true,"href":"https:\/\/grandepremio.com\/br\/wp-json\/wp\/v2\/42wp_author?post=105370"}],"curies":[{"name":"wp","href":"https:\/\/api.w.org\/{rel}","templated":true}]}}