{"id":105375,"date":"2023-02-23T15:46:02","date_gmt":"2023-02-23T18:46:02","guid":{"rendered":"https:\/\/grandepremio.com\/br\/noticias\/frederic-vasseur-minimiza-pressao-chegada-ferrari-dna-equipe-sempre-mesmo\/"},"modified":"2023-02-24T10:35:58","modified_gmt":"2023-02-24T13:35:58","slug":"frederic-vasseur-minimiza-pressao-chegada-ferrari-dna-equipe-sempre-mesmo","status":"publish","type":"post","link":"https:\/\/grandepremio.com\/br\/f1\/frederic-vasseur-minimiza-pressao-chegada-ferrari-dna-equipe-sempre-mesmo\/","title":{"rendered":"Vasseur minimiza press\u00e3o ap\u00f3s chegada na Ferrari: &#8220;DNA de uma equipe \u00e9 o mesmo&#8221;"},"content":{"rendered":"\n<p class=\"wp-block-paragraph\">\u00danica equipe a disputar todas as temporadas da hist\u00f3ria da<strong> F\u00f3rmula 1,<\/strong> a <strong>Ferrari<\/strong> \u00e9, indiscutivelmente, um \u00edcone do esporte a motor mundial. Contudo, para o rec\u00e9m-chegado chefe da equipe, <strong>Fr\u00e9d\u00e9ric Vasseur,<\/strong> essa \u201cm\u00edstica ferrarista\u201d parece n\u00e3o causar impactos.<\/p>\n\n\n\n<p class=\"wp-block-paragraph\">&#8220;O espa\u00e7o entre meu primeiro dia na Ferrari e o in\u00edcio dos testes foi curto, mas \u00e9 uma grande equipe e as primeiras impress\u00f5es s\u00e3o muito positivas\u201d, destacou o franc\u00eas. \u201cContudo devo dizer que n\u00e3o h\u00e1 grande diferen\u00e7a em rela\u00e7\u00e3o ao meu passado, porque basicamente o DNA de uma equipe de F\u00f3rmula 1 e do automobilismo em geral \u00e9 sempre o mesmo, a vontade \u00e9 de melhorar e fazer um excelente trabalho\u201d, finalizou.<\/p>\n\n\n\n<p class=\"wp-block-paragraph\">Ali\u00e1s, o franc\u00eas fez quest\u00e3o de tra\u00e7ar uma analogia para explicar o racioc\u00ednio. \u201cQuando voc\u00ea \u00e9 um &#8216;piloto&#8217;, voc\u00ea \u00e9 um &#8216;piloto&#8217;, n\u00e3o importa se voc\u00ea o faz na It\u00e1lia ou em outro lugar&#8221;, disse o dirigente, que foi o chefe de equipe da <strong>Alfa Romeo<\/strong> entre 2017 e 2022.<\/p>\n\n\n\n<figure class=\"wp-block-image size-large\"><img decoding=\"async\" src=\"https:\/\/www.grandepremio.com\/br\/wp-content\/uploads\/2023\/01\/2200138-scuderia-ferrari-Fre\u0301de\u0301ric-Vasseur-2023-1024x678.jpg\" alt=\"\" class=\"wp-image-646038\" \/><figcaption>Ap\u00f3s passagens por Renault, Sauber e Alfa Romeo, Vasseur \u00e9 o mais novo chefe de equipe da Ferrari (Foto: Ferrari)<\/figcaption><\/figure>\n\n\n\n<p class=\"wp-block-paragraph\"><strong>\u25b6\ufe0f&nbsp;Inscreva-se nos dois canais do GRANDE PR\u00caMIO no YouTube:&nbsp;<a href=\"https:\/\/www.youtube.com\/channel\/UC9OlHEgxoaY6QY6nWPoiqQg?sub_confirmation=1\" target=\"_blank\" rel=\"noreferrer noopener\">GP<\/a>&nbsp;|&nbsp;<a href=\"https:\/\/www.youtube.com\/channel\/UC9csiS6q_C3C0FYhyr1rnFA?sub_confirmation=1\" target=\"_blank\" rel=\"noreferrer noopener\">GP2<\/a><\/strong><\/p>\n\n\n\n<p class=\"wp-block-paragraph\">Curiosamente, Vasseur encontrar\u00e1 na Ferrari um antigo conhecido: o monegasco Charles Leclerc, piloto da Sauber em 2018 \u2013 \u00e9poca em que o franc\u00eas era CEO do Grupo Sauber. Ali\u00e1s, o novo chef\u00e3o ferrarista n\u00e3o poupou elogios ao piloto, com quem reeditar\u00e1 a parceria de anos atr\u00e1s.<\/p>\n\n\n\n<p class=\"wp-block-paragraph\">\u201cQuando comparado \u00e0 \u00e9poca em que est\u00e1vamos na Sauber, ele [Leclerc] \u00e9 um piloto mais maduro\u201d, ressaltou. \u201cEle se saiu bem em qualquer equipe que competiu, n\u00f3s nos amamos e nossa colabora\u00e7\u00e3o \u00e9 muito boa\u201d, concluiu.<\/p>\n\n\n\n<figure class=\"wp-block-image size-large\"><img decoding=\"async\" src=\"https:\/\/www.grandepremio.com\/br\/wp-content\/uploads\/2023\/02\/000_339U7U7-1024x683.jpg\" alt=\"\" class=\"wp-image-654210\" \/><figcaption>A bordo de SF-23, Carlos Sainz Jr. marca segundo melhor tempo de testes da F1 no Bahrein (Foto: Giuseppe CACACE \/ AFP)<\/figcaption><\/figure>\n\n\n\n<p class=\"wp-block-paragraph\"><a href=\"https:\/\/www.grandepremio.com\/br\/f1\/noticias\/max-verstappen-lidera-manha-primeiro-dia-testes-formula-1-bahrein-felipe-drugovich-problema\/\" class=\"ek-link\">Na sess\u00e3o de testes da manh\u00e3 desta quinta-feira (23)<\/a>, em Sakhir, <strong>Carlos Sainz Jr.<\/strong> completou 72 voltas e cravou o segundo melhor tempo, com 1m33s253. \u00c0 frente dele, apenas o atual bicampe\u00e3o Max Verstappen: 1m32s959, 0s294 abaixo da volta mais r\u00e1pida do espanhol.<\/p>\n\n\n\n<p class=\"wp-block-paragraph\">Atual vice-campe\u00e3 de Pilotos, com Charles Leclerc, e de Construtores, a Ferrari busca retomar o caminho das vit\u00f3rias constantes e t\u00edtulos na F\u00f3rmula 1. Vale lembrar que a \u00faltima conquista do Mundial de Pilotos por parte do time de Maranello ocorreu em 2007, com o finland\u00eas <strong>Kimi R\u00e4ikk\u00f6nen.<\/strong><\/p>\n\n\n\n<p class=\"wp-block-paragraph\"><strong>\u25b6\ufe0f&nbsp;<a href=\"https:\/\/www.twitch.tv\/grandepremio\" target=\"_blank\" rel=\"noreferrer noopener\" class=\"ek-link\">Conhe\u00e7a o canal do GRANDE PR\u00caMIO na Twitch clicando aqui!<\/a><\/strong><\/p>\n\n\n\n<p class=\"wp-block-paragraph\">O&nbsp;<strong>GRANDE PR\u00caMIO<\/strong>&nbsp;acompanha todas as atividades dos testes coletivos de pr\u00e9-temporada da&nbsp;<a href=\"https:\/\/www.grandepremio.com\/formula-1\/\" target=\"_blank\" rel=\"noreferrer noopener\">F1&nbsp;<\/a><a href=\"https:\/\/www.grandepremio.com\/br\/ao-vivo\/\"><strong>AO VIVO<\/strong>&nbsp;e&nbsp;<strong>EM&nbsp;<\/strong><\/a><strong><a href=\"https:\/\/www.grandepremio.com\/br\/ao-vivo\/\" target=\"_blank\" rel=\"noreferrer noopener\">TEMPO REAL<\/a><\/strong>. A sexta-feira de testes tem in\u00edcio \u00e0s 04h00 (de Bras\u00edlia)<\/p>\n","protected":false},"excerpt":{"rendered":"<p>Novo chefe de equipe da Ferrari destaca grandeza do time de Maranello, mas n\u00e3o v\u00ea estreia como diferente de outras experi\u00eancias na F\u00f3rmula 1<\/p>\n","protected":false},"author":0,"featured_media":1000648106,"comment_status":"closed","ping_status":"closed","sticky":false,"template":"","format":"standard","meta":{"42wp_featured_image_caption":"","42wp_featured_image_credits":"","42wp_featured_video":"","42wp_featured_image_hidden":false,"42wp_authors_list":[],"footnotes":""},"categories":[2],"tags":[],"42wp_author":[47152],"class_list":["post-105375","post","type-post","status-publish","format-standard","has-post-thumbnail","hentry","category-f1","42wp_author-rafael-ligeiro"],"_links":{"self":[{"href":"https:\/\/grandepremio.com\/br\/wp-json\/wp\/v2\/posts\/105375","targetHints":{"allow":["GET"]}}],"collection":[{"href":"https:\/\/grandepremio.com\/br\/wp-json\/wp\/v2\/posts"}],"about":[{"href":"https:\/\/grandepremio.com\/br\/wp-json\/wp\/v2\/types\/post"}],"replies":[{"embeddable":true,"href":"https:\/\/grandepremio.com\/br\/wp-json\/wp\/v2\/comments?post=105375"}],"version-history":[{"count":0,"href":"https:\/\/grandepremio.com\/br\/wp-json\/wp\/v2\/posts\/105375\/revisions"}],"wp:featuredmedia":[{"embeddable":true,"href":"https:\/\/grandepremio.com\/br\/wp-json\/wp\/v2\/media\/1000648106"}],"wp:attachment":[{"href":"https:\/\/grandepremio.com\/br\/wp-json\/wp\/v2\/media?parent=105375"}],"wp:term":[{"taxonomy":"category","embeddable":true,"href":"https:\/\/grandepremio.com\/br\/wp-json\/wp\/v2\/categories?post=105375"},{"taxonomy":"post_tag","embeddable":true,"href":"https:\/\/grandepremio.com\/br\/wp-json\/wp\/v2\/tags?post=105375"},{"taxonomy":"42wp_author","embeddable":true,"href":"https:\/\/grandepremio.com\/br\/wp-json\/wp\/v2\/42wp_author?post=105375"}],"curies":[{"name":"wp","href":"https:\/\/api.w.org\/{rel}","templated":true}]}}