{"id":105376,"date":"2023-02-23T15:17:12","date_gmt":"2023-02-23T18:17:12","guid":{"rendered":"https:\/\/grandepremio.com\/br\/noticias\/max-verstappen-sorri-1o-teste-tranquilo-bahrein-ve-rb19-pequenas-evolucoes\/"},"modified":"2023-02-23T15:38:16","modified_gmt":"2023-02-23T18:38:16","slug":"max-verstappen-sorri-1o-teste-tranquilo-bahrein-ve-rb19-pequenas-evolucoes","status":"publish","type":"post","link":"https:\/\/grandepremio.com\/br\/f1\/max-verstappen-sorri-1o-teste-tranquilo-bahrein-ve-rb19-pequenas-evolucoes\/","title":{"rendered":"Verstappen sorri com 1\u00ba teste &#8220;tranquilo&#8221; no Bahrein e v\u00ea RB19 com &#8220;pequenas evolu\u00e7\u00f5es&#8221;"},"content":{"rendered":"\n<figure class=\"wp-block-embed is-type-video is-provider-youtube wp-block-embed-youtube wp-embed-aspect-16-9 wp-has-aspect-ratio\"><div class=\"wp-block-embed__wrapper\">\n<iframe loading=\"lazy\" title=\"VERSTAPPEN 1\u00ba, ALONSO 2\u00ba, DRUGOVICH 14\u00ba: DIA 1 DA F1 NO BAHREIN | Briefing\" width=\"500\" height=\"281\" src=\"https:\/\/www.youtube.com\/embed\/p0s4hbP5gNc?feature=oembed\" frameborder=\"0\" allow=\"accelerometer; autoplay; clipboard-write; encrypted-media; gyroscope; picture-in-picture; web-share\" referrerpolicy=\"strict-origin-when-cross-origin\" allowfullscreen><\/iframe>\n<\/div><\/figure>\n\n\n\n<p class=\"wp-block-paragraph\">N\u00e3o teve para ningu\u00e9m: <strong>Max Verstappen <\/strong>foi o mais r\u00e1pido e quem mais acumulou quilometragem no primeiro dia de testes da F\u00f3rmula 1, no Bahrein. Cal\u00e7ando os pneus m\u00e9dios, marcou o melhor tempo \u00e0 tarde com 1min32s837, mantendo Fernando Alonso 0s029 atr\u00e1s. Ao todo, foram 157 voltas. <\/p>\n\n\n\n<p class=\"wp-block-paragraph\">\u201c[O carro \u00e9] uma pequena evolu\u00e7\u00e3o em rela\u00e7\u00e3o ao ano passado\u201d, disse Verstappen. \u201cAcho que o ano passado foi  uma temporada em que estava realmente me adaptando ao carro, realmente entendendo o que tinha de fazer&#8221;, seguiu.<\/p>\n\n\n\n<p class=\"wp-block-paragraph\"><strong>\u25b6\ufe0f\u00a0Inscreva-se nos dois canais do GRANDE PR\u00caMIO no YouTube:\u00a0<a href=\"https:\/\/www.youtube.com\/channel\/UC9OlHEgxoaY6QY6nWPoiqQg?sub_confirmation=1\" target=\"_blank\" rel=\"noreferrer noopener\">GP<\/a>\u00a0|\u00a0<a href=\"https:\/\/www.youtube.com\/channel\/UC9csiS6q_C3C0FYhyr1rnFA?sub_confirmation=1\" target=\"_blank\" rel=\"noreferrer noopener\">GP2<\/a><\/strong><br><strong>\u25b6\ufe0f\u00a0<a href=\"https:\/\/www.twitch.tv\/grandepremio\" target=\"_blank\" rel=\"noreferrer noopener\">Conhe\u00e7a o canal do GRANDE PR\u00caMIO na Twitch clicando aqui!<\/a><\/strong><\/p>\n\n\n\n<figure class=\"wp-block-image size-large\"><img decoding=\"async\" src=\"https:\/\/www.grandepremio.com\/br\/wp-content\/uploads\/2023\/02\/redbull-maxverstappen-afp-02-1-1024x683.jpg\" alt=\"\" class=\"wp-image-654340\"\/><figcaption>Max Verstappen deu 157 voltas nesta quinta-feira (Foto: AFP) <\/figcaption><\/figure>\n\n\n\n<p class=\"wp-block-paragraph\">&#8220;Claro, com todo o conhecimento do ano passado, acho que j\u00e1 \u00e9 um come\u00e7o muito mais f\u00e1cil para todos. \u00c9 bom ver o carro novo, como ele evoluiu desde o ano passado, como o comportamento \u00e9 um pouco diferente , e tamb\u00e9m por causa dos pneus. Foi um bom dia para entender tudo isso&#8221;, acrescentou Max. <\/p>\n\n\n\n<p class=\"wp-block-paragraph\">O tempo anotado nesta quinta-feira (23) \u00e9 pouco mais de 1s de sua marca no ano passado: 1min31s720, tempo mais r\u00e1pido dos tr\u00eas dias de testes em Sakhir, em 2022. <\/p>\n\n\n\n<p class=\"wp-block-paragraph\">Amanh\u00e3, Verstappen divide o RB19 com Sergio P\u00e9rez. O bicampe\u00e3o mundial assume o comando na parte da manh\u00e3. <\/p>\n\n\n\n<p class=\"wp-block-paragraph\"><\/p>\n","protected":false},"excerpt":{"rendered":"<p>Max Verstappen foi o mais r\u00e1pido no primeiro dia de testes da F1 nesta quinta-feira \u2014 1min32s837 \u2014 e, de quebra, tamb\u00e9m foi quem acumulou maior quilometragem: 157 voltas<\/p>\n","protected":false},"author":0,"featured_media":1000654339,"comment_status":"closed","ping_status":"closed","sticky":false,"template":"","format":"standard","meta":{"42wp_featured_image_caption":"","42wp_featured_image_credits":"","42wp_featured_video":"","42wp_featured_image_hidden":false,"42wp_authors_list":[],"footnotes":""},"categories":[2],"tags":[1667,147,6533,180,30722,1491,30103,28285,203,204,33898],"42wp_author":[47139],"class_list":["post-105376","post","type-post","status-publish","format-standard","has-post-thumbnail","hentry","category-f1","tag-bahrein","tag-f1","tag-f1-2023","tag-formula-1","tag-formula-1-2023","tag-grande-premio","tag-grande-premio-f1","tag-grandepremio","tag-max-verstappen","tag-red-bull","tag-testes-pre-temporada-f1","42wp_author-ana-cerveira"],"_links":{"self":[{"href":"https:\/\/grandepremio.com\/br\/wp-json\/wp\/v2\/posts\/105376","targetHints":{"allow":["GET"]}}],"collection":[{"href":"https:\/\/grandepremio.com\/br\/wp-json\/wp\/v2\/posts"}],"about":[{"href":"https:\/\/grandepremio.com\/br\/wp-json\/wp\/v2\/types\/post"}],"replies":[{"embeddable":true,"href":"https:\/\/grandepremio.com\/br\/wp-json\/wp\/v2\/comments?post=105376"}],"version-history":[{"count":0,"href":"https:\/\/grandepremio.com\/br\/wp-json\/wp\/v2\/posts\/105376\/revisions"}],"wp:featuredmedia":[{"embeddable":true,"href":"https:\/\/grandepremio.com\/br\/wp-json\/wp\/v2\/media\/1000654339"}],"wp:attachment":[{"href":"https:\/\/grandepremio.com\/br\/wp-json\/wp\/v2\/media?parent=105376"}],"wp:term":[{"taxonomy":"category","embeddable":true,"href":"https:\/\/grandepremio.com\/br\/wp-json\/wp\/v2\/categories?post=105376"},{"taxonomy":"post_tag","embeddable":true,"href":"https:\/\/grandepremio.com\/br\/wp-json\/wp\/v2\/tags?post=105376"},{"taxonomy":"42wp_author","embeddable":true,"href":"https:\/\/grandepremio.com\/br\/wp-json\/wp\/v2\/42wp_author?post=105376"}],"curies":[{"name":"wp","href":"https:\/\/api.w.org\/{rel}","templated":true}]}}