{"id":105390,"date":"2023-02-23T05:48:20","date_gmt":"2023-02-23T08:48:20","guid":{"rendered":"https:\/\/grandepremio.com\/br\/noticias\/valtteri-bottas-aposta-avanco-ve-alfa-romeo-trajetoria-ascendente-ano-passado\/"},"modified":"2023-02-23T05:49:11","modified_gmt":"2023-02-23T08:49:11","slug":"valtteri-bottas-aposta-avanco-ve-alfa-romeo-trajetoria-ascendente-ano-passado","status":"publish","type":"post","link":"https:\/\/grandepremio.com\/br\/f1\/valtteri-bottas-aposta-avanco-ve-alfa-romeo-trajetoria-ascendente-ano-passado\/","title":{"rendered":"Bottas aposta em avan\u00e7o e v\u00ea Alfa Romeo em \u201ctrajet\u00f3ria ascendente desde ano passado\u201d"},"content":{"rendered":"\n<p class=\"wp-block-paragraph\"><strong>Valtteri Bottas<\/strong> se mostrou confiante no avan\u00e7o da <strong>Alfa Romeo <\/strong>na temporada <strong>2023 <\/strong>da <strong>F\u00f3rmula 1<\/strong>. O finland\u00eas destacou que no <a href=\"https:\/\/www.grandepremio.com\/br\/f1\/noticias\/alfa-romeo-faz-shakedown-dia-filmagens-c43-barcelona\/\" class=\"ek-link\">shakedown feito em <strong>Barcelona<\/strong><\/a> j\u00e1 foi poss\u00edvel perceber uma melhora do carro em compara\u00e7\u00e3o ao ano passado e, por isso, entende que ser\u00e1 poss\u00edvel fechar o campeonato com um resultado melhor do que o sexto lugar no <strong>Mundial de Construtores<\/strong>.<\/p>\n\n\n\n<p class=\"wp-block-paragraph\">Indo para o segundo ano com a equipe, Bottas avaliou que a Alfa Romeo est\u00e1 em uma \u201ctrajet\u00f3ria ascendente\u201d e precisa ser melhor em todas as \u00e1reas para poder dar voos mais altos na <strong>F1<\/strong>.<\/p>\n\n\n\n<figure class=\"wp-block-image size-large\"><img decoding=\"async\" src=\"https:\/\/www.grandepremio.com\/br\/wp-content\/uploads\/2022\/11\/valtteribottas-2-1024x683.jpg\" alt=\"\" class=\"wp-image-633573\"\/><figcaption>Valtteri Bottas se mostrou confiante no avan\u00e7o da Alfa Romeo (Foto: Rodrigo Berton\/Grande Pr\u00eamio)<\/figcaption><\/figure>\n\n\n\n<p class=\"wp-block-paragraph\"><strong>\u25b6\ufe0f\u00a0<a href=\"https:\/\/www.twitch.tv\/grandepremio\" target=\"_blank\" rel=\"noreferrer noopener\">Conhe\u00e7a o canal do GRANDE PR\u00caMIO na Twitch clicando aqui!<\/a><\/strong><\/p>\n\n\n\n<p class=\"wp-block-paragraph\">\u201cEstou ansioso por 2023\u201d, disse Bottas em entrevista ao site TotalMotorsport. \u201cNo in\u00edcio, \u00e9 sempre empolgante, como o in\u00edcio de qualquer temporada com um novo carro. A meta tem de ser maior do que o sexto lugar\u201d, defendeu.<\/p>\n\n\n\n<p class=\"wp-block-paragraph\">\u201cObviamente, com mais experi\u00eancia com essa equipe, acredito verdadeiramente que podemos dar um passo \u00e0 frente em rela\u00e7\u00e3o ao ano passado\u201d, avaliou. \u201cPrecisamos ser melhores em todas as \u00e1reas. Precisamos ser consistentes o tempo todo. Acho que j\u00e1, com mais consist\u00eancia, temos muito mais a ganhar\u2019, avaliou.<\/p>\n\n\n\n<p class=\"wp-block-paragraph\">Ainda, o finland\u00eas falou sobre as primeiras impress\u00f5es sobre o C43 depois de um dia de filmagens realizado pela Alfa Romeo em Barcelona.<\/p>\n\n\n\n<p class=\"wp-block-paragraph\">\u201c[Tivemos] uma rodagem limitada, mas foi positiva. O que foi importante \u00e9 que n\u00e3o tivemos um \u00fanico problema\u201d, apontou. \u201cBaseado na rodagem inicial, j\u00e1 pude sentir alguma melhora em compara\u00e7\u00e3o com o ano passado\u201d, comentou.<\/p>\n\n\n\n<p class=\"wp-block-paragraph\">\u201cTemos trabalhado duro desde o in\u00edcio do ano passado. Ent\u00e3o a equipe parece estar em uma trajet\u00f3ria ascendente desde o ano passado\u201d, observou. \u201cN\u00e3o vejo raz\u00e3o para que n\u00e3o possamos atingir resultados melhores do que no ano passado, o que significa melhor do que o sexto lugar no Mundial de Construtores. Mas reconhe\u00e7o que o pelot\u00e3o intermedi\u00e1rio ser\u00e1 super apertado\u201d, comentou.<\/p>\n\n\n\n<p class=\"wp-block-paragraph\">Bottas falou, tamb\u00e9m, do papel de liderar a equipe e mostrou que desempenha a atividade com naturalidade.<\/p>\n\n\n\n<p class=\"wp-block-paragraph\">\u201cDefinitivamente, \u00e9 uma boa sensa\u00e7\u00e3o e algo que vem naturalmente, com um pouco mais de experi\u00eancia\u201d, comentou. \u201c\u00c9 muito mais do que s\u00f3 guiar o carro. Tem um pouco de envolvimento no desenvolvimento de longo prazo. Eu realmente curto essa responsabilidade\u201d, contou.<\/p>\n\n\n\n<p class=\"wp-block-paragraph\">Por fim, Bottas comentou a chegada de <strong>Andreas Seidl<\/strong>, que chegou da <strong>McLaren <\/strong>para refor\u00e7ar a Alfa Romeo.<\/p>\n\n\n\n<p class=\"wp-block-paragraph\">\u201cTem sido \u00f3timo. Obviamente, est\u00e1 levando um tempo para ele entender o pessoal e como as coisas eram geridas no passado, ent\u00e3o ele teve uma grande curva de aprendizado nas \u00faltimas semanas e, definitivamente, curti conhec\u00ea-lo e entender a maneira dele trabalhar\u201d, contou. \u201cEle j\u00e1 \u00e9 um cara bom para a equipe. Mesmo que tenhamos tido uma mudan\u00e7a r\u00e1pida na estrutura da equipe, parece que tudo est\u00e1 est\u00e1vel e em um bom controle\u201d, encerrou.<\/p>\n\n\n\n<p class=\"wp-block-paragraph\">O\u00a0<strong>GRANDE PR\u00caMIO<\/strong>\u00a0acompanha todas as atividades dos testes coletivos de pr\u00e9-temporada da\u00a0<a href=\"https:\/\/www.grandepremio.com\/formula-1\/\" target=\"_blank\" rel=\"noreferrer noopener\">F1\u00a0<\/a><a href=\"https:\/\/www.grandepremio.com\/br\/ao-vivo\/\"><strong>AO VIVO<\/strong>\u00a0e\u00a0<strong>EM\u00a0<\/strong><\/a><strong><a href=\"https:\/\/www.grandepremio.com\/br\/ao-vivo\/\" target=\"_blank\" rel=\"noreferrer noopener\">TEMPO REAL<\/a><\/strong>.<\/p>\n\n\n\n<figure class=\"wp-block-embed is-type-video is-provider-youtube wp-block-embed-youtube wp-embed-aspect-16-9 wp-has-aspect-ratio\"><div class=\"wp-block-embed__wrapper\">\n<iframe loading=\"lazy\" title=\"DRUGOVICH GARANTIDO NA PR\u00c9-TEMPORADA DA F1 2023 PELA ASTON MARTIN\" width=\"500\" height=\"281\" src=\"https:\/\/www.youtube.com\/embed\/5cflSc-qfjM?feature=oembed\" frameborder=\"0\" allow=\"accelerometer; autoplay; clipboard-write; encrypted-media; gyroscope; picture-in-picture; web-share\" referrerpolicy=\"strict-origin-when-cross-origin\" allowfullscreen><\/iframe>\n<\/div><\/figure>\n","protected":false},"excerpt":{"rendered":"<p>Finland\u00eas destacou que no shakedown feito em Barcelona j\u00e1 foi poss\u00edvel perceber uma melhora do carro em compara\u00e7\u00e3o com o ano passado e confiou que a Alfa Romeo vai conseguir um resultado melhor do que o sexto lugar no Mundial de Construtores na F\u00f3rmula 1 2023 <\/p>\n","protected":false},"author":0,"featured_media":1000650897,"comment_status":"closed","ping_status":"closed","sticky":false,"template":"","format":"standard","meta":{"42wp_featured_image_caption":"","42wp_featured_image_credits":"","42wp_featured_video":"","42wp_featured_image_hidden":false,"42wp_authors_list":[],"footnotes":""},"categories":[2],"tags":[457,147,6533,180,30722,33465,28285,33467,612],"42wp_author":[47113],"class_list":["post-105390","post","type-post","status-publish","format-standard","has-post-thumbnail","hentry","category-f1","tag-alfa-romeo","tag-f1","tag-f1-2023","tag-formula-1","tag-formula-1-2023","tag-formula-1-classificacao-2023","tag-grandepremio","tag-onde-assistir-f1-2023","tag-valtteri-bottas","42wp_author-juliana-tesser"],"_links":{"self":[{"href":"https:\/\/grandepremio.com\/br\/wp-json\/wp\/v2\/posts\/105390","targetHints":{"allow":["GET"]}}],"collection":[{"href":"https:\/\/grandepremio.com\/br\/wp-json\/wp\/v2\/posts"}],"about":[{"href":"https:\/\/grandepremio.com\/br\/wp-json\/wp\/v2\/types\/post"}],"replies":[{"embeddable":true,"href":"https:\/\/grandepremio.com\/br\/wp-json\/wp\/v2\/comments?post=105390"}],"version-history":[{"count":0,"href":"https:\/\/grandepremio.com\/br\/wp-json\/wp\/v2\/posts\/105390\/revisions"}],"wp:featuredmedia":[{"embeddable":true,"href":"https:\/\/grandepremio.com\/br\/wp-json\/wp\/v2\/media\/1000650897"}],"wp:attachment":[{"href":"https:\/\/grandepremio.com\/br\/wp-json\/wp\/v2\/media?parent=105390"}],"wp:term":[{"taxonomy":"category","embeddable":true,"href":"https:\/\/grandepremio.com\/br\/wp-json\/wp\/v2\/categories?post=105390"},{"taxonomy":"post_tag","embeddable":true,"href":"https:\/\/grandepremio.com\/br\/wp-json\/wp\/v2\/tags?post=105390"},{"taxonomy":"42wp_author","embeddable":true,"href":"https:\/\/grandepremio.com\/br\/wp-json\/wp\/v2\/42wp_author?post=105390"}],"curies":[{"name":"wp","href":"https:\/\/api.w.org\/{rel}","templated":true}]}}