{"id":105397,"date":"2023-02-23T03:33:00","date_gmt":"2023-02-23T06:33:00","guid":{"rendered":"https:\/\/grandepremio.com\/br\/noticias\/formula-1-abre-testes-pre-temporada-tempo-firme-ceu-aberto-bahrein\/"},"modified":"2023-02-23T03:49:20","modified_gmt":"2023-02-23T06:49:20","slug":"formula-1-abre-testes-pre-temporada-tempo-firme-ceu-aberto-bahrein","status":"publish","type":"post","link":"https:\/\/grandepremio.com\/br\/f1\/formula-1-abre-testes-pre-temporada-tempo-firme-ceu-aberto-bahrein\/","title":{"rendered":"F\u00f3rmula 1 abre testes de pr\u00e9-temporada com tempo firme e c\u00e9u aberto no Bahrein"},"content":{"rendered":"\n<figure class=\"wp-block-embed is-type-video is-provider-youtube wp-block-embed-youtube wp-embed-aspect-16-9 wp-has-aspect-ratio\"><div class=\"wp-block-embed__wrapper\">\n<iframe loading=\"lazy\" title=\"TUDO SOBRE OS TESTES DE PR\u00c9-TEMPORADA DA F1 NO BAHREIN | TT GP #84\" width=\"500\" height=\"281\" src=\"https:\/\/www.youtube.com\/embed\/jHinAdSMSxQ?feature=oembed\" frameborder=\"0\" allow=\"accelerometer; autoplay; clipboard-write; encrypted-media; gyroscope; picture-in-picture; web-share\" referrerpolicy=\"strict-origin-when-cross-origin\" allowfullscreen><\/iframe>\n<\/div><figcaption>TUDO SOBRE OS TESTES DE PR\u00c9-TEMPORADA DA F1 NO BAHREIN | TT GP #84<\/figcaption><\/figure>\n\n\n\n<p class=\"wp-block-paragraph\">\u00c9 hora da <strong>F\u00f3rmula 1<\/strong> voltar para a pista. Nas primeiras horas da manh\u00e3 desta quinta-feira (23), ainda madrugada no hor\u00e1rio brasileiro, pilotos e equipes come\u00e7am maratona de testes que vai se estender por nove horas, em esquema que se repete ainda nos pr\u00f3ximos dois dias. No que depender das <strong>condi\u00e7\u00f5es clim\u00e1ticas<\/strong>, ser\u00e1 um dia tranquilo. A prov\u00edncia de As Sakhir, no <strong>Bahrein<\/strong>, promete c\u00e9u aberto e tempo firme.<\/p>\n\n\n\n<p class=\"wp-block-paragraph\">O come\u00e7o das atividades de pista est\u00e1 marcado para as 10h do hor\u00e1rio local [4h no Hor\u00e1rio de Bras\u00edlia, GMT-3]. A expectativa \u00e9 que a temperatura esteja em modestos 21\u00b0C e com sensa\u00e7\u00e3o t\u00e9rmica de 23\u00b0. Al\u00e9m disso, os ventos ficam com m\u00e9dia de 13 km\/h e rajadas de at\u00e9 19 km\/h. A umidade relativa do ar bate em 48%.<\/p>\n\n\n\n<p class=\"wp-block-paragraph\"><strong>\u25b6\ufe0f\u00a0Inscreva-se nos dois canais do GRANDE PR\u00caMIO no YouTube:\u00a0<a href=\"https:\/\/www.youtube.com\/channel\/UC9OlHEgxoaY6QY6nWPoiqQg?sub_confirmation=1\" target=\"_blank\" rel=\"noreferrer noopener\">GP<\/a>\u00a0|\u00a0<a href=\"https:\/\/www.youtube.com\/channel\/UC9csiS6q_C3C0FYhyr1rnFA?sub_confirmation=1\" target=\"_blank\" rel=\"noreferrer noopener\">GP2<\/a><\/strong><br><strong>\u25b6\ufe0f\u00a0<a href=\"https:\/\/www.twitch.tv\/grandepremio\" target=\"_blank\" rel=\"noreferrer noopener\">Conhe\u00e7a o canal do GRANDE PR\u00caMIO na Twitch clicando aqui!<\/a><\/strong><\/p>\n\n\n\n<figure class=\"wp-block-image size-large\"><img decoding=\"async\" src=\"https:\/\/www.grandepremio.com\/br\/wp-content\/uploads\/2022\/03\/redbull-maxverstappen-01-2-1024x576.jpg\" alt=\"\" class=\"wp-image-550124\"\/><figcaption>Ano passado F\u00f3rmula 1 tamb\u00e9m testou no Bahrein (Foto: Red Bull Content Pool)<\/figcaption><\/figure>\n\n\n\n<p class=\"wp-block-paragraph\"><strong>LEIA MAIS<br>+ <a href=\"https:\/\/www.grandepremio.com\/br\/f1\/noticias\/confira-escalacao-equipes-testes-coletivos-pre-temporada-formula-1\/\" class=\"ek-link\">Confira escala\u00e7\u00e3o das equipes para testes coletivos da pr\u00e9-temporada da F\u00f3rmula 1<\/a><\/strong><\/p>\n\n\n\n<p class=\"wp-block-paragraph\">A sess\u00e3o de testes se divide em dois turnos e com uma interrup\u00e7\u00e3o de uma hora bem no meio, o hor\u00e1rio reservado para almo\u00e7o. Assim, a parte da manh\u00e3 se estende das 10h \u00e0s 14h locais [4h \u00e0s 8h de Bras\u00edlia]. Ao longo deste per\u00edodo, a temperatura sobe para 24\u00b0C e sensa\u00e7\u00e3o t\u00e9rmica de 26\u00b0C. Os ventos seguem a mesma toada, com a umidade caindo para 40%.<\/p>\n\n\n\n<p class=\"wp-block-paragraph\">Ap\u00f3s a hora de almo\u00e7o, os carros voltam a acelerar a a partir das 15h locais [9h de Bras\u00edlia] para mais um turno de quatro horas. Os testes voltam com expectativa de 25\u00b0C de temperatura e sensa\u00e7\u00e3o t\u00e9rmica, mas com umidade em 36%. Os ventos ficam um pouco mais fortes, 15 km\/h de m\u00e9dia e at\u00e9 22 km\/h de rajadas.<\/p>\n\n\n\n<p class=\"wp-block-paragraph\">As condi\u00e7\u00f5es se mant\u00e9m bem parecidas nas duas horas seguintes, com a temperatura esperada sendo a mesma e apenas a for\u00e7a dos ventos subindo para rajadas de at\u00e9 24 km\/h. Para a hora final, por\u00e9m, o sol come\u00e7a a se p\u00f4r no Bahrein. A temperatura cai pouco, somente para 24\u00b0C e 22\u00b0C de sensa\u00e7\u00e3o, mas os ventos sobem para 17 km\/h de m\u00e9dia e 26 km\/h em rajadas. <strong>N\u00e3o h\u00e1 qualquer chance de chuva durante o dia<\/strong>.<\/p>\n\n\n\n<p class=\"wp-block-paragraph\">Depois de hoje, a F\u00f3rmula 1 fica na pista para os mesmos hor\u00e1rios na sexta-feira e no s\u00e1bado. Depois disso, com os testes findados, retorna ao tra\u00e7ado de Sakhir em uma semana, para o <strong>GP do Bahrein<\/strong> que abre a temporada 2023 da F\u00f3rmula 1 oficialmente.<\/p>\n\n\n\n<p class=\"wp-block-paragraph\">O <strong>GRANDE PR\u00caMIO<\/strong> acompanha toda a sess\u00e3o de testes <a href=\"https:\/\/www.grandepremio.com\/br\/ao-vivo\/\" class=\"ek-link\"><strong>AO VIVO<\/strong> e <strong>EM TEMPO REAL<\/strong><\/a>.<\/p>\n\n\n\n<figure class=\"wp-block-embed is-type-video is-provider-youtube wp-block-embed-youtube wp-embed-aspect-16-9 wp-has-aspect-ratio\"><div class=\"wp-block-embed__wrapper\">\n<iframe loading=\"lazy\" title=\"DRUGOVICH GARANTIDO NA PR\u00c9-TEMPORADA DA F1 2023 PELA ASTON MARTIN\" width=\"500\" height=\"281\" src=\"https:\/\/www.youtube.com\/embed\/5cflSc-qfjM?feature=oembed\" frameborder=\"0\" allow=\"accelerometer; autoplay; clipboard-write; encrypted-media; gyroscope; picture-in-picture; web-share\" referrerpolicy=\"strict-origin-when-cross-origin\" allowfullscreen><\/iframe>\n<\/div><figcaption>Drugovich garantido na pr\u00e9-temporada da F1 2023 pela Aston Martin<\/figcaption><\/figure>\n","protected":false},"excerpt":{"rendered":"<p>Os testes coletivos de pr\u00e9-temporada da F\u00f3rmula 1 come\u00e7am nesta quinta-feira em Sakhir sem grandes sobressaltos clim\u00e1ticos<\/p>\n","protected":false},"author":0,"featured_media":1000654098,"comment_status":"closed","ping_status":"closed","sticky":false,"template":"","format":"standard","meta":{"42wp_featured_image_caption":"","42wp_featured_image_credits":"","42wp_featured_video":"","42wp_featured_image_hidden":false,"42wp_authors_list":[],"footnotes":""},"categories":[2],"tags":[1667,6533,30722,1491,30103,28285,1756,2033,1881],"42wp_author":[47120],"class_list":["post-105397","post","type-post","status-publish","format-standard","has-post-thumbnail","hentry","category-f1","tag-bahrein","tag-f1-2023","tag-formula-1-2023","tag-grande-premio","tag-grande-premio-f1","tag-grandepremio","tag-sakhir","tag-temperatura","tag-testes-coletivos","42wp_author-pedro-henrique-marum"],"_links":{"self":[{"href":"https:\/\/grandepremio.com\/br\/wp-json\/wp\/v2\/posts\/105397","targetHints":{"allow":["GET"]}}],"collection":[{"href":"https:\/\/grandepremio.com\/br\/wp-json\/wp\/v2\/posts"}],"about":[{"href":"https:\/\/grandepremio.com\/br\/wp-json\/wp\/v2\/types\/post"}],"replies":[{"embeddable":true,"href":"https:\/\/grandepremio.com\/br\/wp-json\/wp\/v2\/comments?post=105397"}],"version-history":[{"count":0,"href":"https:\/\/grandepremio.com\/br\/wp-json\/wp\/v2\/posts\/105397\/revisions"}],"wp:featuredmedia":[{"embeddable":true,"href":"https:\/\/grandepremio.com\/br\/wp-json\/wp\/v2\/media\/1000654098"}],"wp:attachment":[{"href":"https:\/\/grandepremio.com\/br\/wp-json\/wp\/v2\/media?parent=105397"}],"wp:term":[{"taxonomy":"category","embeddable":true,"href":"https:\/\/grandepremio.com\/br\/wp-json\/wp\/v2\/categories?post=105397"},{"taxonomy":"post_tag","embeddable":true,"href":"https:\/\/grandepremio.com\/br\/wp-json\/wp\/v2\/tags?post=105397"},{"taxonomy":"42wp_author","embeddable":true,"href":"https:\/\/grandepremio.com\/br\/wp-json\/wp\/v2\/42wp_author?post=105397"}],"curies":[{"name":"wp","href":"https:\/\/api.w.org\/{rel}","templated":true}]}}