{"id":105398,"date":"2023-02-23T03:30:00","date_gmt":"2023-02-23T06:30:00","guid":{"rendered":"https:\/\/grandepremio.com\/br\/noticias\/as-corridas-do-fim-de-semana-na-tv-e-no-streaming-23-a-26-de-fevereiro\/"},"modified":"2023-02-22T20:52:13","modified_gmt":"2023-02-22T23:52:13","slug":"as-corridas-do-fim-de-semana-na-tv-e-no-streaming-23-a-26-de-fevereiro","status":"publish","type":"post","link":"https:\/\/grandepremio.com\/br\/programacao-tv\/as-corridas-do-fim-de-semana-na-tv-e-no-streaming-23-a-26-de-fevereiro\/","title":{"rendered":"As corridas do fim de semana na TV e no streaming: 23 a 26 de fevereiro"},"content":{"rendered":"\n<p class=\"wp-block-paragraph\"><strong>Quinta-feira, 23 de fevereiro<\/strong><\/p>\n\n\n\n<figure class=\"wp-block-table\"><table><tbody><tr><td>CATEGORIA<\/td><td>ETAPA<\/td><td>ATIVIDADE<\/td><td>HORA<\/td><td>EMISSORA<\/td><\/tr><tr><td>F\u00f3rmula 1<\/td><td>Bahrein<\/td><td>Pr\u00e9-temporada<\/td><td>04:00 &#8211; 08:15<\/td><td>F1 TV | Band.com.br<\/td><\/tr><tr><td>F\u00f3rmula 1<\/td><td>Bahrein<\/td><td>Pr\u00e9-temporada<\/td><td>09:15 &#8211; 13:30<\/td><td>F1 TV | Band.com.br | BandSports<\/td><\/tr><\/tbody><\/table><\/figure>\n\n\n\n<p class=\"wp-block-paragraph\"><strong>\u25b6\ufe0f&nbsp;Inscreva-se nos dois canais do GRANDE PR\u00caMIO no YouTube:&nbsp;<a href=\"https:\/\/www.youtube.com\/channel\/UC9OlHEgxoaY6QY6nWPoiqQg?sub_confirmation=1\" target=\"_blank\" rel=\"noreferrer noopener\">GP<\/a>&nbsp;|&nbsp;<a href=\"https:\/\/www.youtube.com\/channel\/UC9csiS6q_C3C0FYhyr1rnFA?sub_confirmation=1\" target=\"_blank\" rel=\"noreferrer noopener\">GP2<\/a><\/strong><br><strong>\u25b6\ufe0f&nbsp;<a href=\"https:\/\/www.twitch.tv\/grandepremio\" target=\"_blank\" rel=\"noreferrer noopener\">Conhe\u00e7a o canal do GRANDE PR\u00caMIO na Twitch clicando aqui!<\/a><\/strong><\/p>\n\n\n\n<p class=\"wp-block-paragraph\"><strong>Sexta-feira, 24 de fevereiro<\/strong><\/p>\n\n\n\n<figure class=\"wp-block-table\"><table><tbody><tr><td>CATEGORIA<\/td><td>ETAPA<\/td><td>ATIVIDADE<\/td><td>HORA<\/td><td>EMISSORA<\/td><\/tr><tr><td>F\u00f3rmula 1<\/td><td>Bahrein<\/td><td>Pr\u00e9-temporada<\/td><td>04:00 &#8211; 08:15<\/td><td>F1 TV | Band.com.br<\/td><\/tr><tr><td>F\u00f3rmula 1<\/td><td>Bahrein<\/td><td>Pr\u00e9-temporada<\/td><td>09:15 &#8211; 13:30<\/td><td>F1 TV | Band.com.br | BandSports<\/td><\/tr><tr><td>F\u00f3rmula E<\/td><td>eP da Cidade do Cabo<\/td><td>Treino livre 1<\/td><td>11:55<\/td><td><strong><a href=\"https:\/\/www.youtube.com\/watch?v=f8aopyEJBYA\" class=\"ek-link\">GRANDE PR\u00caMIO<\/a><\/strong><\/td><\/tr><\/tbody><\/table><\/figure>\n\n\n\n<p class=\"wp-block-paragraph\" id=\"block-9d3cf704-967e-4edc-bc3b-f3e61c89fdd1\"><strong>S\u00e1bado, 25 de fevereiro<\/strong><\/p>\n\n\n\n<figure class=\"wp-block-table\"><table><tbody><tr><td>CATEGORIA<\/td><td>ETAPA<\/td><td>ATIVIDADE<\/td><td>HORA<\/td><td>EMISSORA<\/td><\/tr><tr><td>Supersport<\/td><td>GP da Austr\u00e1lia<\/td><td>Corrida 1<\/td><td>00:15<\/td><td>BandSports<\/td><\/tr><tr><td>Superbike<\/td><td>GP da Austr\u00e1lia<\/td><td>Corrida 1<\/td><td>01:30<\/td><td>BandSports<\/td><\/tr><tr><td>F\u00f3rmula 1<\/td><td>Bahrein<\/td><td>Pr\u00e9-temporada<\/td><td>04:00 &#8211; 08:15<\/td><td>F1 TV | Band.com.br<\/td><\/tr><tr><td>F\u00f3rmula E<\/td><td>eP da Cidade do Cabo<\/td><td>Treino livre 2<\/td><td>04:05<\/td><td><strong><a href=\"https:\/\/www.youtube.com\/watch?v=I8QxHc2N9sI\" class=\"ek-link\">GRANDE PR\u00caMIO<\/a> <\/strong><\/td><\/tr><tr><td>F\u00f3rmula E<\/td><td>eP da Cidade do Cabo<\/td><td>Classifica\u00e7\u00e3o<\/td><td>06:30<\/td><td><a href=\"https:\/\/www.youtube.com\/watch?v=dx5myxXL1YM\" class=\"ek-link\"><strong>GRANDE PR\u00caMIO<\/strong><\/a> | BandSports<\/td><\/tr><tr><td>F\u00f3rmula 1<\/td><td>Bahrein<\/td><td>Pr\u00e9-temporada<\/td><td>09:15 &#8211; 13:30<\/td><td>F1 TV | Band.com.br | BandSports<\/td><\/tr><tr><td>F\u00f3rmula E<\/td><td>eP da Cidade do Cabo<\/td><td>Corrida<\/td><td>10:30<\/td><td><a href=\"https:\/\/www.youtube.com\/watch?v=TbgZbiyOTwU\" class=\"ek-link\"><strong>GRANDE PR\u00caMIO<\/strong><\/a> | Band | BandSports<\/td><\/tr><tr><td>Superbike<\/td><td>GP da Austr\u00e1lia<\/td><td>Superpole<\/td><td>23:15<\/td><td>BandSports<\/td><\/tr><\/tbody><\/table><\/figure>\n\n\n\n\n\n<p class=\"wp-block-paragraph\"><strong>Domingo, 26 de fevereiro<\/strong><\/p>\n\n\n\n<figure class=\"wp-block-table\"><table><tbody><tr><td>CATEGORIA<\/td><td>ETAPA<\/td><td>ATIVIDADE<\/td><td>HORA<\/td><td>EMISSORA<\/td><\/tr><tr><td>Supersport<\/td><td>GP da Austr\u00e1lia<\/td><td>Corrida 2<\/td><td>00:15<\/td><td>BandSports<\/td><\/tr><tr><td>Superbike<\/td><td>GP da Austr\u00e1lia<\/td><td>Corrida 2<\/td><td>01:30<\/td><td>BandSports<\/td><\/tr><tr><td>Nascar<\/td><td>Auto Club<\/td><td>Corrida<\/td><td>17:30<\/td><td>BandSports<\/td><\/tr><\/tbody><\/table><\/figure>\n\n\n\n<p class=\"wp-block-paragraph\"><strong>Programa\u00e7\u00e3o do GRANDE PR\u00caMIO<\/strong><\/p>\n\n\n\n<figure class=\"wp-block-table\"><table><tbody><tr><td>PROGRAMA<\/td><td>ETAPA<\/td><td>ATIVIDADE<\/td><td>HORA<\/td><td>TRANSMISS\u00c3O<\/td><\/tr><tr><td>Briefing (QUI)<\/td><td>Bahrein<\/td><td>P\u00f3s-dia 1 de testes da F1<\/td><td>13:30<\/td><td><a href=\"https:\/\/bit.ly\/GPCanal\">GPTV (YouTube)<\/a><\/td><\/tr><tr><td>Briefing (SEX)<\/td><td>Bahrein<\/td><td>P\u00f3s-dia 2 de testes da F1<\/td><td>13:30<\/td><td><a href=\"https:\/\/bit.ly\/GPCanal\" class=\"ek-link\">GPTV (YouTube)<\/a><\/td><\/tr><tr><td>Briefing (S\u00c1B)<\/td><td>eP da Cidade do Cabo<\/td><td>P\u00f3s-corrida<\/td><td>12:35<\/td><td><a href=\"https:\/\/bit.ly\/GPCanal\" class=\"ek-link\">GPTV (YouTube)<\/a><\/td><\/tr><tr><td>Briefing (S\u00c1B)<\/td><td>Bahrein<\/td><td>P\u00f3s-dia 3 de testes da F1<\/td><td>13:30<\/td><td><a href=\"https:\/\/bit.ly\/GPCanal\">GPTV (YouTube)<\/a><\/td><\/tr><\/tbody><\/table><\/figure>\n","protected":false},"excerpt":{"rendered":"<p>A agenda do esporte a motor chega recheada no fim de semana. Isso porque a F1 est\u00e1 de volta e realiza a pr\u00e9-temporada no Bahrein. Al\u00e9m disso, a F\u00f3rmula E, que tem transmiss\u00e3o do GRANDE PR\u00caMIO, corre na Cidade do Cabo. Enquanto isso, o Mundial de Superbike abre o campeonato na Austr\u00e1lia. J\u00e1 a Nascar vai a Calif\u00f3rnia. Confira a programa\u00e7\u00e3o de TV e streaming<\/p>\n","protected":false},"author":0,"featured_media":1000637841,"comment_status":"closed","ping_status":"closed","sticky":false,"template":"","format":"standard","meta":{"42wp_featured_image_caption":"","42wp_featured_image_credits":"","42wp_featured_video":"","42wp_featured_image_hidden":false,"42wp_authors_list":[],"footnotes":""},"categories":[38],"tags":[1667,1280,28679,6853,147,6533,160,379,30779,180,30722,840,31435,1601,1753,1491,30103,28285,159,3724,950,411,28415,32087,33467,2717,25771,26036,1756,675,939,25978,305,1881,832],"42wp_author":[47109],"class_list":["post-105398","post","type-post","status-publish","format-standard","has-post-thumbnail","hentry","category-programacao-tv","tag-bahrein","tag-band","tag-calendario-formula-e","tag-classificacao-formula-e","tag-f1","tag-f1-2023","tag-f1-tv","tag-fe","tag-fe-2023","tag-formula-1","tag-formula-1-2023","tag-formula-e","tag-formula-e-2023","tag-gen3","tag-gp-da-australia","tag-grande-premio","tag-grande-premio-f1","tag-grandepremio","tag-horarios-da-f1","tag-mundial-de-f1","tag-mundial-de-superbike","tag-nascar","tag-novos-carros-da-f1","tag-onde-assistir","tag-onde-assistir-f1-2023","tag-pre-temporada","tag-programacao","tag-programacao-de-tv","tag-sakhir","tag-streaming","tag-superbike","tag-temporada-2023","tag-testes","tag-testes-coletivos","tag-treinos","42wp_author-redacao-gp"],"_links":{"self":[{"href":"https:\/\/grandepremio.com\/br\/wp-json\/wp\/v2\/posts\/105398","targetHints":{"allow":["GET"]}}],"collection":[{"href":"https:\/\/grandepremio.com\/br\/wp-json\/wp\/v2\/posts"}],"about":[{"href":"https:\/\/grandepremio.com\/br\/wp-json\/wp\/v2\/types\/post"}],"replies":[{"embeddable":true,"href":"https:\/\/grandepremio.com\/br\/wp-json\/wp\/v2\/comments?post=105398"}],"version-history":[{"count":0,"href":"https:\/\/grandepremio.com\/br\/wp-json\/wp\/v2\/posts\/105398\/revisions"}],"wp:featuredmedia":[{"embeddable":true,"href":"https:\/\/grandepremio.com\/br\/wp-json\/wp\/v2\/media\/1000637841"}],"wp:attachment":[{"href":"https:\/\/grandepremio.com\/br\/wp-json\/wp\/v2\/media?parent=105398"}],"wp:term":[{"taxonomy":"category","embeddable":true,"href":"https:\/\/grandepremio.com\/br\/wp-json\/wp\/v2\/categories?post=105398"},{"taxonomy":"post_tag","embeddable":true,"href":"https:\/\/grandepremio.com\/br\/wp-json\/wp\/v2\/tags?post=105398"},{"taxonomy":"42wp_author","embeddable":true,"href":"https:\/\/grandepremio.com\/br\/wp-json\/wp\/v2\/42wp_author?post=105398"}],"curies":[{"name":"wp","href":"https:\/\/api.w.org\/{rel}","templated":true}]}}