{"id":105399,"date":"2023-02-22T19:00:00","date_gmt":"2023-02-22T22:00:00","guid":{"rendered":"https:\/\/grandepremio.com\/br\/noticias\/escalacao-felipe-drugovich-indicio-correr-bahrein-rodrigo-berton\/"},"modified":"2023-02-22T18:40:49","modified_gmt":"2023-02-22T21:40:49","slug":"escalacao-felipe-drugovich-indicio-correr-bahrein-rodrigo-berton","status":"publish","type":"post","link":"https:\/\/grandepremio.com\/br\/f1\/escalacao-felipe-drugovich-indicio-correr-bahrein-rodrigo-berton\/","title":{"rendered":"&#8220;Escala\u00e7\u00e3o de Drugovich \u00e9 ind\u00edcio de que vai correr no Bahrein&#8221;, diz Rodrigo Berton"},"content":{"rendered":"\n<p class=\"wp-block-paragraph\">A <strong>Aston Martin <\/strong>sofreu um baque antes mesmo do in\u00edcio da pr\u00e9-temporada da <strong>F\u00f3rmula 1<\/strong> e viu seu titular, <strong>Lance<\/strong> <strong>Stroll<\/strong>, sofrer um acidente de bicicleta durante uma sess\u00e3o de treinos na <strong>Espanha<\/strong>. Logo depois, a equipe brit\u00e2nica anunciou que o reserva <strong>Felipe Drugovich <\/strong>ir\u00e1 assumir as fun\u00e7\u00f5es do canadense no cockpit do <strong>AMR23<\/strong>, ao lado de <strong>Fernando Alonso<\/strong>, durante o per\u00edodo de testes do Bahrein.<\/p>\n\n\n\n<p class=\"wp-block-paragraph\">E na opini\u00e3o de <strong>Rodrigo Berton<\/strong>, produtor do <strong>Paddock GP<\/strong> \u2014 a mesa redonda sobre automobilismo composta por jornalistas do <strong>GRANDE PR\u00caMIO <\/strong>\u2014, a escala\u00e7\u00e3o do campe\u00e3o da F2 2022 \u00e9 um ind\u00edcio de que Lance n\u00e3o estar\u00e1 dispon\u00edvel para correr na abertura do campeonato, tamb\u00e9m no deserto de Sakhir.<\/p>\n\n\n\n<p class=\"wp-block-paragraph\"><strong>\u25b6\ufe0f&nbsp;<a href=\"https:\/\/www.twitch.tv\/grandepremio\" target=\"_blank\" rel=\"noreferrer noopener\">Conhe\u00e7a o canal do GRANDE PR\u00caMIO na Twitch clicando aqui!<\/a><\/strong><\/p>\n\n\n\n<p class=\"wp-block-paragraph\"><strong>\u25b6\ufe0f&nbsp;Inscreva-se nos dois canais do GRANDE PR\u00caMIO no YouTube:&nbsp;<a href=\"https:\/\/www.youtube.com\/channel\/UC9OlHEgxoaY6QY6nWPoiqQg?sub_confirmation=1\" target=\"_blank\" rel=\"noreferrer noopener\">GP<\/a>&nbsp;|&nbsp;<a href=\"https:\/\/www.youtube.com\/channel\/UC9csiS6q_C3C0FYhyr1rnFA?sub_confirmation=1\" target=\"_blank\" rel=\"noreferrer noopener\">GP2<\/a><\/strong><\/p>\n\n\n\n<p class=\"wp-block-paragraph\"><strong>Confira abaixo o trecho, que foi ao ar ao vivo na edi\u00e7\u00e3o #317 da \u00faltima segunda-feira (20):<\/strong><\/p>\n\n\n\n<figure class=\"wp-block-embed is-type-rich is-provider-incorporar-manipulador wp-block-embed-incorporar-manipulador wp-embed-aspect-16-9 wp-has-aspect-ratio\"><div class=\"wp-block-embed__wrapper\">\n<iframe loading=\"lazy\" title=\"&quot;DRUGOVICH ESCALADO NA F1 \u00c9 IND\u00cdCIO DE QUE CORRE NO BAHREIN&quot;\" width=\"500\" height=\"281\" src=\"https:\/\/www.youtube.com\/embed\/yUgAuerij-k?feature=oembed\" frameborder=\"0\" allow=\"accelerometer; autoplay; clipboard-write; encrypted-media; gyroscope; picture-in-picture; web-share\" referrerpolicy=\"strict-origin-when-cross-origin\" allowfullscreen><\/iframe>\n<\/div><\/figure>\n","protected":false},"excerpt":{"rendered":"<p>Felipe Drugovich est\u00e1 escalado pela Aston Martin para substituir Lance Stroll na pr\u00e9-temporada da F\u00f3rmula 1, e Rodrigo Berton opinou no Paddock GP #317 que o chamado \u00e9 um ind\u00edcio de que o brasileiro ir\u00e1 correr no GP do Bahrein, abertura da temporada<\/p>\n","protected":false},"author":0,"featured_media":1000653940,"comment_status":"closed","ping_status":"closed","sticky":false,"template":"","format":"standard","meta":{"42wp_featured_image_caption":"","42wp_featured_image_credits":"","42wp_featured_video":"","42wp_featured_image_hidden":false,"42wp_authors_list":[],"footnotes":""},"categories":[2],"tags":[309,1667,147,6533,1024,180,1491,30103,28285,485,1537,2717,1296,317],"42wp_author":[47142],"class_list":["post-105399","post","type-post","status-publish","format-standard","has-post-thumbnail","hentry","category-f1","tag-aston-martin","tag-bahrein","tag-f1","tag-f1-2023","tag-felipe-drugovich","tag-formula-1","tag-grande-premio","tag-grande-premio-f1","tag-grandepremio","tag-lance-stroll","tag-paddock-gp","tag-pre-temporada","tag-rodrigo-berton","tag-youtube","42wp_author-jp-nascimento"],"_links":{"self":[{"href":"https:\/\/grandepremio.com\/br\/wp-json\/wp\/v2\/posts\/105399","targetHints":{"allow":["GET"]}}],"collection":[{"href":"https:\/\/grandepremio.com\/br\/wp-json\/wp\/v2\/posts"}],"about":[{"href":"https:\/\/grandepremio.com\/br\/wp-json\/wp\/v2\/types\/post"}],"replies":[{"embeddable":true,"href":"https:\/\/grandepremio.com\/br\/wp-json\/wp\/v2\/comments?post=105399"}],"version-history":[{"count":0,"href":"https:\/\/grandepremio.com\/br\/wp-json\/wp\/v2\/posts\/105399\/revisions"}],"wp:featuredmedia":[{"embeddable":true,"href":"https:\/\/grandepremio.com\/br\/wp-json\/wp\/v2\/media\/1000653940"}],"wp:attachment":[{"href":"https:\/\/grandepremio.com\/br\/wp-json\/wp\/v2\/media?parent=105399"}],"wp:term":[{"taxonomy":"category","embeddable":true,"href":"https:\/\/grandepremio.com\/br\/wp-json\/wp\/v2\/categories?post=105399"},{"taxonomy":"post_tag","embeddable":true,"href":"https:\/\/grandepremio.com\/br\/wp-json\/wp\/v2\/tags?post=105399"},{"taxonomy":"42wp_author","embeddable":true,"href":"https:\/\/grandepremio.com\/br\/wp-json\/wp\/v2\/42wp_author?post=105399"}],"curies":[{"name":"wp","href":"https:\/\/api.w.org\/{rel}","templated":true}]}}