{"id":105414,"date":"2023-02-22T09:25:03","date_gmt":"2023-02-22T12:25:03","guid":{"rendered":"https:\/\/grandepremio.com\/br\/noticias\/george-russell-pede-formula-1-libere-equipes-uso-dois-carros-testes-denominador-comum\/"},"modified":"2023-02-22T10:23:46","modified_gmt":"2023-02-22T13:23:46","slug":"george-russell-pede-formula-1-libere-equipes-uso-dois-carros-testes-denominador-comum","status":"publish","type":"post","link":"https:\/\/grandepremio.com\/br\/f1\/george-russell-pede-formula-1-libere-equipes-uso-dois-carros-testes-denominador-comum\/","title":{"rendered":"Russell pede que F1 libere equipes para uso de dois carros em testes: &#8220;Denominador comum&#8221;"},"content":{"rendered":"\n<figure class=\"wp-block-embed is-type-video is-provider-youtube wp-block-embed-youtube wp-embed-aspect-16-9 wp-has-aspect-ratio\"><div class=\"wp-block-embed__wrapper\">\n<iframe loading=\"lazy\" title=\"DRUGOVICH GARANTIDO NA PR\u00c9-TEMPORADA DA F1 2023 PELA ASTON MARTIN\" width=\"500\" height=\"281\" src=\"https:\/\/www.youtube.com\/embed\/5cflSc-qfjM?feature=oembed\" frameborder=\"0\" allow=\"accelerometer; autoplay; clipboard-write; encrypted-media; gyroscope; picture-in-picture; web-share\" referrerpolicy=\"strict-origin-when-cross-origin\" allowfullscreen><\/iframe>\n<\/div><figcaption>Drugovich garantido na pr\u00e9-temporada da F1 2023 pela Aston Martin<\/figcaption><\/figure>\n\n\n\n<p class=\"wp-block-paragraph\">A <strong>F\u00f3rmula 1<\/strong> est\u00e1 na v\u00e9spera de come\u00e7ar os <strong>testes coletivos de pr\u00e9-temporada<\/strong> de 2023. Ser\u00e1 uma \u00fanica sess\u00e3o de testes, com tr\u00eas dias de dura\u00e7\u00e3o divididos por dois turnos cada. Ao todo, em m\u00e9dia, cada piloto tem direito de guiar por metade do tempo: tr\u00eas turnos, ou um dia e meio, uma vez que cada equipe pode usar somente um carro. <strong>George Russell<\/strong> acha que \u00e9 muito pouco, mas tamb\u00e9m cr\u00ea que tem uma solu\u00e7\u00e3o: colocar os dois carros na pista.<\/p>\n\n\n\n<p class=\"wp-block-paragraph\"><strong>\u25b6\ufe0f\u00a0Inscreva-se nos dois canais do GRANDE PR\u00caMIO no YouTube:\u00a0<a href=\"https:\/\/www.youtube.com\/channel\/UC9OlHEgxoaY6QY6nWPoiqQg?sub_confirmation=1\" target=\"_blank\" rel=\"noreferrer noopener\">GP<\/a>\u00a0|\u00a0<a href=\"https:\/\/www.youtube.com\/channel\/UC9csiS6q_C3C0FYhyr1rnFA?sub_confirmation=1\" target=\"_blank\" rel=\"noreferrer noopener\">GP2<\/a><\/strong><br><strong>\u25b6\ufe0f\u00a0<a href=\"https:\/\/www.twitch.tv\/grandepremio\" target=\"_blank\" rel=\"noreferrer noopener\">Conhe\u00e7a o canal do GRANDE PR\u00caMIO na Twitch clicando aqui!<\/a><\/strong><\/p>\n\n\n\n<p class=\"wp-block-paragraph\">Se atualmente \u00e9 impens\u00e1vel aumentar a quantidade de sess\u00f5es de testes coletivos, ent\u00e3o que ao menos a F\u00f3rmula 1 libera as equipes a colocar as duplas na pista ao mesmo tempo. Assim, em vez de um dia e meio, os pilotos teriam tr\u00eas dias de pista.<\/p>\n\n\n\n<p class=\"wp-block-paragraph\">&#8220;Pessoalmente falando, n\u00e3o acho que tr\u00eas dias sejam o bastante, porque, da perspectiva de cada piloto, temos somente um dia e meio. Tivemos sorte [de fazer o dia de filmagem em <strong>Silverstone<\/strong>], mas se n\u00e3o tiv\u00e9ssemos feito isso, estar\u00edamos fora do carro h\u00e1 12 semanas, desde <strong>Abu Dhabi<\/strong> at\u00e9 o <strong>Bahrein<\/strong>&#8220;, falou.<\/p>\n\n\n\n<figure class=\"wp-block-image size-large\"><img decoding=\"async\" src=\"https:\/\/www.grandepremio.com\/br\/wp-content\/uploads\/2022\/11\/mercedes-georgerussell-01-12-1024x683.jpg\" alt=\"\" class=\"wp-image-634863\"\/><figcaption>George Russell volta ao carro para a pr\u00e9-temporada (Foto: Mercedes)<\/figcaption><\/figure>\n\n\n\n<p class=\"wp-block-paragraph\"><strong>LEIA MAIS<br>+ <a href=\"https:\/\/www.grandepremio.com\/br\/f1\/noticias\/comissao-f1-aprova-novo-pneu-aumento-teto-mudancas-circuitos-2023\/\" class=\"ek-link\">Comiss\u00e3o da F1 aprova novo pneu, aumento de teto e mudan\u00e7as em circuitos para 2023<\/a><\/strong><\/p>\n\n\n\n<p class=\"wp-block-paragraph\">&#8220;D\u00e1 para imaginar <strong>Rafael Nadal<\/strong> passar 12 semanas sem bater numa bolinha e ir direto para o Aberto da Fran\u00e7a com um dia e meio de treino? Isso nunca aconteceria&#8221;, seguiu.<\/p>\n\n\n\n<p class=\"wp-block-paragraph\">A diminui\u00e7\u00e3o dos testes nos \u00faltimos tempos visa uma diminui\u00e7\u00e3o tanto de gastos quanto de volume de trabalho, com a carga atual de corridas sendo a maior da hist\u00f3ria.<\/p>\n\n\n\n<p class=\"wp-block-paragraph\">&#8220;Entendo isso. Ent\u00e3o, acho que liberar dois carros para andar tr\u00eas dias provavelmente seria um acerto. \u00c9 o melhor denominador comum poss\u00edvel, porque respeita os limites pelos quais os testes foram restritos, mas somente um dia e meio para cada piloto \u00e9 muito pouco&#8221;, refor\u00e7ou.<\/p>\n\n\n\n<p class=\"wp-block-paragraph\">O bicampe\u00e3o mundial <strong>Fernando Alonso<\/strong> concordou com Russell. &#8220;S\u00f3 teremos um dia e meio no Bahrein, ent\u00e3o sei que no GP do Bahrein eu n\u00e3o vou chegar 100%. Nem no GP da Ar\u00e1bia Saudita, talvez nem na Austr\u00e1lia. \u00c9 meio injusto, talvez. \u00c9 o \u00fanico esporte em que voc\u00ea treina um dia e meio para disputar um Mundial. Nenhum outro esporte faz isso&#8221;, finalizou.<\/p>\n\n\n\n<p class=\"wp-block-paragraph\">A F\u00f3rmula 1 volta \u00e0 pista a partir de amanh\u00e3, e at\u00e9 25 de fevereiro, nos testes coletivos de pr\u00e9-temporada, em Sakhir. Tamb\u00e9m \u00e9 l\u00e1 que, entre 3 e 5 de mar\u00e7o, a temporada come\u00e7a oficialmente.<\/p>\n\n\n\n<figure class=\"wp-block-embed is-type-video is-provider-youtube wp-block-embed-youtube wp-embed-aspect-16-9 wp-has-aspect-ratio\"><div class=\"wp-block-embed__wrapper\">\n<iframe loading=\"lazy\" title=\"DEU M*RDA? &quot;SIL\u00caNCIO DA RED BULL \u00c9 NO M\u00cdNIMO SUSPEITO&quot; | GP \u00e0s 10\" width=\"500\" height=\"281\" src=\"https:\/\/www.youtube.com\/embed\/8sZN6AvTcPE?feature=oembed\" frameborder=\"0\" allow=\"accelerometer; autoplay; clipboard-write; encrypted-media; gyroscope; picture-in-picture; web-share\" referrerpolicy=\"strict-origin-when-cross-origin\" allowfullscreen><\/iframe>\n<\/div><figcaption>DEU M*RDA? &#8220;SIL\u00caNCIO DA RED BULL \u00c9 NO M\u00cdNIMO SUSPEITO&#8221; | GP \u00e0s 10<\/figcaption><\/figure>\n","protected":false},"excerpt":{"rendered":"<p>George Russell lembrou que os pilotos passam meses fora do carro ap\u00f3s o fim da temporada e at\u00e9 a pr\u00e9-temporada. Assim, quer dobrar a participa\u00e7\u00e3o nos testes<\/p>\n","protected":false},"author":0,"featured_media":1000633598,"comment_status":"closed","ping_status":"closed","sticky":false,"template":"","format":"standard","meta":{"42wp_featured_image_caption":"","42wp_featured_image_credits":"","42wp_featured_video":"","42wp_featured_image_hidden":false,"42wp_authors_list":[],"footnotes":""},"categories":[2],"tags":[1667,6533,176,30722,800,1491,30103,28285,82,1756,1881],"42wp_author":[47120],"class_list":["post-105414","post","type-post","status-publish","format-standard","has-post-thumbnail","hentry","category-f1","tag-bahrein","tag-f1-2023","tag-fernando-alonso","tag-formula-1-2023","tag-george-russell","tag-grande-premio","tag-grande-premio-f1","tag-grandepremio","tag-mercedes","tag-sakhir","tag-testes-coletivos","42wp_author-pedro-henrique-marum"],"_links":{"self":[{"href":"https:\/\/grandepremio.com\/br\/wp-json\/wp\/v2\/posts\/105414","targetHints":{"allow":["GET"]}}],"collection":[{"href":"https:\/\/grandepremio.com\/br\/wp-json\/wp\/v2\/posts"}],"about":[{"href":"https:\/\/grandepremio.com\/br\/wp-json\/wp\/v2\/types\/post"}],"replies":[{"embeddable":true,"href":"https:\/\/grandepremio.com\/br\/wp-json\/wp\/v2\/comments?post=105414"}],"version-history":[{"count":0,"href":"https:\/\/grandepremio.com\/br\/wp-json\/wp\/v2\/posts\/105414\/revisions"}],"wp:featuredmedia":[{"embeddable":true,"href":"https:\/\/grandepremio.com\/br\/wp-json\/wp\/v2\/media\/1000633598"}],"wp:attachment":[{"href":"https:\/\/grandepremio.com\/br\/wp-json\/wp\/v2\/media?parent=105414"}],"wp:term":[{"taxonomy":"category","embeddable":true,"href":"https:\/\/grandepremio.com\/br\/wp-json\/wp\/v2\/categories?post=105414"},{"taxonomy":"post_tag","embeddable":true,"href":"https:\/\/grandepremio.com\/br\/wp-json\/wp\/v2\/tags?post=105414"},{"taxonomy":"42wp_author","embeddable":true,"href":"https:\/\/grandepremio.com\/br\/wp-json\/wp\/v2\/42wp_author?post=105414"}],"curies":[{"name":"wp","href":"https:\/\/api.w.org\/{rel}","templated":true}]}}