{"id":105418,"date":"2023-02-22T04:15:00","date_gmt":"2023-02-22T07:15:00","guid":{"rendered":"https:\/\/grandepremio.com\/br\/noticias\/novo-chefao-aponta-meta-tornar-sauber-equipe-atraente-pilotos-parceiros\/"},"modified":"2023-02-23T13:51:17","modified_gmt":"2023-02-23T16:51:17","slug":"novo-chefao-aponta-meta-tornar-sauber-equipe-atraente-pilotos-parceiros","status":"publish","type":"post","link":"https:\/\/grandepremio.com\/br\/f1\/novo-chefao-aponta-meta-tornar-sauber-equipe-atraente-pilotos-parceiros\/","title":{"rendered":"Novo chef\u00e3o aponta meta de tornar Sauber &#8220;equipe atraente&#8221; para pilotos e parceiros"},"content":{"rendered":"\n<figure class=\"wp-block-embed is-type-video is-provider-youtube wp-block-embed-youtube wp-embed-aspect-16-9 wp-has-aspect-ratio\"><div class=\"wp-block-embed__wrapper\">\n<iframe loading=\"lazy\" title=\"DRUGOVICH GARANTIDO NA PR\u00c9-TEMPORADA DA F1 2023 PELA ASTON MARTIN\" width=\"500\" height=\"281\" src=\"https:\/\/www.youtube.com\/embed\/5cflSc-qfjM?feature=oembed\" frameborder=\"0\" allow=\"accelerometer; autoplay; clipboard-write; encrypted-media; gyroscope; picture-in-picture; web-share\" referrerpolicy=\"strict-origin-when-cross-origin\" allowfullscreen><\/iframe>\n<\/div><figcaption>Drugovich garantido na pr\u00e9-temporada da F1 2023 pela Aston Martin<\/figcaption><\/figure>\n\n\n\n<p class=\"wp-block-paragraph\">Apesar de a <a href=\"https:\/\/www.grandepremio.com\/br\/f1\/noticias\/alfa-romeo-revela-futuro-incerto-f1-mira-decisao-ate-junho-tudo-mesa\/\" class=\"ek-link\"><strong>Alfa Romeo destacar que ainda pensa em permanecer na F\u00f3rmula 1 ap\u00f3s 2023<\/strong><\/a>, algo \u00e9 certo na <strong>Sauber<\/strong>: a equipe su\u00ed\u00e7a j\u00e1 come\u00e7ou a preparar terreno para a parceria com a <strong>Audi<\/strong>, a partir da temporada 2026. E, nesse hiato, o intuito \u00e9 se \u201ctransformar numa equipe atraente na F1\u201d.<\/p>\n\n\n\n<p class=\"wp-block-paragraph\">Esse \u00e9 o objetivo do novo diretor-executivo da Sauber, <strong>Andreas Seidl<\/strong>. \u201c<strong>Queremos nos tornar uma equipe atraente<\/strong>, na qual colaboradores, pilotos e parceiros queiram ficar\u201d, definiu o ex-chefe de equipe da <strong>McLaren<\/strong>. \u201cQueremos ser um time que os torcedores queiram seguir. Vou me concentrar, junto com a equipe, em conceber, implementar e executar uma agenda clara sobre como chegar l\u00e1&#8221;, concluiu.<\/p>\n\n\n\n<p class=\"wp-block-paragraph\"><strong>\u25b6\ufe0f&nbsp;Inscreva-se nos dois canais do GRANDE PR\u00caMIO no YouTube:&nbsp;<a href=\"https:\/\/www.youtube.com\/channel\/UC9OlHEgxoaY6QY6nWPoiqQg?sub_confirmation=1\" target=\"_blank\" rel=\"noreferrer noopener\">GP<\/a>&nbsp;|&nbsp;<a href=\"https:\/\/www.youtube.com\/channel\/UC9csiS6q_C3C0FYhyr1rnFA?sub_confirmation=1\" target=\"_blank\" rel=\"noreferrer noopener\">GP2<\/a><\/strong><br><strong>\u25b6\ufe0f&nbsp;<a href=\"https:\/\/www.twitch.tv\/grandepremio\" target=\"_blank\" rel=\"noreferrer noopener\">Conhe\u00e7a o canal do GRANDE PR\u00caMIO na Twitch clicando aqui!<\/a><\/strong><\/p>\n\n\n\n<figure class=\"wp-block-image size-large\"><img decoding=\"async\" src=\"https:\/\/www.grandepremio.com\/br\/wp-content\/uploads\/2023\/01\/large-Alessandro-Alunni-Bravi-and-Andreas-Seidl-1024x683.jpg\" alt=\"\" class=\"wp-image-647346\" \/><figcaption>Alessandro Bravi e Andreas Seidl: novos comandantes da Alfa Romeo (Foto: Alfa Romeo)<\/figcaption><\/figure>\n\n\n\n<p class=\"wp-block-paragraph\">De fato, alcan\u00e7ar esse objetivo repousa sobre uma quest\u00e3o central: conquistar grandes resultados nas pistas. \u201cA vis\u00e3o que temos em Hinwil quanto ao nosso futuro \u00e9 clara: continuar a progredir e <strong>ser uma equipe capaz de brigar por p\u00f3dios e vit\u00f3rias<\/strong>\u201d, destacou Seidl.<\/p>\n\n\n\n<p class=\"wp-block-paragraph\">Vale destacar que ainda h\u00e1 um grande caminho a ser percorrido nesse sentido. No ano passado, a equipe (sob o nome de Alfa Romeo) conquistou seu melhor resultado entre Construtores desde o in\u00edcio da parceria com a montadora italiana: sexto lugar, com 55 pontos. Entretanto, <strong>n\u00e3o obteve sequer um p\u00f3dio<\/strong>, tendo o quinto posto de <strong>Valtteri Bottas<\/strong>, no <strong><a href=\"https:\/\/www.grandepremio.com\/br\/f1\/noticias\/max-verstappen-domina-vence-emilia-romanha-dobradinha-red-bull-charles-leclerc-erra-6\/\" class=\"ek-link\">GP da Em\u00edlia-Romanha<\/a><\/strong>, como melhor resultado.<\/p>\n\n\n\n<p class=\"wp-block-paragraph\">A Sauber estreou na F\u00f3rmula 1 durante o GP da \u00c1frica do Sul de 1993, com um quinto lugar do finland\u00eas <strong>J. J. Lehto<\/strong>. Ali\u00e1s, o auge dessa hist\u00f3ria ocorreu entre 2006 e 2009, quando a equipe contou com parceria da <strong>BMW<\/strong>. Nesse per\u00edodo, conquistou 17 p\u00f3dios e uma vit\u00f3ria, com <strong>Robert Kubica<\/strong>, no Canad\u00e1, em 2008.<\/p>\n\n\n\n<figure class=\"wp-block-image size-large\"><img decoding=\"async\" src=\"https:\/\/www.grandepremio.com\/br\/wp-content\/uploads\/2022\/04\/alfaromeo-valtteribottas-01-7-1024x683.jpg\" alt=\"\" class=\"wp-image-561976\" \/><figcaption>Bottas pontuou em nove dos 22 GPs da temporada 2022 de F\u00f3rmula 1 (Foto: Alfa Romeo)<\/figcaption><\/figure>\n\n\n\n<h2 class=\"wp-block-heading\" id=\"h-seidl-se-concentrara-em-aspectos-tecnicos-e-de-prospeccao\"><strong>Seidl se concentrar\u00e1 em \u201caspectos t\u00e9cnicos e de prospec\u00e7\u00e3o\u201d<\/strong><\/h2>\n\n\n\n<p class=\"wp-block-paragraph\">Aos 47 anos, Andreas Seidl foi contratado ao t\u00e9rmino da temporada passada para ocupar o posto de CEO do Grupo Sauber. E ap\u00f3s quatro anos como chefe de equipe da McLaren, revela que ainda est\u00e1 em processo de ambienta\u00e7\u00e3o ao time su\u00ed\u00e7o.<\/p>\n\n\n\n<p class=\"wp-block-paragraph\">&#8220;Tenho dedicado meu tempo a conhecer o maior n\u00famero poss\u00edvel de pessoas, construir relacionamento e entender como a equipe funciona\u201d, conta. \u201cEm todas as minhas conversas, quero entender quais s\u00e3o os pontos fortes e fracos da organiza\u00e7\u00e3o e onde est\u00e1 a lacuna em rela\u00e7\u00e3o a equipes que est\u00e3o \u00e0 nossa frente&#8221;, finalizou.<\/p>\n\n\n\n<p class=\"wp-block-paragraph\">Neste primeiro instante, o alem\u00e3o trabalhar\u00e1 sobretudo em aspectos estrat\u00e9gicos e de prospec\u00e7\u00e3o da equipe. Dessa forma, a gest\u00e3o dos assuntos atuais na F\u00f3rmula 1 ficar\u00e1 com o diretor geral do Grupo Sauber, o italiano <strong>Alessandro Alunni Bravi<\/strong>, e t\u00e9cnicos de pista.<\/p>\n\n\n\n<figure class=\"wp-block-embed is-type-video is-provider-youtube wp-block-embed-youtube wp-embed-aspect-16-9 wp-has-aspect-ratio\"><div class=\"wp-block-embed__wrapper\">\n<iframe loading=\"lazy\" title=\"DEU M*RDA? &quot;SIL\u00caNCIO DA RED BULL \u00c9 NO M\u00cdNIMO SUSPEITO&quot; | GP \u00e0s 10\" width=\"500\" height=\"281\" src=\"https:\/\/www.youtube.com\/embed\/8sZN6AvTcPE?feature=oembed\" frameborder=\"0\" allow=\"accelerometer; autoplay; clipboard-write; encrypted-media; gyroscope; picture-in-picture; web-share\" referrerpolicy=\"strict-origin-when-cross-origin\" allowfullscreen><\/iframe>\n<\/div><figcaption>DEU M*RDA? &#8220;SIL\u00caNCIO DA RED BULL \u00c9 NO M\u00cdNIMO SUSPEITO&#8221; | GP \u00e0s 10<\/figcaption><\/figure>\n","protected":false},"excerpt":{"rendered":"<p>Para Andreas Seidl, novo diretor-executivo da Sauber, equipe precisa se concentrar em torno de progresso para brigar por p\u00f3dios e vit\u00f3rias na F1<\/p>\n","protected":false},"author":0,"featured_media":1000650029,"comment_status":"closed","ping_status":"closed","sticky":false,"template":"","format":"standard","meta":{"42wp_featured_image_caption":"","42wp_featured_image_credits":"","42wp_featured_video":"","42wp_featured_image_hidden":false,"42wp_authors_list":[],"footnotes":""},"categories":[2],"tags":[457,545,6533,30722,1491,30103,28285,1197,612],"42wp_author":[47152],"class_list":["post-105418","post","type-post","status-publish","format-standard","has-post-thumbnail","hentry","category-f1","tag-alfa-romeo","tag-andreas-seidl","tag-f1-2023","tag-formula-1-2023","tag-grande-premio","tag-grande-premio-f1","tag-grandepremio","tag-sauber","tag-valtteri-bottas","42wp_author-rafael-ligeiro"],"_links":{"self":[{"href":"https:\/\/grandepremio.com\/br\/wp-json\/wp\/v2\/posts\/105418","targetHints":{"allow":["GET"]}}],"collection":[{"href":"https:\/\/grandepremio.com\/br\/wp-json\/wp\/v2\/posts"}],"about":[{"href":"https:\/\/grandepremio.com\/br\/wp-json\/wp\/v2\/types\/post"}],"replies":[{"embeddable":true,"href":"https:\/\/grandepremio.com\/br\/wp-json\/wp\/v2\/comments?post=105418"}],"version-history":[{"count":0,"href":"https:\/\/grandepremio.com\/br\/wp-json\/wp\/v2\/posts\/105418\/revisions"}],"wp:featuredmedia":[{"embeddable":true,"href":"https:\/\/grandepremio.com\/br\/wp-json\/wp\/v2\/media\/1000650029"}],"wp:attachment":[{"href":"https:\/\/grandepremio.com\/br\/wp-json\/wp\/v2\/media?parent=105418"}],"wp:term":[{"taxonomy":"category","embeddable":true,"href":"https:\/\/grandepremio.com\/br\/wp-json\/wp\/v2\/categories?post=105418"},{"taxonomy":"post_tag","embeddable":true,"href":"https:\/\/grandepremio.com\/br\/wp-json\/wp\/v2\/tags?post=105418"},{"taxonomy":"42wp_author","embeddable":true,"href":"https:\/\/grandepremio.com\/br\/wp-json\/wp\/v2\/42wp_author?post=105418"}],"curies":[{"name":"wp","href":"https:\/\/api.w.org\/{rel}","templated":true}]}}