{"id":105439,"date":"2023-02-21T04:15:00","date_gmt":"2023-02-21T07:15:00","guid":{"rendered":"https:\/\/grandepremio.com\/br\/noticias\/alfa-romeo-revela-futuro-incerto-f1-mira-decisao-ate-junho-tudo-mesa\/"},"modified":"2023-02-21T17:34:41","modified_gmt":"2023-02-21T20:34:41","slug":"alfa-romeo-revela-futuro-incerto-f1-mira-decisao-ate-junho-tudo-mesa","status":"publish","type":"post","link":"https:\/\/grandepremio.com\/br\/f1\/alfa-romeo-revela-futuro-incerto-f1-mira-decisao-ate-junho-tudo-mesa\/","title":{"rendered":"Alfa Romeo revela futuro incerto na F1 e mira decis\u00e3o at\u00e9 junho: &#8220;Tudo est\u00e1 na mesa&#8221;"},"content":{"rendered":"\n<p class=\"wp-block-paragraph\">Mesmo <a href=\"https:\/\/www.grandepremio.com\/br\/f1\/noticias\/alfa-romeo-oficializa-saida-sauber-fim-2023-abre-caminho-audi-formula-1\/\" class=\"ek-link\">ap\u00f3s seis meses do an\u00fancio de que deixaria<\/a> a<strong> F\u00f3rmula 1 <\/strong>ao final desta temporada, a <strong>Alfa Romeo<\/strong> segue com futuro em aberto na categoria. E quem garantiu isso foi Jean-Philippe Imparato, <strong>CEO da marca italiana<\/strong>.<\/p>\n\n\n\n<p class=\"wp-block-paragraph\">\u201c<strong>A vida \u00e9 assim<\/strong>\u201d, declarou o dirigente ao site RacingNews 365. \u201cEmbora eu deva dizer desde j\u00e1 que ainda n\u00e3o temos certeza se deixaremos a F\u00f3rmula 1 ap\u00f3s esta temporada. Tomaremos uma decis\u00e3o sobre isso apenas no final de junho. Agora, na verdade, ainda estamos falando de um livro branco em termos de futuro, que ainda pode ser preenchido completamente\u201d, emendou.<\/p>\n\n\n\n<p class=\"wp-block-paragraph\">De acordo com Imparato, a <strong>montadora italiana avalia uma s\u00e9rie de fatores<\/strong>, inclusive a economia mundial, antes de bater o martelo sobre qual categoria pretende disputar no esporte a motor a partir do pr\u00f3ximo ano.<\/p>\n\n\n\n<figure class=\"wp-block-image size-large\"><img decoding=\"async\" src=\"https:\/\/www.grandepremio.com\/br\/wp-content\/uploads\/2023\/02\/AR1-2-1024x768.jpg\" alt=\"\" class=\"wp-image-650087\" \/><figcaption>A Alfa Romeo ainda n\u00e3o decidiu o que vai fazer ap\u00f3s 2023 no esporte a motor (Foto: Alfa Romeo)<\/figcaption><\/figure>\n\n\n\n<p class=\"wp-block-paragraph\"><strong>\u25b6\ufe0f&nbsp;Inscreva-se nos dois canais do GRANDE PR\u00caMIO no YouTube:&nbsp;<a href=\"https:\/\/www.youtube.com\/channel\/UC9OlHEgxoaY6QY6nWPoiqQg?sub_confirmation=1\" target=\"_blank\" rel=\"noreferrer noopener\">GP<\/a>&nbsp;|&nbsp;<a href=\"https:\/\/www.youtube.com\/channel\/UC9csiS6q_C3C0FYhyr1rnFA?sub_confirmation=1\" target=\"_blank\" rel=\"noreferrer noopener\">GP2<\/a><\/strong><\/p>\n\n\n\n<p class=\"wp-block-paragraph\">&#8220;\u00c9 muito interessante para n\u00f3s continuarmos a ter presen\u00e7a no automobilismo e, por isso, <strong>precisamos pesar onde queremos estar presentes<\/strong>\u201d, ressaltou. \u201cTudo est\u00e1 na mesa agora para 2024, e \u00e9 claro que todos sabem disso: n\u00e3o vivemos em um mundo f\u00e1cil agora. H\u00e1 muita coisa acontecendo, infla\u00e7\u00e3o, guerra, regulamentos. <strong>\u00c9 por isso que temos que tomar a melhor decis\u00e3o<\/strong>\u201d, afirmou o dirigente.<\/p>\n\n\n\n<p class=\"wp-block-paragraph\">O caminho mais vi\u00e1vel para a continuidade da Alfa Romeo na F\u00f3rmula 1 teoricamente seria a manuten\u00e7\u00e3o da parceria com a <strong>Sauber<\/strong>, em 2024. Contudo, \u00e9 importante ressaltar que a equipe criada por Peter Sauber j\u00e1 tem um acordo firmado com a Audi a partir de 2026 \u2013 a <strong>montadora alem\u00e3 comprar\u00e1 a\u00e7\u00f5es da Sauber ao longo dos pr\u00f3ximos tr\u00eas anos<\/strong>.<\/p>\n\n\n\n<p class=\"wp-block-paragraph\">Em 2023, a<strong> Alfa Romeo<\/strong> partir\u00e1 para a sua quinta temporada de parceria com a Sauber. No ano passado, o time conquistou a sua melhor classifica\u00e7\u00e3o no Mundial de Construtores nesse per\u00edodo: <strong>sexto lugar, com 55 pontos<\/strong>.<\/p>\n\n\n\n<p class=\"wp-block-paragraph\">Vale destacar que \u00e9 essa a terceira &#8220;era\u201d da Alfa Romeo na F\u00f3rmula 1. A primeira (e mais vencedora) foi nos dois primeiros anos do campeonato, quando garantiu os <strong>t\u00edtulos de Pilotos com Giuseppe \u201cNino\u201d Farina, em 1950, e Juan Manuel Fangio, em 1951<\/strong>; j\u00e1 a segunda, entre 1979 e 1985, reservou resultados bem mais discretos.<\/p>\n\n\n\n<p class=\"wp-block-paragraph\"><strong>\u25b6\ufe0f&nbsp;<a href=\"https:\/\/www.twitch.tv\/grandepremio\" target=\"_blank\" rel=\"noreferrer noopener\">Conhe\u00e7a o canal do GRANDE PR\u00caMIO na Twitch clicando aqui!<\/a><\/strong><\/p>\n","protected":false},"excerpt":{"rendered":"<p>Jean-Philippe Imparato, CEO da Alfa Romeo, revelou que o futuro da montadora ainda est\u00e1 em aberto e explicou motivos a serem levados em conta na decis\u00e3o de onde correr a partir de 2024<\/p>\n","protected":false},"author":0,"featured_media":1000650028,"comment_status":"closed","ping_status":"closed","sticky":false,"template":"","format":"standard","meta":{"42wp_featured_image_caption":"","42wp_featured_image_credits":"","42wp_featured_video":"","42wp_featured_image_hidden":false,"42wp_authors_list":[],"footnotes":""},"categories":[2],"tags":[457,32017,33847,33526,147,6533,180,159,33467,1197,25978,612],"42wp_author":[47152],"class_list":["post-105439","post","type-post","status-publish","format-standard","has-post-thumbnail","hentry","category-f1","tag-alfa-romeo","tag-calendario-f1-2023","tag-calendario-f1-2023-horarios","tag-classificacao-f1-2023","tag-f1","tag-f1-2023","tag-formula-1","tag-horarios-da-f1","tag-onde-assistir-f1-2023","tag-sauber","tag-temporada-2023","tag-valtteri-bottas","42wp_author-rafael-ligeiro"],"_links":{"self":[{"href":"https:\/\/grandepremio.com\/br\/wp-json\/wp\/v2\/posts\/105439","targetHints":{"allow":["GET"]}}],"collection":[{"href":"https:\/\/grandepremio.com\/br\/wp-json\/wp\/v2\/posts"}],"about":[{"href":"https:\/\/grandepremio.com\/br\/wp-json\/wp\/v2\/types\/post"}],"replies":[{"embeddable":true,"href":"https:\/\/grandepremio.com\/br\/wp-json\/wp\/v2\/comments?post=105439"}],"version-history":[{"count":0,"href":"https:\/\/grandepremio.com\/br\/wp-json\/wp\/v2\/posts\/105439\/revisions"}],"wp:featuredmedia":[{"embeddable":true,"href":"https:\/\/grandepremio.com\/br\/wp-json\/wp\/v2\/media\/1000650028"}],"wp:attachment":[{"href":"https:\/\/grandepremio.com\/br\/wp-json\/wp\/v2\/media?parent=105439"}],"wp:term":[{"taxonomy":"category","embeddable":true,"href":"https:\/\/grandepremio.com\/br\/wp-json\/wp\/v2\/categories?post=105439"},{"taxonomy":"post_tag","embeddable":true,"href":"https:\/\/grandepremio.com\/br\/wp-json\/wp\/v2\/tags?post=105439"},{"taxonomy":"42wp_author","embeddable":true,"href":"https:\/\/grandepremio.com\/br\/wp-json\/wp\/v2\/42wp_author?post=105439"}],"curies":[{"name":"wp","href":"https:\/\/api.w.org\/{rel}","templated":true}]}}