{"id":10544,"date":"2026-03-28T05:00:35","date_gmt":"2026-03-28T08:00:35","guid":{"rendered":"https:\/\/grandepremio.com\/br\/noticias\/max-verstappen-lista-problemas-japao-diz-classificacao-voltou-ser-impossivel\/"},"modified":"2026-03-28T06:41:30","modified_gmt":"2026-03-28T09:41:30","slug":"max-verstappen-lista-problemas-japao-diz-classificacao-voltou-ser-impossivel","status":"publish","type":"post","link":"https:\/\/grandepremio.com\/br\/f1\/max-verstappen-lista-problemas-japao-diz-classificacao-voltou-ser-impossivel\/","title":{"rendered":"Verstappen lista problemas no Jap\u00e3o e diz que &#8220;classifica\u00e7\u00e3o voltou a ser imposs\u00edvel&#8221;"},"content":{"rendered":"\n<p class=\"wp-block-paragraph\"><strong>Max Verstappen<\/strong> deixou a pista de <strong>Suzuka <\/strong>procurando palavras para explicar a quantidade de problemas enfrentados a bordo do <strong>RB22 <\/strong>durante a classifica\u00e7\u00e3o deste s\u00e1bado (28), que definiu o grid de largada do <strong>GP do Jap\u00e3o<\/strong>. O neerland\u00eas afirmou apenas que, no momento, &#8220;\u00e9 imposs\u00edvel de pilotar&#8221;.<\/p>\n\n\n\n<p class=\"wp-block-paragraph\">Verstappen caiu ainda no Q2, mas a baixa n\u00e3o chegou a ser t\u00e3o surpreendente diante da imensa dificuldade do #3 em guiar o carro no t\u00e9cnico tra\u00e7ado japon\u00eas. \u00c0 emissora brit\u00e2nica <em>Sky Sports<\/em>, tentou explicar o que acontecia.<\/p>\n\n\n\n<figure class=\"wp-block-embed is-type-video is-provider-youtube wp-block-embed-youtube wp-embed-aspect-16-9 wp-has-aspect-ratio\"><div class=\"wp-block-embed__wrapper\">\n<iframe loading=\"lazy\" title=\"F1: ANTONELLI POLE, BORTOLETO 9\u00ba | CLASSIFICA\u00c7\u00c3O GP JAP\u00c3O 2026 [narra\u00e7\u00e3o + Briefing]\" width=\"500\" height=\"281\" src=\"https:\/\/www.youtube.com\/embed\/_NWz4t7yZW4?feature=oembed\" frameborder=\"0\" allow=\"accelerometer; autoplay; clipboard-write; encrypted-media; gyroscope; picture-in-picture; web-share\" referrerpolicy=\"strict-origin-when-cross-origin\" allowfullscreen><\/iframe>\n<\/div><\/figure>\n\n\n\n<p class=\"wp-block-paragraph\">\u201cO carro nunca vira no meio da curva, mas ao mesmo tempo, neste fim de semana, est\u00e1 saindo muito de traseira na entrada. \u00c9 realmente dif\u00edcil, imprevis\u00edvel&#8221;, avaliou Max.<\/p>\n\n\n\n<p class=\"wp-block-paragraph\">\u201cPens\u00e1vamos que t\u00ednhamos corrigido um pouco no <strong>TL3<\/strong>, quero dizer, o carro ainda sa\u00eda muito de frente, mas agora na classifica\u00e7\u00e3o, para mim, estava novamente imposs\u00edvel de pilotar, ent\u00e3o \u00e9 algo que precisamos analisar&#8221;, continuou.<\/p>\n\n\n\n<p class=\"wp-block-paragraph\">Para o fim de semana no <strong>Jap\u00e3o<\/strong>, a Red Bull levou algumas atualiza\u00e7\u00f5es, por\u00e9m esmo com um pacote aerodin\u00e2mico diferente, Verstappen declarou que a impress\u00e3o \u00e9 de que &#8220;n\u00e3o est\u00e1 funcionando&#8221;.<\/p>\n\n\n\n<p class=\"wp-block-paragraph\">\u201cIsso tamb\u00e9m n\u00e3o \u00e9 muito bom. Temos problemas que n\u00e3o consigo explicar em detalhes aqui, que sabemos que est\u00e3o l\u00e1, \u00e0s vezes um pouco piores do que outros, e acho que a classifica\u00e7\u00e3o voltou a um ponto em que se tornou imposs\u00edvel de pilotar&#8221;, completou.<\/p>\n\n\n\n<figure class=\"wp-block-image size-large\"><img decoding=\"async\" src=\"https:\/\/www.grandepremio.com\/br\/wp-content\/uploads\/2026\/03\/classificacao-f1-2026-red-bull-max-verstappen-03-1200x800.jpg\" alt=\"\" class=\"wp-image-1072706\"\/><figcaption class=\"wp-element-caption\">Max Verstappen ainda n\u00e3o se acertou com o RB22 (Foto: Red Bull Content Pool)<\/figcaption><\/figure>\n\n\n\n<p class=\"wp-block-paragraph\">Depois, ao streaming espanhol <em>DAZN<\/em>, Max falou que n\u00e3o teve ader\u00eancia. &#8220;Fizemos algumas altera\u00e7\u00f5es, mas temos problemas de equil\u00edbrio, e, na classifica\u00e7\u00e3o, os quiques se intensificaram&#8221;, listou, resumindo: &#8220;Se continuarmos assim, com os problemas que temos, a temporada vai ser muito longa&#8221;, com os problemas que temos&#8221;, encerrou.<\/p>\n\n\n\n<p class=\"wp-block-paragraph\" id=\"h-gp-experience-o-novo-produto-do-grande-premio-conecta-voce-aos-maiores-eventos-de-esporte-a-motor-do-mundo-va-para-indianapolis-com-a-gente-saiba-aqui-todos-os-detalhes\">O&nbsp;<strong>GRANDE PR\u00caMIO<\/strong>&nbsp;acompanha todas as atividades do&nbsp;<strong>GP do Jap\u00e3o<\/strong>, terceira etapa da&nbsp;<strong>temporada 2026&nbsp;<\/strong>da F1,<a href=\"https:\/\/www.grandepremio.com\/br\/ao-vivo\/f1\/\">&nbsp;<strong>AO VIVO E EM&nbsp;<\/strong><\/a><strong><a href=\"https:\/\/www.grandepremio.com\/br\/ao-vivo\/\" target=\"_blank\" rel=\"noreferrer noopener\">TEMPO REAL<\/a><\/strong>,&nbsp;<a href=\"https:\/\/www.youtube.com\/@GrandePremio1\/streams\">al\u00e9m de classifica\u00e7\u00e3o e corrida em&nbsp;<strong>SEGUNDA TELA&nbsp;<\/strong>no YouTube<\/a>, em parceria com a&nbsp;<strong>Voz do Esporte<\/strong>. O&nbsp;<strong>Briefing&nbsp;<\/strong>chega para analisar ap\u00f3s o fim de cada dia de atividades nas redes sociais e na&nbsp;<strong>GPTV<\/strong>.<\/p>\n\n\n\n<h2 class=\"wp-block-heading\" id=\"h-gp-do-japao-de-f1-veja-os-horarios-em-brasil-cabo-verde-nbsp-portugal-angola-e-mocambique\"><strong>GP do Jap\u00e3o de F1: veja os hor\u00e1rios em Brasil, Cabo Verde,&nbsp;<a href=\"https:\/\/grandepremio.pt\/\" target=\"_blank\" rel=\"noreferrer noopener\">Portugal<\/a>, Angola e Mo\u00e7ambique:<\/strong><\/h2>\n\n\n\n<figure class=\"wp-block-table\"><table class=\"has-fixed-layout\"><tbody><tr><td class=\"has-text-align-left\" data-align=\"left\"><strong>Sess\u00e3o<\/strong><\/td><td class=\"has-text-align-left\" data-align=\"left\"><strong>BRA*<\/strong><\/td><td class=\"has-text-align-left\" data-align=\"left\"><strong>CBV<\/strong><\/td><td class=\"has-text-align-left\" data-align=\"left\"><strong>POR<\/strong><br><strong>ANG<\/strong><\/td><td class=\"has-text-align-left\" data-align=\"left\"><strong>MOZ<\/strong><\/td><\/tr><tr><td class=\"has-text-align-left\" data-align=\"left\">Corrida<\/td><td class=\"has-text-align-left\" data-align=\"left\">02:00<\/td><td class=\"has-text-align-left\" data-align=\"left\">04:30<\/td><td class=\"has-text-align-left\" data-align=\"left\">06:00<\/td><td class=\"has-text-align-left\" data-align=\"left\">07:00<\/td><\/tr><\/tbody><\/table><\/figure>\n\n\n\n<p class=\"wp-block-paragraph\"><em>*Hor\u00e1rio de Bras\u00edlia<\/em><\/p>\n\n\n\n<p class=\"wp-block-paragraph\">\u25b6\ufe0f&nbsp;Inscreva-se nos dois canais do GRANDE PR\u00caMIO no YouTube:&nbsp;<strong><a href=\"https:\/\/www.youtube.com\/channel\/UC9OlHEgxoaY6QY6nWPoiqQg?sub_confirmation=1\">GP<\/a>&nbsp;|&nbsp;<a href=\"https:\/\/www.youtube.com\/channel\/UC9csiS6q_C3C0FYhyr1rnFA?sub_confirmation=1\">GPTV<\/a><\/strong><\/p>\n\n\n\n<h2 class=\"wp-block-heading\" id=\"h-f1-hoje-saiba-aqui-as-noticias-mais-importantes-do-dia-da-formula-1\"><strong>F1 hoje: saiba aqui as not\u00edcias mais importantes do dia da F\u00f3rmula 1<\/strong><\/h2>\n\n\n\n<p class=\"wp-block-paragraph\">A reda\u00e7\u00e3o do&nbsp;<strong>GRANDE PR\u00caMIO<\/strong>&nbsp;selecionou as not\u00edcias mais importantes das \u00faltimas horas para voc\u00ea ficar por dentro de tudo que acontece na F1.<\/p>\n\n\n\n<p class=\"wp-block-paragraph\">\u25b6\ufe0f&nbsp;<a href=\"https:\/\/www.grandepremio.com\/br\/f1\/noticias\/oscar-piastri-surpreende-mercedes-lidera-tl2-gp-japao-gabriel-bortoleto-sofre-motor\/\"><strong>Piastri surpreende Mercedes e lidera TL2 do GP do Jap\u00e3o. Bortoleto sofre com motor<\/strong><\/a><br>\u25b6\ufe0f&nbsp;<a href=\"https:\/\/www.grandepremio.com\/br\/f1\/noticias\/george-russell-bate-kimi-antonelli-duelo-mercedes-lidera-tl1-gp-japao-gabriel-bortoleto-11o\/\"><strong>Russell bate Antonelli em duelo da Mercedes e lidera TL1 do GP do Jap\u00e3o. Bortoleto \u00e9 11\u00ba<\/strong><\/a><br>\u25b6\ufe0f&nbsp;<a href=\"https:\/\/www.grandepremio.com\/br\/f1\/noticias\/victor-martins-max-verstappen-mostra-f1-segue-posturas-pateticas-incluindo-imprensa\/\"><strong>Victor Martins: Verstappen expulsa jornalista em papel pat\u00e9tico (e dos coleguinhas tamb\u00e9m)<\/strong><\/a><\/p>\n","protected":false},"excerpt":{"rendered":"<p>Max Verstappen vai largar em 11\u00ba no GP do Jap\u00e3o e tentou explicar a raz\u00e3o para mais um desempenho abaixo do esperado em 2026<\/p>\n","protected":false},"author":0,"featured_media":1001072708,"comment_status":"closed","ping_status":"closed","sticky":false,"template":"","format":"standard","meta":{"42wp_featured_image_caption":"","42wp_featured_image_credits":"","42wp_featured_video":"","42wp_featured_image_hidden":false,"42wp_authors_list":[],"footnotes":""},"categories":[2],"tags":[26271,5273,147,29516,29148,180,31425,28995,3023,38972,1491,28285,30840,24855,46326,32659,203,35129,204,608,46327,32660,31470],"42wp_author":[47147],"class_list":["post-10544","post","type-post","status-publish","format-standard","has-post-thumbnail","hentry","category-f1","tag-calendario-f1","tag-classificacao-f1","tag-f1","tag-f1-2026","tag-f1-hoje","tag-formula-1","tag-formula-1-2026","tag-formula-1-hoje","tag-gp-do-japao","tag-gp-do-japao-f1","tag-grande-premio","tag-grandepremio","tag-horarios-f1","tag-japao","tag-japao-2026","tag-japao-f1","tag-max-verstappen","tag-onde-assistir-f1","tag-red-bull","tag-suzuka","tag-suzuka-2026","tag-suzuka-f1","tag-temporada-2026-f1","42wp_author-luana-marino"],"_links":{"self":[{"href":"https:\/\/grandepremio.com\/br\/wp-json\/wp\/v2\/posts\/10544","targetHints":{"allow":["GET"]}}],"collection":[{"href":"https:\/\/grandepremio.com\/br\/wp-json\/wp\/v2\/posts"}],"about":[{"href":"https:\/\/grandepremio.com\/br\/wp-json\/wp\/v2\/types\/post"}],"replies":[{"embeddable":true,"href":"https:\/\/grandepremio.com\/br\/wp-json\/wp\/v2\/comments?post=10544"}],"version-history":[{"count":0,"href":"https:\/\/grandepremio.com\/br\/wp-json\/wp\/v2\/posts\/10544\/revisions"}],"wp:featuredmedia":[{"embeddable":true,"href":"https:\/\/grandepremio.com\/br\/wp-json\/wp\/v2\/media\/1001072708"}],"wp:attachment":[{"href":"https:\/\/grandepremio.com\/br\/wp-json\/wp\/v2\/media?parent=10544"}],"wp:term":[{"taxonomy":"category","embeddable":true,"href":"https:\/\/grandepremio.com\/br\/wp-json\/wp\/v2\/categories?post=10544"},{"taxonomy":"post_tag","embeddable":true,"href":"https:\/\/grandepremio.com\/br\/wp-json\/wp\/v2\/tags?post=10544"},{"taxonomy":"42wp_author","embeddable":true,"href":"https:\/\/grandepremio.com\/br\/wp-json\/wp\/v2\/42wp_author?post=10544"}],"curies":[{"name":"wp","href":"https:\/\/api.w.org\/{rel}","templated":true}]}}