{"id":105449,"date":"2023-02-20T11:40:28","date_gmt":"2023-02-20T14:40:28","guid":{"rendered":"https:\/\/grandepremio.com\/br\/noticias\/prema-confirma-aurelia-nobels-temporada-completa-f4-italiana\/"},"modified":"2023-05-21T11:37:59","modified_gmt":"2023-05-21T14:37:59","slug":"prema-confirma-aurelia-nobels-temporada-completa-f4-italiana","status":"publish","type":"post","link":"https:\/\/grandepremio.com\/br\/f4\/prema-confirma-aurelia-nobels-temporada-completa-f4-italiana\/","title":{"rendered":"Prema confirma Aurelia Nobels na temporada completa da F4 Italiana"},"content":{"rendered":"\n<figure class=\"wp-block-embed is-type-video is-provider-youtube wp-block-embed-youtube wp-embed-aspect-16-9 wp-has-aspect-ratio\"><div class=\"wp-block-embed__wrapper\">\n<iframe loading=\"lazy\" title=\"&quot;HAMILTON JAMAIS VAI RECUAR NOS PROTESTOS NA F1&quot;\" width=\"500\" height=\"281\" src=\"https:\/\/www.youtube.com\/embed\/HG9Cr-LGnyc?feature=oembed\" frameborder=\"0\" allow=\"accelerometer; autoplay; clipboard-write; encrypted-media; gyroscope; picture-in-picture; web-share\" referrerpolicy=\"strict-origin-when-cross-origin\" allowfullscreen><\/iframe>\n<\/div><\/figure>\n\n\n\n<p class=\"wp-block-paragraph\"><strong>Aurelia Nobels <\/strong>est\u00e1 prestes a dar mais um passo importante na caminhada pelas principais categorias de base que integram o chamado <em>&#8216;Road to F1&#8217;<\/em> \u2014 classes que s\u00e3o consideradas degraus para a elite do automobilismo mundial. A belga-americana naturalizada brasileira, que faz parte da <strong>Academia de Pilotos da Ferrari<\/strong>, vai disputar a temporada completa da<strong> F4 Italiana<\/strong> com uma das equipes mais tradicionais das s\u00e9ries de acesso: a Prema.<\/p>\n\n\n\n<p class=\"wp-block-paragraph\">Nobels foi a vencedora da seletiva global &#8216;FIA Girls on Track Rising Stars&#8217; no ano passado e tamb\u00e9m passou a integrar <a href=\"https:\/\/www.grandepremio.com\/br\/outras\/noticias\/aurelia-nobels-vence-programa-fia-entra-academia-jovens-ferrari\/\" class=\"ek-link\">um dos programas mais concorridos do automobilismo<\/a>, o Ferrari Driver Academy. A jovem de 16 anos passou desde ent\u00e3o a viver em Maranello, casa da equipe italiana.<\/p>\n\n\n\n<p class=\"wp-block-paragraph\"><strong>\u25b6\ufe0f\u00a0Inscreva-se nos dois canais do GRANDE PR\u00caMIO no YouTube:\u00a0<a href=\"https:\/\/www.youtube.com\/channel\/UC9OlHEgxoaY6QY6nWPoiqQg?sub_confirmation=1\" target=\"_blank\" rel=\"noreferrer noopener\">GP<\/a>\u00a0|\u00a0<a href=\"https:\/\/www.youtube.com\/channel\/UC9csiS6q_C3C0FYhyr1rnFA?sub_confirmation=1\" target=\"_blank\" rel=\"noreferrer noopener\">GP2<\/a><\/strong><br><strong>\u25b6\ufe0f\u00a0<a href=\"https:\/\/www.twitch.tv\/grandepremio\" target=\"_blank\" rel=\"noreferrer noopener\">Conhe\u00e7a o canal do GRANDE PR\u00caMIO na Twitch clicando aqui!<\/a><\/strong><\/p>\n\n\n\n<figure class=\"wp-block-image size-large\"><img decoding=\"async\" src=\"https:\/\/www.grandepremio.com\/br\/wp-content\/uploads\/2023\/02\/Captura-de-Tela-2023-02-17-a-768s-11.29.40-1024x956.jpg\" alt=\"\" class=\"wp-image-653287\"\/><figcaption>Aurelia Nobels est\u00e1 prestes a dar mais um passo importante nos monopostos (Foto: Magnus Torquato)<\/figcaption><\/figure>\n\n\n\n<p class=\"wp-block-paragraph\">Esta ser\u00e1 a primeira temporada completa de Aurelia na Europa. Em 2022, al\u00e9m competir na temporada inaugural da F4 Brasil, Nobels esteve em provas nos campeonatos da Espanha e Dinamarca. Parte do pr\u00eamio por vencer o &#8216;FIA Girls on Track Rising Stars&#8217; era competir pela equipe co-irm\u00e3 da Prema, a Iron Lynx, por\u00e9m a pilota assumir\u00e1 um dos assentos da Prema.<\/p>\n\n\n\n<p class=\"wp-block-paragraph\">Aurelia celebrou a uni\u00e3o com a Prema para disputar &#8220;um dos mais competitivos campeonatos de monopostos do mundo&#8221;. &#8220;Estar em uma equipe de ponta como a Prema \u00e9 muito importante. N\u00e3o vai ser um desafio f\u00e1cil, mas estou muito empolgada em poder trabalhar com eles, me dedicar ao m\u00e1ximo e evoluir ainda mais como piloto de corrida&#8221;, acrescentou.<\/p>\n\n\n\n<p class=\"wp-block-paragraph\">A brasileira tamb\u00e9m aproveitou para agradecer \u00e0 Iron Dames pela conquista. &#8220;Tenho uma grande responsabilidade nessa temporada, estar em uma grande equipe como a Prema e representando a Ferrari Driver Academy \u00e9 um passo importante na minha carreira. N\u00e3o vejo a hora de estar com eles trabalhando!&#8221;<\/p>\n\n\n\n<p class=\"wp-block-paragraph\">&#8220;N\u00e3o posso deixar de agradecer a Iron Dames por me ajudar a conquistar este objetivo t\u00e3o importante na minha carreira. Estendo tamb\u00e9m os agradecimentos \u00e0 FIA e ao comit\u00ea de mulheres no automobilismo, que coordenam o FIA Girls On Track Rising Stars, que me proporcionou chegar at\u00e9 aqui&#8221;, completou.<\/p>\n\n\n\n<p class=\"wp-block-paragraph\">A Prema \u00e9 a atual campe\u00e3 da F4 Italiana e Alem\u00e3, ambos vencidos por Andrea Kimi Antonelli. Nas palavras de Angelo Rosin, chefe da equipe, Aurelia &#8220;mostrou um excelente potencial, e n\u00f3s estamos muito felizes em t\u00ea-la conosco para a temporada de 2023 da F\u00f3rmula 4 Italiana.&#8221;<\/p>\n\n\n\n<p class=\"wp-block-paragraph\">&#8220;Ela conquistou muitas coisas e seu talento n\u00e3o passou despercebido. Estamos felizes em trabalhar com a Academia Ferrari e com a Iron Dames para poder ajud\u00e1-la a atingir todo seu potencial em um programa de alto rendimento&#8221;, salientou.<\/p>\n\n\n\n<p class=\"wp-block-paragraph\">A temporada 2023 da F4 Italiana ter\u00e1 sete etapas com rodadas triplas e passar\u00e1 por algumas das mais tradicionais pistas do automobilismo, como \u00cdmola, Spa-Francorchamps e Monza.<\/p>\n","protected":false},"excerpt":{"rendered":"<p>Vencedora do FIA Girls on Track Rising Stars, Aurelia Nobels vai representar a Prema em um dos campeonatos mais disputados das categorias de base, a F4 Italiana<\/p>\n","protected":false},"author":0,"featured_media":1000653286,"comment_status":"closed","ping_status":"closed","sticky":false,"template":"","format":"standard","meta":{"42wp_featured_image_caption":"","42wp_featured_image_credits":"","42wp_featured_video":"","42wp_featured_image_hidden":false,"42wp_authors_list":[],"footnotes":""},"categories":[47],"tags":[31559,702,207,5304,349],"42wp_author":[47147],"class_list":["post-105449","post","type-post","status-publish","format-standard","has-post-thumbnail","hentry","category-f4","tag-aurelia-nobels","tag-f4-italiana","tag-ferrari","tag-formula-4","tag-prema","42wp_author-luana-marino"],"_links":{"self":[{"href":"https:\/\/grandepremio.com\/br\/wp-json\/wp\/v2\/posts\/105449","targetHints":{"allow":["GET"]}}],"collection":[{"href":"https:\/\/grandepremio.com\/br\/wp-json\/wp\/v2\/posts"}],"about":[{"href":"https:\/\/grandepremio.com\/br\/wp-json\/wp\/v2\/types\/post"}],"replies":[{"embeddable":true,"href":"https:\/\/grandepremio.com\/br\/wp-json\/wp\/v2\/comments?post=105449"}],"version-history":[{"count":0,"href":"https:\/\/grandepremio.com\/br\/wp-json\/wp\/v2\/posts\/105449\/revisions"}],"wp:featuredmedia":[{"embeddable":true,"href":"https:\/\/grandepremio.com\/br\/wp-json\/wp\/v2\/media\/1000653286"}],"wp:attachment":[{"href":"https:\/\/grandepremio.com\/br\/wp-json\/wp\/v2\/media?parent=105449"}],"wp:term":[{"taxonomy":"category","embeddable":true,"href":"https:\/\/grandepremio.com\/br\/wp-json\/wp\/v2\/categories?post=105449"},{"taxonomy":"post_tag","embeddable":true,"href":"https:\/\/grandepremio.com\/br\/wp-json\/wp\/v2\/tags?post=105449"},{"taxonomy":"42wp_author","embeddable":true,"href":"https:\/\/grandepremio.com\/br\/wp-json\/wp\/v2\/42wp_author?post=105449"}],"curies":[{"name":"wp","href":"https:\/\/api.w.org\/{rel}","templated":true}]}}