{"id":105461,"date":"2023-02-20T04:30:00","date_gmt":"2023-02-20T07:30:00","guid":{"rendered":"https:\/\/grandepremio.com\/br\/noticias\/mario-andretti-minimiza-impacto-mohammed-ben-sulayem-formula-1-entrada-grid-mudou\/"},"modified":"2023-02-19T14:49:59","modified_gmt":"2023-02-19T17:49:59","slug":"mario-andretti-minimiza-impacto-mohammed-ben-sulayem-formula-1-entrada-grid-mudou","status":"publish","type":"post","link":"https:\/\/grandepremio.com\/br\/f1\/mario-andretti-minimiza-impacto-mohammed-ben-sulayem-formula-1-entrada-grid-mudou\/","title":{"rendered":"Andretti minimiza impacto de sa\u00edda de Sulayem com entrada na F1: &#8220;Nada mudou&#8221;"},"content":{"rendered":"\n<p class=\"wp-block-paragraph\">A Andretti nunca desistiu da <strong>F\u00f3rmula 1<\/strong>. Mesmo recebendo uma resposta negativa no ano passado, a equipe de <strong>Mario Andretti <\/strong>segue firme em seu objetivo.<a href=\"https:\/\/www.grandepremio.com\/br\/f1\/noticias\/andretti-anuncia-parceria-gm-planeja-entrada-cadillac-formula-1\/\" class=\"ek-link\"> Fez acordo com a <strong>General Motors, por meio da Cadillac,<\/strong> e agora espera a an\u00e1lise e devolutiva da categoria para ter sua equipe no grid.<\/a><\/p>\n\n\n\n<p class=\"wp-block-paragraph\">Um dos cr\u00edticos \u00e0 relut\u00e2ncia da F1 \u00e9 <strong>Mohammed Ben Sulayem, presidente da FIA (Federa\u00e7\u00e3o Internacional de Automobilismo)<\/strong>. <a href=\"https:\/\/www.grandepremio.com\/br\/f1\/noticias\/fia-mohammed-ben-sulayem-andretti-unica-interessada-f1-defende-novas-equipes-grid\/\" class=\"ek-link\">O mandat\u00e1rio \u00e1rabe j\u00e1 declarou que o grid deveria se abrir para novas e grandes fabricantes<\/a>. <a href=\"https:\/\/www.grandepremio.com\/br\/f1\/noticias\/presidente-da-fia-mohammed-ben-sulayem-recua-deixa-comando-operacoes-formula-1-nikolas-tombazis-assume\/\" class=\"ek-link\">No entanto, Ben Sulayem foi recentemente afastado das opera\u00e7\u00f5es da F1, ap\u00f3s muitas discord\u00e2ncias entre sua gest\u00e3o e a categoria chefiada por <strong>Stefano Domenicali<\/strong>. <\/a>Quem agora comanda as opera\u00e7\u00f5es da F1 \u00e9 <strong>Nikolas Tombazis<\/strong>,\u00a0que assumiu recentemente a diretoria de monopostos da entidade que rege o esporte.<\/p>\n\n\n\n<p class=\"wp-block-paragraph\">Questionado sobre isso, Mario Andretti n\u00e3o acredita que o afastamento do presidente v\u00e1 influenciar de forma negativa sobre a poss\u00edvel entrada da equipe. <\/p>\n\n\n\n<p class=\"wp-block-paragraph\"><strong>\u25b6\ufe0f\u00a0Inscreva-se nos dois canais do GRANDE PR\u00caMIO no YouTube:\u00a0<a href=\"https:\/\/www.youtube.com\/channel\/UC9OlHEgxoaY6QY6nWPoiqQg?sub_confirmation=1\" target=\"_blank\" rel=\"noreferrer noopener\">GP<\/a>\u00a0|\u00a0<a href=\"https:\/\/www.youtube.com\/channel\/UC9csiS6q_C3C0FYhyr1rnFA?sub_confirmation=1\" target=\"_blank\" rel=\"noreferrer noopener\">GP2<\/a><\/strong><br><strong>\u25b6\ufe0f\u00a0<a href=\"https:\/\/www.twitch.tv\/grandepremio\" target=\"_blank\" rel=\"noreferrer noopener\">Conhe\u00e7a o canal do GRANDE PR\u00caMIO na Twitch clicando aqui!<\/a><\/strong><\/p>\n\n\n\n<figure class=\"wp-block-image size-large\"><img decoding=\"async\" src=\"https:\/\/www.grandepremio.com\/br\/wp-content\/uploads\/2022\/04\/Legendary-driver-and-Indianapolis-500-winner-Mario-Andretti-stands-with-his-2-seat-Indycar__Large-Image-Without-Watermark_m50393-1024x683.jpg\" alt=\"\" class=\"wp-image-563036\"\/><figcaption>Mario Andretti est\u00e1 confiante na vaga na F1 (Foto: Indycar)<\/figcaption><\/figure>\n\n\n\n<p class=\"wp-block-paragraph\">\u201cAcho que n\u00e3o&#8221;, disse ele, em entrevista ao site PlanetF1. &#8220;Quero dizer, com a FIA, temos tudo no lugar, eles obviamente abriram oficialmente a ades\u00e3o das equipes e est\u00e3o avaliando todos os aspectos disso&#8221;, continuou. <\/p>\n\n\n\n<p class=\"wp-block-paragraph\">\u201cEnt\u00e3o, nada realmente mudou nessa parte, n\u00f3s n\u00e3o estamos preocupados.\u00a0Essa mudan\u00e7a foi feita h\u00e1 algum tempo, com o presidente Ben Sulayem apenas se reagrupando e ele realmente avaliou a situa\u00e7\u00e3o e colocou diferentes indiv\u00edduos no comando de diferentes elementos da FIA, diferentes responsabilidades, e isso n\u00e3o mudou em nada do nosso ponto de vista&#8221;, completou. <\/p>\n\n\n\n<p class=\"wp-block-paragraph\">Quem comanda a Andretti \u00e9, como se sabe, Michael, o filho, mas Mario Andretti funciona como um consultor no projeto. <a href=\"https:\/\/www.grandepremio.com\/br\/f1\/noticias\/mario-andretti-mostra-confianca-vaga-formula-1-mera-formalidade-apos-parceria-cadillac-gm\/\" class=\"ek-link\">Ap\u00f3s a confirma\u00e7\u00e3o da parceria com a GM, o mais velho chegou a dizer que a aceita\u00e7\u00e3o da F1 &#8220;era mera formalidade&#8221;.<\/a> E, mais uma vez, ele se mostra esperan\u00e7oso por um retorno positivo. <\/p>\n\n\n\n<p class=\"wp-block-paragraph\">\u201cEstamos trabalhando no projeto e esperando que a raz\u00e3o prevale\u00e7a.\u00a0Assim que recebermos sinal verde, n\u00e3o sentimos que estamos come\u00e7ando do zero. O grupo do Michael est\u00e1 a trabalhando todos os dias para se preparar para fazer tudo o que for poss\u00edvel para que, assim que nos derem sinal verde, j\u00e1 estejamos no caminho certo \u2013 o esfor\u00e7o n\u00e3o para, de forma alguma&#8221;, encerrou.<\/p>\n\n\n\n<figure class=\"wp-block-embed is-type-video is-provider-youtube wp-block-embed-youtube wp-embed-aspect-16-9 wp-has-aspect-ratio\"><div class=\"wp-block-embed__wrapper\">\n<iframe loading=\"lazy\" title=\"ATEN\u00c7\u00c3O: \u201cREA\u00c7\u00c3O DA MERCEDES NA F1 S\u00d3 VAI ACONTECER SE\u2026\u201d | GP \u00e0s 10\" width=\"500\" height=\"281\" src=\"https:\/\/www.youtube.com\/embed\/VqbFxwgJGFg?feature=oembed\" frameborder=\"0\" allow=\"accelerometer; autoplay; clipboard-write; encrypted-media; gyroscope; picture-in-picture; web-share\" referrerpolicy=\"strict-origin-when-cross-origin\" allowfullscreen><\/iframe>\n<\/div><\/figure>\n","protected":false},"excerpt":{"rendered":"<p>Mario Andretti tem f\u00e9 de que receber\u00e1 resposta positiva para entrada na F\u00f3rmula 1 e n\u00e3o cr\u00ea em mudan\u00e7as com a sa\u00edda de Mohammed Ben Sulayem nas opera\u00e7\u00f5es di\u00e1rias da categoria<\/p>\n","protected":false},"author":0,"featured_media":1000642951,"comment_status":"closed","ping_status":"closed","sticky":false,"template":"","format":"standard","meta":{"42wp_featured_image_caption":"","42wp_featured_image_credits":"","42wp_featured_video":"","42wp_featured_image_hidden":false,"42wp_authors_list":[],"footnotes":""},"categories":[2],"tags":[417,147,6533,103,180,30722,1491,30103,28285,30344],"42wp_author":[47139],"class_list":["post-105461","post","type-post","status-publish","format-standard","has-post-thumbnail","hentry","category-f1","tag-andretti","tag-f1","tag-f1-2023","tag-fia","tag-formula-1","tag-formula-1-2023","tag-grande-premio","tag-grande-premio-f1","tag-grandepremio","tag-mohammed-ben-sulayem","42wp_author-ana-cerveira"],"_links":{"self":[{"href":"https:\/\/grandepremio.com\/br\/wp-json\/wp\/v2\/posts\/105461","targetHints":{"allow":["GET"]}}],"collection":[{"href":"https:\/\/grandepremio.com\/br\/wp-json\/wp\/v2\/posts"}],"about":[{"href":"https:\/\/grandepremio.com\/br\/wp-json\/wp\/v2\/types\/post"}],"replies":[{"embeddable":true,"href":"https:\/\/grandepremio.com\/br\/wp-json\/wp\/v2\/comments?post=105461"}],"version-history":[{"count":0,"href":"https:\/\/grandepremio.com\/br\/wp-json\/wp\/v2\/posts\/105461\/revisions"}],"wp:featuredmedia":[{"embeddable":true,"href":"https:\/\/grandepremio.com\/br\/wp-json\/wp\/v2\/media\/1000642951"}],"wp:attachment":[{"href":"https:\/\/grandepremio.com\/br\/wp-json\/wp\/v2\/media?parent=105461"}],"wp:term":[{"taxonomy":"category","embeddable":true,"href":"https:\/\/grandepremio.com\/br\/wp-json\/wp\/v2\/categories?post=105461"},{"taxonomy":"post_tag","embeddable":true,"href":"https:\/\/grandepremio.com\/br\/wp-json\/wp\/v2\/tags?post=105461"},{"taxonomy":"42wp_author","embeddable":true,"href":"https:\/\/grandepremio.com\/br\/wp-json\/wp\/v2\/42wp_author?post=105461"}],"curies":[{"name":"wp","href":"https:\/\/api.w.org\/{rel}","templated":true}]}}