{"id":105501,"date":"2023-02-17T10:00:51","date_gmt":"2023-02-17T13:00:51","guid":{"rendered":"https:\/\/grandepremio.com\/br\/noticias\/kelvin-van-der-linde-segue-abt-disputa-eprix-cidade-cabo-lugar-robin-frijns\/"},"modified":"2023-02-21T09:35:55","modified_gmt":"2023-02-21T12:35:55","slug":"kelvin-van-der-linde-segue-abt-disputa-eprix-cidade-cabo-lugar-robin-frijns","status":"publish","type":"post","link":"https:\/\/grandepremio.com\/br\/formula-e\/kelvin-van-der-linde-segue-abt-disputa-eprix-cidade-cabo-lugar-robin-frijns\/","title":{"rendered":"Kelvin van der Linde segue com Abt Cupra e disputa eP da Cidade do Cabo no lugar de Frijns"},"content":{"rendered":"\n<p class=\"wp-block-paragraph\">Enquanto <strong>Robin Frijns<\/strong> segue se recuperando<a href=\"https:\/\/www.grandepremio.com\/br\/formula-e\/noticias\/robin-frijns-quatro-fraturas-mao-acidente-norman-nato-osso-estava-saindo\/\" class=\"ek-link\"> da fratura que sofreu na m\u00e3o esquerda durante a etapa de abertura da temporada 2022\/2023 da<strong> F\u00f3rmula E<\/strong>, na <strong>Cidade do M\u00e9xico<\/strong>,<\/a> <strong>Kelvin van der Linde<\/strong> segue como seu substituto. O sul-africano \u2014 que tamb\u00e9m assumiu a vaga nas etapas de <strong>Diriyah e Hyderabad<\/strong> \u2014 vai correr novamente pela <strong>Abt Cupra<\/strong>, agora &#8216;em casa&#8217;, no <strong>eP da Cidade do Cabo<\/strong>, que acontece no pr\u00f3ximo fim de semana. <\/p>\n\n\n\n<p class=\"wp-block-paragraph\">No\u00a0<strong>eP da Cidade do\u00a0<a href=\"https:\/\/es.grandepremio.com\/\" target=\"_blank\" rel=\"noreferrer noopener\">M\u00e9xico<\/a><\/strong>, Frijns tentava uma ultrapassagem sobre\u00a0<strong>Norman Nato<\/strong>, da\u00a0<strong>Nissan<\/strong>, ainda na primeira volta. Como o pelot\u00e3o ainda estava muito pr\u00f3ximo, uma diminui\u00e7\u00e3o brusca de velocidade pegou o holand\u00eas de surpresa, e o piloto da Abt n\u00e3o conseguiu desviar da traseira do rival. Frijns revelou que n\u00e3o quebrou apenas o pulso, mas teve quatro fraturas na m\u00e3o gra\u00e7as \u00e0 viol\u00eancia do impacto.<\/p>\n\n\n\n<p class=\"wp-block-paragraph\"><strong>\u25b6\ufe0f&nbsp;<a href=\"https:\/\/www.twitch.tv\/grandepremio\" target=\"_blank\" rel=\"noreferrer noopener\">Conhe\u00e7a o canal do GRANDE PR\u00caMIO na Twitch clicando aqui!<\/a><\/strong><\/p>\n\n\n\n<p class=\"wp-block-paragraph\"><strong>\u25b6\ufe0f&nbsp;Inscreva-se nos dois canais do GRANDE PR\u00caMIO no YouTube:&nbsp;<a href=\"https:\/\/www.youtube.com\/channel\/UC9OlHEgxoaY6QY6nWPoiqQg?sub_confirmation=1\" target=\"_blank\" rel=\"noreferrer noopener\">GP<\/a>&nbsp;|&nbsp;<a href=\"https:\/\/www.youtube.com\/channel\/UC9csiS6q_C3C0FYhyr1rnFA?sub_confirmation=1\" target=\"_blank\" rel=\"noreferrer noopener\">GP2<\/a><\/strong><\/p>\n\n\n\n<figure class=\"wp-block-image size-large\"><img decoding=\"async\" src=\"https:\/\/www.grandepremio.com\/br\/wp-content\/uploads\/2023\/02\/EPS904_053736_R3I1792-2048x2048-1-1024x683.jpg\" alt=\"\" class=\"wp-image-651019\"\/><figcaption>Van der Linde vai seguir substituindo Frijns (Foto: F\u00f3rmula E)<\/figcaption><\/figure>\n\n\n\n<p class=\"wp-block-paragraph\">&#8220;Quero voltar a correr assim que poss\u00edvel. Estava sem dores e me senti confort\u00e1vel no simulador. No entanto, decidimos ter mais tempo para eu me recuperar. Agrade\u00e7o ao Kelvin pelo apoio e desejo boa sorte para correr em casa&#8221;, escreveu Frijns.<\/p>\n\n\n\n<p class=\"wp-block-paragraph\">O primeiro contato de Van der Linde com a categoria foi em 2020. Ele participou de um teste em Marrakech, no Marrocos, com a equipe apoiada pela Audi. A diferen\u00e7a, no entanto, \u00e9 que a categoria passou por uma grande mudan\u00e7a t\u00e9cnica para este ano, com os carros&nbsp;<strong>Gen3<\/strong>.<\/p>\n","protected":false},"excerpt":{"rendered":"<p>O piloto sul-africano \u2014 que tamb\u00e9m assumiu a vaga nas etapas de Diriyah e Hyderabad \u2014 vai correr novamente pela ABT, agora &#8216;em casa&#8217;, no ePrix da Cidade do Cabo<\/p>\n","protected":false},"author":0,"featured_media":1000647758,"comment_status":"closed","ping_status":"closed","sticky":false,"template":"","format":"standard","meta":{"42wp_featured_image_caption":"","42wp_featured_image_credits":"","42wp_featured_video":"","42wp_featured_image_hidden":false,"42wp_authors_list":[],"footnotes":""},"categories":[19],"tags":[412,30836,27360,840,31435,28399],"42wp_author":[47139],"class_list":["post-105501","post","type-post","status-publish","format-standard","has-post-thumbnail","hentry","category-formula-e","tag-dtm","tag-ep-da-cidade-do-mexico","tag-ep-de-diriyah","tag-formula-e","tag-formula-e-2023","tag-kelvin-van-der-linde","42wp_author-ana-cerveira"],"_links":{"self":[{"href":"https:\/\/grandepremio.com\/br\/wp-json\/wp\/v2\/posts\/105501","targetHints":{"allow":["GET"]}}],"collection":[{"href":"https:\/\/grandepremio.com\/br\/wp-json\/wp\/v2\/posts"}],"about":[{"href":"https:\/\/grandepremio.com\/br\/wp-json\/wp\/v2\/types\/post"}],"replies":[{"embeddable":true,"href":"https:\/\/grandepremio.com\/br\/wp-json\/wp\/v2\/comments?post=105501"}],"version-history":[{"count":0,"href":"https:\/\/grandepremio.com\/br\/wp-json\/wp\/v2\/posts\/105501\/revisions"}],"wp:featuredmedia":[{"embeddable":true,"href":"https:\/\/grandepremio.com\/br\/wp-json\/wp\/v2\/media\/1000647758"}],"wp:attachment":[{"href":"https:\/\/grandepremio.com\/br\/wp-json\/wp\/v2\/media?parent=105501"}],"wp:term":[{"taxonomy":"category","embeddable":true,"href":"https:\/\/grandepremio.com\/br\/wp-json\/wp\/v2\/categories?post=105501"},{"taxonomy":"post_tag","embeddable":true,"href":"https:\/\/grandepremio.com\/br\/wp-json\/wp\/v2\/tags?post=105501"},{"taxonomy":"42wp_author","embeddable":true,"href":"https:\/\/grandepremio.com\/br\/wp-json\/wp\/v2\/42wp_author?post=105501"}],"curies":[{"name":"wp","href":"https:\/\/api.w.org\/{rel}","templated":true}]}}