{"id":10553,"date":"2026-03-28T02:17:18","date_gmt":"2026-03-28T05:17:18","guid":{"rendered":"https:\/\/grandepremio.com\/br\/noticias\/mclaren-mexe-motor-japao-deixa-lando-norris-beira-punicao-f1-2026\/"},"modified":"2026-03-28T02:54:19","modified_gmt":"2026-03-28T05:54:19","slug":"mclaren-mexe-motor-japao-deixa-lando-norris-beira-punicao-f1-2026","status":"publish","type":"post","link":"https:\/\/grandepremio.com\/br\/f1\/mclaren-mexe-motor-japao-deixa-lando-norris-beira-punicao-f1-2026\/","title":{"rendered":"McLaren mexe de novo em motor no Jap\u00e3o e deixa Norris \u00e0 beira de puni\u00e7\u00e3o na F1 2026"},"content":{"rendered":"\n<p class=\"wp-block-paragraph\">A terceira corrida da<strong> temporada 2026 <\/strong>da<strong> F\u00f3rmula 1<\/strong> ainda nem aconteceu, mas <strong>Lando Norris <\/strong>j\u00e1 corre o risco de exceder o limite de componentes novos no motor estabelecido pelo regulamento \u2014 o que, se acontecer, resultar\u00e1 na perda de posi\u00e7\u00f5es no grid. A <strong>McLaren <\/strong>precisou trocar novamente a bateria e a central eletr\u00f4nica antes do <strong>TL3 <\/strong>deste s\u00e1bado (28), sendo que havia feito o mesmo no dia anterior.<\/p>\n\n\n\n<p class=\"wp-block-paragraph\">\u00c9, portanto, o terceiro item novo de cada que o campe\u00e3o vigente usa de um limite de tr\u00eas. Vale destacar que por conta da mudan\u00e7a no regulamento de motores, a <strong>Federa\u00e7\u00e3o Internacional de Automobilismo <\/strong>(<strong>FIA<\/strong>) ampliou o n\u00famero de baterias e centrais eletr\u00f4nicas novas dispon\u00edveis ao piloto durante a temporada. At\u00e9 2025, eram somente duas de cada.<\/p>\n\n\n\n<figure class=\"wp-block-embed is-type-video is-provider-youtube wp-block-embed-youtube wp-embed-aspect-16-9 wp-has-aspect-ratio\"><div class=\"wp-block-embed__wrapper\">\n<iframe loading=\"lazy\" title=\"F1 2026: PIASTRI BATE MERCEDES | TREINOS LIVRES DO GP DO JAP\u00c3O | BRIEFING [f1 highlights]\" width=\"500\" height=\"281\" src=\"https:\/\/www.youtube.com\/embed\/gBj-0g1-LNA?feature=oembed\" frameborder=\"0\" allow=\"accelerometer; autoplay; clipboard-write; encrypted-media; gyroscope; picture-in-picture; web-share\" referrerpolicy=\"strict-origin-when-cross-origin\" allowfullscreen><\/iframe>\n<\/div><\/figure>\n\n\n\n<p class=\"wp-block-paragraph\">Importante frisar tamb\u00e9m que o que conta para as puni\u00e7\u00f5es s\u00e3o os componentes novos, e n\u00e3o necessariamente as trocas. Uma vez sem danos, equipe pode recolocar no carro uma pe\u00e7a j\u00e1 usada anteriormente.<\/p>\n\n\n\n<p class=\"wp-block-paragraph\">Este ano, o regulamento de motores passou por grande mudan\u00e7a, sendo a maior delas o aumento da pot\u00eancia proveniente da parte el\u00e9trica. O MGU-H tamb\u00e9m foi extinto. A unidade de pot\u00eancia da F1 2026, portanto, \u00e9 dividida em seis partes: <strong>motor de combust\u00e3o interna<\/strong> (quatro), <strong>turbocompressor <\/strong>(quatro), <strong>MGU-K<\/strong> (tr\u00eas), <strong>bateria <\/strong>(tr\u00eas), <strong>central eletr\u00f4nica<\/strong> (tr\u00eas), <strong>componente auxiliar<\/strong> (seis) e <strong>escapamento <\/strong>(quatro).<\/p>\n\n\n\n<p class=\"wp-block-paragraph\">Norris teve problemas no sistema de recupera\u00e7\u00e3o de energia e perdeu metade do TL3. Quando foi \u00e0 pista, fez o sexto tempo, 1s2 atr\u00e1s do l\u00edder, Kimi Antonelli. Na sexta-feira, um vazamento hidr\u00e1ulico comprometeu parte do TL2 do brit\u00e2nico.<\/p>\n\n\n\n<p class=\"wp-block-paragraph\" id=\"h-gp-experience-o-novo-produto-do-grande-premio-conecta-voce-aos-maiores-eventos-de-esporte-a-motor-do-mundo-va-para-indianapolis-com-a-gente-saiba-aqui-todos-os-detalhes\">O&nbsp;<strong>GRANDE PR\u00caMIO<\/strong>&nbsp;acompanha todas as atividades do&nbsp;<strong>GP do Jap\u00e3o<\/strong>, terceira etapa da&nbsp;<strong>temporada 2026&nbsp;<\/strong>da F1,<a href=\"https:\/\/www.grandepremio.com\/br\/ao-vivo\/f1\/\">&nbsp;<strong>AO VIVO E EM&nbsp;<\/strong><\/a><strong><a href=\"https:\/\/www.grandepremio.com\/br\/ao-vivo\/\" target=\"_blank\" rel=\"noreferrer noopener\">TEMPO REAL<\/a><\/strong>,&nbsp;<a href=\"https:\/\/www.youtube.com\/@GrandePremio1\/streams\">al\u00e9m de classifica\u00e7\u00e3o e corrida em&nbsp;<strong>SEGUNDA TELA&nbsp;<\/strong>no YouTube<\/a>, em parceria com a&nbsp;<strong>Voz do Esporte<\/strong>. O&nbsp;<strong>Briefing&nbsp;<\/strong>chega para analisar ap\u00f3s o fim de cada dia de atividades nas redes sociais e na&nbsp;<strong>GPTV<\/strong>.<\/p>\n\n\n\n<h2 class=\"wp-block-heading\" id=\"h-gp-do-japao-de-f1-veja-os-horarios-em-brasil-cabo-verde-nbsp-portugal-angola-e-mocambique\"><strong>GP do Jap\u00e3o de F1: veja os hor\u00e1rios em Brasil, Cabo Verde,&nbsp;<a href=\"https:\/\/grandepremio.pt\/\" target=\"_blank\" rel=\"noreferrer noopener\">Portugal<\/a>, Angola e Mo\u00e7ambique:<\/strong><\/h2>\n\n\n\n<figure class=\"wp-block-table\"><table class=\"has-fixed-layout\"><tbody><tr><td class=\"has-text-align-left\" data-align=\"left\"><strong>Sess\u00e3o<\/strong><\/td><td class=\"has-text-align-left\" data-align=\"left\"><strong>BRA*<\/strong><\/td><td class=\"has-text-align-left\" data-align=\"left\"><strong>CBV<\/strong><\/td><td class=\"has-text-align-left\" data-align=\"left\"><strong>POR<\/strong><br><strong>ANG<\/strong><\/td><td class=\"has-text-align-left\" data-align=\"left\"><strong>MOZ<\/strong><\/td><\/tr><tr><td class=\"has-text-align-left\" data-align=\"left\">Classifica\u00e7\u00e3o<\/td><td class=\"has-text-align-left\" data-align=\"left\">03:00<\/td><td class=\"has-text-align-left\" data-align=\"left\">05:30<\/td><td class=\"has-text-align-left\" data-align=\"left\">07:00<\/td><td class=\"has-text-align-left\" data-align=\"left\">08:00<\/td><\/tr><tr><td class=\"has-text-align-left\" data-align=\"left\">Corrida<\/td><td class=\"has-text-align-left\" data-align=\"left\">02:00<\/td><td class=\"has-text-align-left\" data-align=\"left\">04:30<\/td><td class=\"has-text-align-left\" data-align=\"left\">06:00<\/td><td class=\"has-text-align-left\" data-align=\"left\">07:00<\/td><\/tr><\/tbody><\/table><\/figure>\n\n\n\n<p class=\"wp-block-paragraph\"><em>*Hor\u00e1rio de Bras\u00edlia<\/em><\/p>\n\n\n\n<p class=\"wp-block-paragraph\">\u25b6\ufe0f\u00a0Inscreva-se nos dois canais do GRANDE PR\u00caMIO no YouTube:\u00a0<strong><a href=\"https:\/\/www.youtube.com\/channel\/UC9OlHEgxoaY6QY6nWPoiqQg?sub_confirmation=1\">GP<\/a>\u00a0|\u00a0<a href=\"https:\/\/www.youtube.com\/channel\/UC9csiS6q_C3C0FYhyr1rnFA?sub_confirmation=1\">GPTV<\/a><\/strong><\/p>\n\n\n\n<h2 class=\"wp-block-heading\" id=\"h-f1-hoje-saiba-aqui-as-noticias-mais-importantes-do-dia-da-formula-1\"><strong>F1 hoje: saiba aqui as not\u00edcias mais importantes do dia da F\u00f3rmula 1<\/strong><\/h2>\n\n\n\n<p class=\"wp-block-paragraph\">A reda\u00e7\u00e3o do&nbsp;<strong>GRANDE PR\u00caMIO<\/strong>&nbsp;selecionou as not\u00edcias mais importantes das \u00faltimas horas para voc\u00ea ficar por dentro de tudo que acontece na F1.<\/p>\n\n\n\n<p class=\"wp-block-paragraph\">\u25b6\ufe0f\u00a0<a href=\"https:\/\/www.grandepremio.com\/br\/f1\/noticias\/oscar-piastri-surpreende-mercedes-lidera-tl2-gp-japao-gabriel-bortoleto-sofre-motor\/\"><strong>Piastri surpreende Mercedes e lidera TL2 do GP do Jap\u00e3o. Bortoleto sofre com motor<\/strong><\/a><br>\u25b6\ufe0f\u00a0<a href=\"https:\/\/www.grandepremio.com\/br\/f1\/noticias\/george-russell-bate-kimi-antonelli-duelo-mercedes-lidera-tl1-gp-japao-gabriel-bortoleto-11o\/\"><strong>Russell bate Antonelli em duelo da Mercedes e lidera TL1 do GP do Jap\u00e3o. Bortoleto \u00e9 11\u00ba<\/strong><\/a><br>\u25b6\ufe0f <a href=\"https:\/\/www.grandepremio.com\/br\/f1\/noticias\/victor-martins-max-verstappen-mostra-f1-segue-posturas-pateticas-incluindo-imprensa\/\"><strong>Victor Martins: Verstappen expulsa jornalista em papel pat\u00e9tico (e dos coleguinhas tamb\u00e9m)<\/strong><\/a><\/p>\n","protected":false},"excerpt":{"rendered":"<p>Lando Norris foi para o TL3 do Jap\u00e3o com novas bateria e central eletr\u00f4nica. \u00c9 a terceira de cada de um limite de tr\u00eas que o piloto da McLaren usa em 2026<\/p>\n","protected":false},"author":0,"featured_media":1001066858,"comment_status":"closed","ping_status":"closed","sticky":false,"template":"","format":"standard","meta":{"42wp_featured_image_caption":"","42wp_featured_image_credits":"","42wp_featured_video":"","42wp_featured_image_hidden":false,"42wp_authors_list":[],"footnotes":""},"categories":[2],"tags":[26271,5273,147,29516,29148,180,31425,28995,3023,38972,1491,28285,30840,24855,46326,32659,547,90,35129,608,46327,32660,31470],"42wp_author":[47147],"class_list":["post-10553","post","type-post","status-publish","format-standard","has-post-thumbnail","hentry","category-f1","tag-calendario-f1","tag-classificacao-f1","tag-f1","tag-f1-2026","tag-f1-hoje","tag-formula-1","tag-formula-1-2026","tag-formula-1-hoje","tag-gp-do-japao","tag-gp-do-japao-f1","tag-grande-premio","tag-grandepremio","tag-horarios-f1","tag-japao","tag-japao-2026","tag-japao-f1","tag-lando-norris","tag-mclaren","tag-onde-assistir-f1","tag-suzuka","tag-suzuka-2026","tag-suzuka-f1","tag-temporada-2026-f1","42wp_author-luana-marino"],"_links":{"self":[{"href":"https:\/\/grandepremio.com\/br\/wp-json\/wp\/v2\/posts\/10553","targetHints":{"allow":["GET"]}}],"collection":[{"href":"https:\/\/grandepremio.com\/br\/wp-json\/wp\/v2\/posts"}],"about":[{"href":"https:\/\/grandepremio.com\/br\/wp-json\/wp\/v2\/types\/post"}],"replies":[{"embeddable":true,"href":"https:\/\/grandepremio.com\/br\/wp-json\/wp\/v2\/comments?post=10553"}],"version-history":[{"count":0,"href":"https:\/\/grandepremio.com\/br\/wp-json\/wp\/v2\/posts\/10553\/revisions"}],"wp:featuredmedia":[{"embeddable":true,"href":"https:\/\/grandepremio.com\/br\/wp-json\/wp\/v2\/media\/1001066858"}],"wp:attachment":[{"href":"https:\/\/grandepremio.com\/br\/wp-json\/wp\/v2\/media?parent=10553"}],"wp:term":[{"taxonomy":"category","embeddable":true,"href":"https:\/\/grandepremio.com\/br\/wp-json\/wp\/v2\/categories?post=10553"},{"taxonomy":"post_tag","embeddable":true,"href":"https:\/\/grandepremio.com\/br\/wp-json\/wp\/v2\/tags?post=10553"},{"taxonomy":"42wp_author","embeddable":true,"href":"https:\/\/grandepremio.com\/br\/wp-json\/wp\/v2\/42wp_author?post=10553"}],"curies":[{"name":"wp","href":"https:\/\/api.w.org\/{rel}","templated":true}]}}