{"id":105531,"date":"2023-02-16T08:25:23","date_gmt":"2023-02-16T11:25:23","guid":{"rendered":"https:\/\/grandepremio.com\/br\/noticias\/aston-martin-shakedown-amr23-silverstone-vesperas-teste-bahrein\/"},"modified":"2023-02-16T08:26:22","modified_gmt":"2023-02-16T11:26:22","slug":"aston-martin-shakedown-amr23-silverstone-vesperas-teste-bahrein","status":"publish","type":"post","link":"https:\/\/grandepremio.com\/br\/f1\/aston-martin-shakedown-amr23-silverstone-vesperas-teste-bahrein\/","title":{"rendered":"Aston Martin faz shakedown com AMR23 em Silverstone \u00e0s v\u00e9speras de teste no Bahrein"},"content":{"rendered":"\n<p class=\"wp-block-paragraph\">A <strong>Aston Martin <\/strong>aproveitou a quarta-feira (15) para completar um <strong>shakedown <\/strong>com o <strong><a href=\"https:\/\/www.grandepremio.com\/br\/f1\/noticias\/aston-martin-ousa-e-apresenta-amr23-de-design-arrojado-para-temporada-2023-da-f1\/\" class=\"ek-link\">AMR23<\/a> <\/strong>em <strong>Silverstone<\/strong>, na Inglaterra. Pelo regulamento da<strong> F\u00f3rmula 1<\/strong>, as equipes est\u00e3o liberadas para um dia de filmagens, mas com um total de 100 km com os dois pilotos.<\/p>\n\n\n\n<p class=\"wp-block-paragraph\">No caso da Aston Martin, tanto <strong>Fernando Alonso <\/strong>quanto <strong>Lance Stroll <\/strong>tiveram a oportunidade de guiar o novo carro no tra\u00e7ado ingl\u00eas, com o canadense recebendo a honra de estrear o carro.<\/p>\n\n\n\n<figure class=\"wp-block-image size-large\"><img decoding=\"async\" src=\"https:\/\/www.grandepremio.com\/br\/wp-content\/uploads\/2023\/02\/F1-2023-Aston-Martin-Inglaterra-Silverstone-Shakedown-Lance-Stroll-1024x426.jpg\" alt=\"\" class=\"wp-image-652625\"\/><figcaption>Lance Stroll foi quem estreou o carro de 2023 da Aston Martin (Foto: Aston Martin)<\/figcaption><\/figure>\n\n\n\n<p class=\"wp-block-paragraph\"><strong>\u25b6\ufe0f\u00a0Inscreva-se nos dois canais do GRANDE PR\u00caMIO no YouTube:\u00a0<a href=\"https:\/\/www.youtube.com\/channel\/UC9OlHEgxoaY6QY6nWPoiqQg?sub_confirmation=1\" target=\"_blank\" rel=\"noreferrer noopener\">GP<\/a>\u00a0|\u00a0<a href=\"https:\/\/www.youtube.com\/channel\/UC9csiS6q_C3C0FYhyr1rnFA?sub_confirmation=1\" target=\"_blank\" rel=\"noreferrer noopener\">GP2<\/a><\/strong><br><strong>\u25b6\ufe0f\u00a0<a href=\"https:\/\/www.twitch.tv\/grandepremio\" target=\"_blank\" rel=\"noreferrer noopener\">Conhe\u00e7a o canal do GRANDE PR\u00caMIO na Twitch clicando aqui!<\/a><\/strong><\/p>\n\n\n\n<p class=\"wp-block-paragraph\">\u201cSair com o AMR23 pela primeira vez foi um momento muito especial e o carro pareceu bom\u201d, disse Stroll. \u201cTudo estava funcionando conforme esperado e rodando suave, o que \u00e9 o mais importante enquanto nos preparamos para o teste no Bahrein\u201d, seguiu.<\/p>\n\n\n\n<p class=\"wp-block-paragraph\">\u201cSabemos que sempre existe muita coisa a ser aprendida no in\u00edcio do ano, mas tivemos um in\u00edcio forte nesta manh\u00e3 e eu realmente curti estar de volta atr\u00e1s do volante\u201d, comemorou. \u201cN\u00e3o h\u00e1 nada como colocar o p\u00e9 direito em um carro de F\u00f3rmula 1 depois de uma longa pausa de inverno\u201d, completou.<\/p>\n\n\n\n<p class=\"wp-block-paragraph\">Alonso tamb\u00e9m se mostrou animado com o primeiro contato com o carro, mas, mais ainda, pelo teste em <strong>Sakhir<\/strong>, quando ter\u00e1 a chance de ver n\u00e3o s\u00f3 a performance da Aston Martin, mas tamb\u00e9m das demais equipes do grid.<\/p>\n\n\n\n<p class=\"wp-block-paragraph\">\u201cFoi um bom dia e eu curti guiar o AMR23 pela primeira vez\u201d, comentou Alonso. \u201c\u00c9 bom voltar e sentir a velocidade de um F\u00f3rmula 1 depois de um tempo distante\u201d, continuou.<\/p>\n\n\n\n<p class=\"wp-block-paragraph\">\u201cCompletamos muitas coisas hoje, pois \u00e9 um dia de filmagens e cumprimos nosso plano de maneira suave. Agora s\u00f3 temos de esperar at\u00e9 o teste da pr\u00f3xima semana, conheceremos melhor o nosso carro e saber onde est\u00e1 a competi\u00e7\u00e3o depois do inverno\u201d, ponderou. \u201cS\u00f3 temos um dia e meio para atingir a velocidade de tudo no Bahrein, ent\u00e3o temos de maximizar o tempo que temos no carro\u201d, observou.<\/p>\n\n\n\n<p class=\"wp-block-paragraph\">Os testes de <strong>pr\u00e9-temporada<\/strong> acontecem entre 23 e 25 de fevereiro, no Bahrein. J\u00e1 o campeonato come\u00e7a em 5 de mar\u00e7o, tamb\u00e9m em Sakhir.<\/p>\n\n\n\n<figure class=\"wp-block-embed is-type-video is-provider-youtube wp-block-embed-youtube wp-embed-aspect-16-9 wp-has-aspect-ratio\"><div class=\"wp-block-embed__wrapper\">\n<iframe loading=\"lazy\" title=\"P*CA PRA CIMA! LECLERC QUER O T\u00cdTULO DA F1 J\u00c1 | GP \u00e0s 10\" width=\"500\" height=\"281\" src=\"https:\/\/www.youtube.com\/embed\/Oil51xMcBdw?feature=oembed\" frameborder=\"0\" allow=\"accelerometer; autoplay; clipboard-write; encrypted-media; gyroscope; picture-in-picture; web-share\" referrerpolicy=\"strict-origin-when-cross-origin\" allowfullscreen><\/iframe>\n<\/div><\/figure>\n","protected":false},"excerpt":{"rendered":"<p>Coube a Lance Stroll a miss\u00e3o de debutar o AMR23 da Aston Martin no tra\u00e7ado ingl\u00eas em um dia de filmagens na quarta-feira (15)<\/p>\n","protected":false},"author":0,"featured_media":1000652622,"comment_status":"closed","ping_status":"closed","sticky":false,"template":"","format":"standard","meta":{"42wp_featured_image_caption":"","42wp_featured_image_credits":"","42wp_featured_video":"","42wp_featured_image_hidden":false,"42wp_authors_list":[],"footnotes":""},"categories":[2],"tags":[33218,309,147,6533,176,180,30722,33465,28285,485,33467,372,3632],"42wp_author":[47113],"class_list":["post-105531","post","type-post","status-publish","format-standard","has-post-thumbnail","hentry","category-f1","tag-amr23","tag-aston-martin","tag-f1","tag-f1-2023","tag-fernando-alonso","tag-formula-1","tag-formula-1-2023","tag-formula-1-classificacao-2023","tag-grandepremio","tag-lance-stroll","tag-onde-assistir-f1-2023","tag-shakedown","tag-silverstone","42wp_author-juliana-tesser"],"_links":{"self":[{"href":"https:\/\/grandepremio.com\/br\/wp-json\/wp\/v2\/posts\/105531","targetHints":{"allow":["GET"]}}],"collection":[{"href":"https:\/\/grandepremio.com\/br\/wp-json\/wp\/v2\/posts"}],"about":[{"href":"https:\/\/grandepremio.com\/br\/wp-json\/wp\/v2\/types\/post"}],"replies":[{"embeddable":true,"href":"https:\/\/grandepremio.com\/br\/wp-json\/wp\/v2\/comments?post=105531"}],"version-history":[{"count":0,"href":"https:\/\/grandepremio.com\/br\/wp-json\/wp\/v2\/posts\/105531\/revisions"}],"wp:featuredmedia":[{"embeddable":true,"href":"https:\/\/grandepremio.com\/br\/wp-json\/wp\/v2\/media\/1000652622"}],"wp:attachment":[{"href":"https:\/\/grandepremio.com\/br\/wp-json\/wp\/v2\/media?parent=105531"}],"wp:term":[{"taxonomy":"category","embeddable":true,"href":"https:\/\/grandepremio.com\/br\/wp-json\/wp\/v2\/categories?post=105531"},{"taxonomy":"post_tag","embeddable":true,"href":"https:\/\/grandepremio.com\/br\/wp-json\/wp\/v2\/tags?post=105531"},{"taxonomy":"42wp_author","embeddable":true,"href":"https:\/\/grandepremio.com\/br\/wp-json\/wp\/v2\/42wp_author?post=105531"}],"curies":[{"name":"wp","href":"https:\/\/api.w.org\/{rel}","templated":true}]}}